{"id":336465,"date":"2024-09-14T08:49:00","date_gmt":"2024-09-14T11:49:00","guid":{"rendered":"https:\/\/www.notibras.com\/site\/?p=336465"},"modified":"2024-09-14T08:50:53","modified_gmt":"2024-09-14T11:50:53","slug":"chope-pra-distrair-de-diniz-sai-de-cena-e-entra-vamos-fugir-baby-de-gil","status":"publish","type":"post","link":"https:\/\/www.notibras.com\/site\/chope-pra-distrair-de-diniz-sai-de-cena-e-entra-vamos-fugir-baby-de-gil\/","title":{"rendered":"Chope &#8216;pra distrair&#8217;, de Diniz, sai de cena e entra &#8216;Vamos fugir, baby&#8217;, de Gil"},"content":{"rendered":"<p>Quando menino, imaginava que a noite era dos adultos. Por isso, n\u00e3o estranhava quando meus irm\u00e3os mais velhos iam dormir mais tarde, enquanto o sono sempre me pegava antes das 20h. O tempo passou e meus vinte e poucos anos me pegaram de surpresa. Pois \u00e9, eu havia me tornado adulto e cheio de responsabilidades.<\/p>\n<p>Meus amigos, animados para esticar as horas ap\u00f3s mais um dia de trabalho, quase sempre conseguiam me arrastar para um bar. Quando me dava conta da situa\u00e7\u00e3o, o des\u00e2nimo e o sono invadiam todo o meu ser. Era um mart\u00edrio manter os olhos abertos, enquanto aquele turbilh\u00e3o de vozes ecoava pelo ambiente. Afinal, o que eu estava fazendo naquele lugar? E bastava a simples men\u00e7\u00e3o de que eu iria embora para que um dos meus colegas gritasse para o gar\u00e7om: &#8220;Chefe, mais uma rodada! E sem colarinho!&#8221;<\/p>\n<p>Com o ac\u00famulo de noites em claro, percebi que aquela tentativa de me enturmar com os not\u00edvagos era algo incompat\u00edvel com o meu rel\u00f3gio biol\u00f3gico. E foi justamente numa sexta-feira, in\u00edcio de m\u00eas, quando todos est\u00e1vamos com dinheiro na conta, a mesa do bar lotada de tulipas, tira-gostos diversos, que, sem avisar, resolvi me levantar e rumar para o \u00fanico local que, \u00e0quela hora da quase madrugada, desejava estar: minha cama.<\/p>\n<p>Lembro-me dos apelos do Paulo e do Juli\u00e3o, que n\u00e3o entendiam como \u00e9 que eu poderia ir embora, justamente quando o R\u00f4mulo, nosso chefe, come\u00e7ava mais um dos seus embriagados discursos. Ademais, a R\u00fabia, a colega mais desejada do ambiente, parecia arrastar asa para mim. Mal sabiam que ela estava t\u00e3o interessada em mim quanto uma on\u00e7a por uma salada de alface e tomate. Como sei disso? Bem, a pr\u00f3pria R\u00fabia me confidenciou que, ap\u00f3s algumas desilus\u00f5es amorosas, andava de caso com seu vizinho de porta, no pr\u00e9dio de uma quadra da Asa Norte para onde havia se mudado h\u00e1 pouco.<\/p>\n<p>N\u00e3o quero me prolongar nesse romance da minha amiga. No entanto, vale aqui mencionar que o gajo era rec\u00e9m-casado e que, ap\u00f3s alguns meses de lux\u00faria, a coisa esfriou. Cada um foi para o seu lado e, at\u00e9 onde sei, a esposa do amante n\u00e3o descobriu a trai\u00e7\u00e3o.<\/p>\n<p>Mas como disse, logo que me levantei, cumprimentei os presentes com um leve movimento de cabe\u00e7a e sa\u00ed. Enquanto me afastava, minha mente foi se sentindo mais aliviada com o barulho diminuindo at\u00e9 que, ao entrar no carro, o murmurinho se tornou m\u00fasica na voz do Gil: &#8220;Vamos fugir deste lugar, baby&#8230;&#8221;<\/p>\n<p>Desde aquele long\u00ednquo dia no bar, nunca mais me deixei levar pelos convites, por mais insistentes que fossem, dos meus amigos. Eles sabem que sou esquisito, que n\u00e3o gosto de trocar a noite pelo dia. Durmo com as galinhas, enquanto eles passam as noites com as corujas. No entanto, parece que eles perceberam algo naquela \u00faltima noite, que, at\u00e9 h\u00e1 pouco, n\u00e3o havia sido captado pelo meu radar. \u00c9 que estou aqui na cozinha preparando o caf\u00e9 da manh\u00e3 para a R\u00fabia, que ainda adormece sob os len\u00e7\u00f3is da cama no quarto ao lado.<\/p>\n<p><strong>*Eduardo Mart\u00ednez \u00e9 autor do livro \u201c57 Contos e Cr\u00f4nicas por um Autor muito Velho\u201d.<\/strong><\/p>\n<p>Compre aqui\u00a0<span class=\"x19la9d6 x1fc57z9 x6ikm8r x10wlt62 x19co3pv x1g5zs5t xfibh0p xiy17q3 x1xsqp64 x1lkfr7t xexx8yu x4uap5 x18d9i69 xkhd6sd\"><span class=\"xrtxmta x1bhl96m\"><img decoding=\"async\" class=\"emoji\" role=\"img\" draggable=\"false\" src=\"https:\/\/s.w.org\/images\/core\/emoji\/14.0.0\/svg\/1f447-1f3ff.svg\" alt=\"&#x1f447;&#x1f3ff;\" \/><\/span><\/span><span class=\"x19la9d6 x1fc57z9 x6ikm8r x10wlt62 x19co3pv x1g5zs5t xfibh0p xiy17q3 x1xsqp64 x1lkfr7t xexx8yu x4uap5 x18d9i69 xkhd6sd\"><span class=\"xrtxmta x1bhl96m\"><img decoding=\"async\" class=\"emoji\" role=\"img\" draggable=\"false\" src=\"https:\/\/s.w.org\/images\/core\/emoji\/14.0.0\/svg\/1f447-1f3ff.svg\" alt=\"&#x1f447;&#x1f3ff;\" \/><\/span><\/span><span class=\"x19la9d6 x1fc57z9 x6ikm8r x10wlt62 x19co3pv x1g5zs5t xfibh0p xiy17q3 x1xsqp64 x1lkfr7t xexx8yu x4uap5 x18d9i69 xkhd6sd\"><span class=\"xrtxmta x1bhl96m\"><img decoding=\"async\" class=\"emoji\" role=\"img\" draggable=\"false\" src=\"https:\/\/s.w.org\/images\/core\/emoji\/14.0.0\/svg\/1f447-1f3ff.svg\" alt=\"&#x1f447;&#x1f3ff;\" \/><\/span><\/span><\/p>\n<p><a href=\"http:\/\/www.joanineditora.com.br\/57-contos-e-cronicas-por-um-autor-muito-velho\">http:\/\/www.joanineditora.com.br\/57-contos-e-cronicas-por-um-autor-muito-velho<\/a><\/p>\n<div id=\"wpdevar_comment_4\"><\/div>\n","protected":false},"excerpt":{"rendered":"<p>Quando menino, imaginava que a noite era dos adultos. Por isso, n\u00e3o estranhava quando meus irm\u00e3os mais velhos iam dormir mais tarde, enquanto o sono sempre me pegava antes das 20h. O tempo passou e meus vinte e poucos anos me pegaram de surpresa. Pois \u00e9, eu havia me tornado adulto e cheio de responsabilidades. [&hellip;]<\/p>\n","protected":false},"author":2,"featured_media":336466,"comment_status":"closed","ping_status":"closed","sticky":false,"template":"","format":"standard","meta":{"_acf_changed":false,"footnotes":""},"categories":[161],"tags":[],"class_list":["post-336465","post","type-post","status-publish","format-standard","has-post-thumbnail","hentry","category-quadradinho-em-foco"],"acf":[],"_links":{"self":[{"href":"https:\/\/www.notibras.com\/site\/wp-json\/wp\/v2\/posts\/336465","targetHints":{"allow":["GET"]}}],"collection":[{"href":"https:\/\/www.notibras.com\/site\/wp-json\/wp\/v2\/posts"}],"about":[{"href":"https:\/\/www.notibras.com\/site\/wp-json\/wp\/v2\/types\/post"}],"author":[{"embeddable":true,"href":"https:\/\/www.notibras.com\/site\/wp-json\/wp\/v2\/users\/2"}],"replies":[{"embeddable":true,"href":"https:\/\/www.notibras.com\/site\/wp-json\/wp\/v2\/comments?post=336465"}],"version-history":[{"count":3,"href":"https:\/\/www.notibras.com\/site\/wp-json\/wp\/v2\/posts\/336465\/revisions"}],"predecessor-version":[{"id":336469,"href":"https:\/\/www.notibras.com\/site\/wp-json\/wp\/v2\/posts\/336465\/revisions\/336469"}],"wp:featuredmedia":[{"embeddable":true,"href":"https:\/\/www.notibras.com\/site\/wp-json\/wp\/v2\/media\/336466"}],"wp:attachment":[{"href":"https:\/\/www.notibras.com\/site\/wp-json\/wp\/v2\/media?parent=336465"}],"wp:term":[{"taxonomy":"category","embeddable":true,"href":"https:\/\/www.notibras.com\/site\/wp-json\/wp\/v2\/categories?post=336465"},{"taxonomy":"post_tag","embeddable":true,"href":"https:\/\/www.notibras.com\/site\/wp-json\/wp\/v2\/tags?post=336465"}],"curies":[{"name":"wp","href":"https:\/\/api.w.org\/{rel}","templated":true}]}}