{"id":336470,"date":"2024-09-14T00:00:47","date_gmt":"2024-09-14T03:00:47","guid":{"rendered":"https:\/\/www.notibras.com\/site\/?p=336470"},"modified":"2024-09-14T08:59:22","modified_gmt":"2024-09-14T11:59:22","slug":"operacao-fiscaliza-e-multa-veiculos-por-uso-indevido-de-vagas-especiais","status":"publish","type":"post","link":"https:\/\/www.notibras.com\/site\/operacao-fiscaliza-e-multa-veiculos-por-uso-indevido-de-vagas-especiais\/","title":{"rendered":"Opera\u00e7\u00e3o fiscaliza e multa ve\u00edculos por uso indevido de vagas especiais"},"content":{"rendered":"<p>O Detran realizou nesta sexta-feira (13), uma opera\u00e7\u00e3o de fiscaliza\u00e7\u00e3o em \u00c1guas Claras para orientar a popula\u00e7\u00e3o sobre o uso adequado das credenciais de estacionamento e combater infra\u00e7\u00f5es relacionadas ao estacionamento irregular em \u00e1reas p\u00fablicas. A a\u00e7\u00e3o, que ocorreu em pontos estrat\u00e9gicos da cidade, resultou na identifica\u00e7\u00e3o e autua\u00e7\u00e3o de diversas irregularidades pelos agentes de tr\u00e2nsito.<\/p>\n<p>Demandas recebidas pela Ouvidoria do Detran-DF serviram como ponto de partida para mapear os locais mais cr\u00edticos, onde as infra\u00e7\u00f5es de estacionamento em vagas destinadas a idosos e pessoas com defici\u00eancia ocorriam com maior frequ\u00eancia.<\/p>\n<p>Tr\u00eas ve\u00edculos foram autuados por estacionarem em vagas reservadas para pessoas com defici\u00eancia (PCD) e idosos sem a devida autoriza\u00e7\u00e3o ou credencial. A infra\u00e7\u00e3o de estacionar nessas vagas sem o cart\u00e3o de identifica\u00e7\u00e3o apropriado resulta em uma multa de R$ 293,47, caracteriza-se como infra\u00e7\u00e3o grav\u00edssima, com o registro de sete pontos na CNH, al\u00e9m da possibilidade de remo\u00e7\u00e3o do ve\u00edculo.<\/p>\n<p>No total, foram registradas 22 autua\u00e7\u00f5es de estacionamento irregular em outras \u00e1reas, como vias p\u00fablicas e cal\u00e7adas.<\/p>\n<p>Em um caso espec\u00edfico, uma motocicleta foi removida por estar estacionada sobre uma guia rebaixada, reservada para pessoas com defici\u00eancia. Ao consultar o sistema de dados, verificou-se que a motocicleta, al\u00e9m de n\u00e3o licenciada, acumulava mais de R$ 7 mil em multas. O ve\u00edculo foi encaminhado para o dep\u00f3sito de Taguatinga e o propriet\u00e1rio recebeu orienta\u00e7\u00e3o sobre os procedimentos necess\u00e1rios para a libera\u00e7\u00e3o do ve\u00edculo.<\/p>\n<p>A opera\u00e7\u00e3o em \u00c1guas Claras faz parte de uma s\u00e9rie de iniciativas do Detran-DF destinadas a melhorar a fluidez do tr\u00e2nsito e promover a conscientiza\u00e7\u00e3o dos motoristas sobre a import\u00e2ncia do cumprimento das normas de estacionamento. O \u00f3rg\u00e3o informa que as fiscaliza\u00e7\u00f5es continuar\u00e3o em diversas regi\u00f5es do DF, com o objetivo de reduzir infra\u00e7\u00f5es e otimizar o tr\u00e1fego nas vias p\u00fablicas.<\/p>\n<p>Entre janeiro e agosto de 2024 foram registradas 108.451 infra\u00e7\u00f5es relacionadas a estacionamento irregular no Distrito Federal. Esses dados incluem o total de autua\u00e7\u00f5es realizadas pelo Detran, DER-DF e PMDF.<\/p>\n<p>O Detran-DF emite as credenciais para idoso, pessoas com defici\u00eancia e autistas. Para mais informa\u00e7\u00f5es, acesse o site www.detran.df.gov.br ou o App Detran-DF Digital.<\/p>\n","protected":false},"excerpt":{"rendered":"<p>O Detran realizou nesta sexta-feira (13), uma opera\u00e7\u00e3o de fiscaliza\u00e7\u00e3o em \u00c1guas Claras para orientar a popula\u00e7\u00e3o sobre o uso adequado das credenciais de estacionamento e combater infra\u00e7\u00f5es relacionadas ao estacionamento irregular em \u00e1reas p\u00fablicas. A a\u00e7\u00e3o, que ocorreu em pontos estrat\u00e9gicos da cidade, resultou na identifica\u00e7\u00e3o e autua\u00e7\u00e3o de diversas irregularidades pelos agentes de [&hellip;]<\/p>\n","protected":false},"author":2,"featured_media":336471,"comment_status":"closed","ping_status":"closed","sticky":false,"template":"","format":"standard","meta":{"_acf_changed":false,"footnotes":""},"categories":[161],"tags":[],"class_list":["post-336470","post","type-post","status-publish","format-standard","has-post-thumbnail","hentry","category-quadradinho-em-foco"],"acf":[],"_links":{"self":[{"href":"https:\/\/www.notibras.com\/site\/wp-json\/wp\/v2\/posts\/336470","targetHints":{"allow":["GET"]}}],"collection":[{"href":"https:\/\/www.notibras.com\/site\/wp-json\/wp\/v2\/posts"}],"about":[{"href":"https:\/\/www.notibras.com\/site\/wp-json\/wp\/v2\/types\/post"}],"author":[{"embeddable":true,"href":"https:\/\/www.notibras.com\/site\/wp-json\/wp\/v2\/users\/2"}],"replies":[{"embeddable":true,"href":"https:\/\/www.notibras.com\/site\/wp-json\/wp\/v2\/comments?post=336470"}],"version-history":[{"count":1,"href":"https:\/\/www.notibras.com\/site\/wp-json\/wp\/v2\/posts\/336470\/revisions"}],"predecessor-version":[{"id":336472,"href":"https:\/\/www.notibras.com\/site\/wp-json\/wp\/v2\/posts\/336470\/revisions\/336472"}],"wp:featuredmedia":[{"embeddable":true,"href":"https:\/\/www.notibras.com\/site\/wp-json\/wp\/v2\/media\/336471"}],"wp:attachment":[{"href":"https:\/\/www.notibras.com\/site\/wp-json\/wp\/v2\/media?parent=336470"}],"wp:term":[{"taxonomy":"category","embeddable":true,"href":"https:\/\/www.notibras.com\/site\/wp-json\/wp\/v2\/categories?post=336470"},{"taxonomy":"post_tag","embeddable":true,"href":"https:\/\/www.notibras.com\/site\/wp-json\/wp\/v2\/tags?post=336470"}],"curies":[{"name":"wp","href":"https:\/\/api.w.org\/{rel}","templated":true}]}}