{"id":336544,"date":"2024-09-15T11:05:31","date_gmt":"2024-09-15T14:05:31","guid":{"rendered":"https:\/\/www.notibras.com\/site\/?p=336544"},"modified":"2024-09-15T11:07:15","modified_gmt":"2024-09-15T14:07:15","slug":"yasmin-sabe-diferenciar-traicao-de-fuga-cabulosa","status":"publish","type":"post","link":"https:\/\/www.notibras.com\/site\/yasmin-sabe-diferenciar-traicao-de-fuga-cabulosa\/","title":{"rendered":"Yasmin sabe diferenciar trai\u00e7\u00e3o de fuga cabulosa"},"content":{"rendered":"<p>Yasmin, no alto dos seus quase 12 anos, que seriam completados dali a uma semana, parecia respirar sapi\u00eancia quando lan\u00e7ava aquele olhar arguto. Salete, a m\u00e3e, sabia que, apesar da capacidade perceptiva da filha, ela ainda era uma crian\u00e7a. Tanto \u00e9 que procurava segurar a l\u00edngua para n\u00e3o falar al\u00e9m do necess\u00e1rio.<\/p>\n<p>\u00c9 verdade que Yasmin j\u00e1 sabia de cor uma penca de palavr\u00f5es, a maioria aprendida assistindo aos embates da genitora nas reuni\u00f5es com as amigas da igreja. Religiosa que era, Salete j\u00e1 havia perdido as esperan\u00e7as de tornar o pr\u00f3prio vocabul\u00e1rio mais limpo. N\u00e3o por acaso, o povo costumava falar que o seu corpo podia pertencer ao Senhor, mas a l\u00edngua certamente era do pr\u00f3prio Capeta.<\/p>\n<p>Apesar de tantas palavras feias, Salete se viu em uma encruzilhada. \u00c9 que uma das primas, a Lorena, largou o marido e fugiu com outro. Ali\u00e1s, n\u00e3o fugiu por fugir, como se o problema fosse apenas a trai\u00e7\u00e3o. Essa parte \u00e9 at\u00e9 irrelevante, tamanho o n\u00famero de casos de trocas de maridos e esposas na fam\u00edlia. O caso era outro.<\/p>\n<p>Salete, tentando proteger a pequena Yasmin de algo que pudesse abal\u00e1-la psicologicamente, n\u00e3o deixava que essa conversa chegasse aos ouvidos da filha. Mas eis que no domingo, justamente ap\u00f3s o pastor liberar os fi\u00e9is, juntou-se aquele mundar\u00e9u de gente ao redor da Salete, que estava acompanhada da filha e do marido.<\/p>\n<p>\u2014 Salete, minha amiga, cad\u00ea a Lorena que nunca mais deu as caras?<\/p>\n<p>\u2014 Viajou.<\/p>\n<p>\u2014 Viajou ou fugiu?<\/p>\n<p>\u2014 Gilda, por favor, em nome de Jesus, vamos mudar de assunto.<\/p>\n<p>\u2014 Mam\u00e3e, o que aconteceu com a Lorena?<\/p>\n<p>\u2014 Yasmin, minha filha, ela foi viajar.<\/p>\n<p>\u2014 Ih, Salete, mentindo para a crian\u00e7a?<\/p>\n<p>\u2014 Gilda, v\u00e1 cuidar da sua vida, e me deixa cuidar da minha filha.<\/p>\n<p>\u2014 Salete, se voc\u00ea n\u00e3o quer contar, eu conto. Olha, Yasmin, a Lorena fugiu porque se juntou com um cara que matou um homem e est\u00e1 foragido. \u00c9 isso! Pronto! Contei!<\/p>\n<p>Salete, com fogo nos olhos, j\u00e1 queria partir para cima da Gilda. No entanto, a pequena Yasmin, na maior naturalidade, parece que conseguiu apaziguar a situa\u00e7\u00e3o.<\/p>\n<p>\u2014 Ah, \u00e9 isso? Pensei que fosse algo cabuloso.<\/p>\n<p><strong>*Eduardo Mart\u00ednez \u00e9 autor do livro \u201c57 Contos e Cr\u00f4nicas por um Autor muito Velho\u201d.<\/strong><\/p>\n<p>Compre aqui\u00a0<span class=\"x19la9d6 x1fc57z9 x6ikm8r x10wlt62 x19co3pv x1g5zs5t xfibh0p xiy17q3 x1xsqp64 x1lkfr7t xexx8yu x4uap5 x18d9i69 xkhd6sd\"><span class=\"xrtxmta x1bhl96m\"><img decoding=\"async\" class=\"emoji\" role=\"img\" draggable=\"false\" src=\"https:\/\/s.w.org\/images\/core\/emoji\/14.0.0\/svg\/1f447-1f3ff.svg\" alt=\"&#x1f447;&#x1f3ff;\" \/><\/span><\/span><span class=\"x19la9d6 x1fc57z9 x6ikm8r x10wlt62 x19co3pv x1g5zs5t xfibh0p xiy17q3 x1xsqp64 x1lkfr7t xexx8yu x4uap5 x18d9i69 xkhd6sd\"><span class=\"xrtxmta x1bhl96m\"><img decoding=\"async\" class=\"emoji\" role=\"img\" draggable=\"false\" src=\"https:\/\/s.w.org\/images\/core\/emoji\/14.0.0\/svg\/1f447-1f3ff.svg\" alt=\"&#x1f447;&#x1f3ff;\" \/><\/span><\/span><span class=\"x19la9d6 x1fc57z9 x6ikm8r x10wlt62 x19co3pv x1g5zs5t xfibh0p xiy17q3 x1xsqp64 x1lkfr7t xexx8yu x4uap5 x18d9i69 xkhd6sd\"><span class=\"xrtxmta x1bhl96m\"><img decoding=\"async\" class=\"emoji\" role=\"img\" draggable=\"false\" src=\"https:\/\/s.w.org\/images\/core\/emoji\/14.0.0\/svg\/1f447-1f3ff.svg\" alt=\"&#x1f447;&#x1f3ff;\" \/><\/span><\/span><\/p>\n<p><a href=\"http:\/\/www.joanineditora.com.br\/57-contos-e-cronicas-por-um-autor-muito-velho\">http:\/\/www.joanineditora.com.br\/57-contos-e-cronicas-por-um-autor-muito-velho<\/a><\/p>\n<div id=\"wpdevar_comment_4\"><\/div>\n<div id=\"wpdevar_comment_4\"><\/div>\n","protected":false},"excerpt":{"rendered":"<p>Yasmin, no alto dos seus quase 12 anos, que seriam completados dali a uma semana, parecia respirar sapi\u00eancia quando lan\u00e7ava aquele olhar arguto. Salete, a m\u00e3e, sabia que, apesar da capacidade perceptiva da filha, ela ainda era uma crian\u00e7a. Tanto \u00e9 que procurava segurar a l\u00edngua para n\u00e3o falar al\u00e9m do necess\u00e1rio. \u00c9 verdade que [&hellip;]<\/p>\n","protected":false},"author":2,"featured_media":336545,"comment_status":"closed","ping_status":"closed","sticky":false,"template":"","format":"standard","meta":{"_acf_changed":false,"footnotes":""},"categories":[161],"tags":[],"class_list":["post-336544","post","type-post","status-publish","format-standard","has-post-thumbnail","hentry","category-quadradinho-em-foco"],"acf":[],"_links":{"self":[{"href":"https:\/\/www.notibras.com\/site\/wp-json\/wp\/v2\/posts\/336544","targetHints":{"allow":["GET"]}}],"collection":[{"href":"https:\/\/www.notibras.com\/site\/wp-json\/wp\/v2\/posts"}],"about":[{"href":"https:\/\/www.notibras.com\/site\/wp-json\/wp\/v2\/types\/post"}],"author":[{"embeddable":true,"href":"https:\/\/www.notibras.com\/site\/wp-json\/wp\/v2\/users\/2"}],"replies":[{"embeddable":true,"href":"https:\/\/www.notibras.com\/site\/wp-json\/wp\/v2\/comments?post=336544"}],"version-history":[{"count":3,"href":"https:\/\/www.notibras.com\/site\/wp-json\/wp\/v2\/posts\/336544\/revisions"}],"predecessor-version":[{"id":336548,"href":"https:\/\/www.notibras.com\/site\/wp-json\/wp\/v2\/posts\/336544\/revisions\/336548"}],"wp:featuredmedia":[{"embeddable":true,"href":"https:\/\/www.notibras.com\/site\/wp-json\/wp\/v2\/media\/336545"}],"wp:attachment":[{"href":"https:\/\/www.notibras.com\/site\/wp-json\/wp\/v2\/media?parent=336544"}],"wp:term":[{"taxonomy":"category","embeddable":true,"href":"https:\/\/www.notibras.com\/site\/wp-json\/wp\/v2\/categories?post=336544"},{"taxonomy":"post_tag","embeddable":true,"href":"https:\/\/www.notibras.com\/site\/wp-json\/wp\/v2\/tags?post=336544"}],"curies":[{"name":"wp","href":"https:\/\/api.w.org\/{rel}","templated":true}]}}