{"id":336557,"date":"2024-09-15T00:50:05","date_gmt":"2024-09-15T03:50:05","guid":{"rendered":"https:\/\/www.notibras.com\/site\/?p=336557"},"modified":"2024-09-15T11:53:11","modified_gmt":"2024-09-15T14:53:11","slug":"periodo-de-seca-e-queimadas-exige-mais-cuidados-com-saude","status":"publish","type":"post","link":"https:\/\/www.notibras.com\/site\/periodo-de-seca-e-queimadas-exige-mais-cuidados-com-saude\/","title":{"rendered":"Per\u00edodo de seca e queimadas exige mais cuidados com sa\u00fade"},"content":{"rendered":"<p>As condi\u00e7\u00f5es atuais de seca, queimadas e altas temperaturas em boa parte do pa\u00eds levou o Minist\u00e9rio da Sa\u00fade a refor\u00e7ar orienta\u00e7\u00f5es para a prote\u00e7\u00e3o dos brasileiros.<\/p>\n<p>Em \u00e1reas onde h\u00e1 dificuldade de acesso \u00e0 \u00e1gua pot\u00e1vel, por exemplo, existe o risco de desidrata\u00e7\u00e3o. E a fuma\u00e7a das queimadas pode levar a quadros de doen\u00e7as respirat\u00f3rias.<\/p>\n<p>As orienta\u00e7\u00f5es para a popula\u00e7\u00e3o s\u00e3o: aumentar a ingest\u00e3o de \u00e1gua e procurar locais frescos; evitar atividades f\u00edsicas em \u00e1reas abertas; n\u00e3o ficar pr\u00f3ximo dos focos de queimadas e procurar atendimento m\u00e9dico em caso de n\u00e1useas, v\u00f4mitos, febres, falta de ar, tontura, confus\u00e3o mental ou dores intensas de cabe\u00e7a, no peito ou abd\u00f4men.<\/p>\n<p>Neste s\u00e1bado (14), a Sociedade Brasileira de Pneumologia e Tisiologia tamb\u00e9m ampliou recomenda\u00e7\u00f5es \u00e0 popula\u00e7\u00e3o dado o aumento das concentra\u00e7\u00f5es de poluentes no ar.<\/p>\n<p>O documento cita registros de polui\u00e7\u00e3o decorrentes de inc\u00eandios florestais na regi\u00e3o Norte, principalmente nos estados do Amazonas, Rond\u00f4nia e Acre; em todo Centro-Oeste, Sul e Sudeste.<\/p>\n<p><strong>Cuidados<\/strong><br \/>\nA entidade explica que h\u00e1 aumento do risco de infec\u00e7\u00f5es respirat\u00f3rias para os seguintes grupos: crian\u00e7as de at\u00e9 2 anos, idosos com 65 anos ou mais e pessoas com doen\u00e7as metab\u00f3licas e cardiovasculares, e imunocomprometidas.<\/p>\n<p>Nesses casos, al\u00e9m da hidrata\u00e7\u00e3o, \u00e9 recomend\u00e1vel o uso de m\u00e1scaras, se poss\u00edvel N95 ou PFF1, 2 ou 3, que s\u00e3o mais eficazes que as cir\u00fargicas; permanecer o maior tempo poss\u00edvel no interior das casas e com as janelas fechadas; al\u00e9m de evitar atividades f\u00edsicas.<\/p>\n<p>Pessoas sem comorbidades ou fora dos grupos considerados de risco devem evitar exerc\u00edcios f\u00edsicos ao ar livre e o tempo da atividade n\u00e3o deve exceder 30 minutos; os especialistas tamb\u00e9m recomendam uso de m\u00e1scara em ambientes externos.<\/p>\n<p>Para melhorar o interior das resid\u00eancias, umidificar o ambiente com toalhas molhadas ou umidificadores e manter o local limpo. Sempre utilizar panos \u00famidos ou aspiradores para a limpeza e n\u00e3o vassouras.<\/p>\n","protected":false},"excerpt":{"rendered":"<p>As condi\u00e7\u00f5es atuais de seca, queimadas e altas temperaturas em boa parte do pa\u00eds levou o Minist\u00e9rio da Sa\u00fade a refor\u00e7ar orienta\u00e7\u00f5es para a prote\u00e7\u00e3o dos brasileiros. Em \u00e1reas onde h\u00e1 dificuldade de acesso \u00e0 \u00e1gua pot\u00e1vel, por exemplo, existe o risco de desidrata\u00e7\u00e3o. E a fuma\u00e7a das queimadas pode levar a quadros de doen\u00e7as [&hellip;]<\/p>\n","protected":false},"author":2,"featured_media":336558,"comment_status":"closed","ping_status":"closed","sticky":false,"template":"","format":"standard","meta":{"_acf_changed":false,"footnotes":""},"categories":[161],"tags":[],"class_list":["post-336557","post","type-post","status-publish","format-standard","has-post-thumbnail","hentry","category-quadradinho-em-foco"],"acf":[],"_links":{"self":[{"href":"https:\/\/www.notibras.com\/site\/wp-json\/wp\/v2\/posts\/336557","targetHints":{"allow":["GET"]}}],"collection":[{"href":"https:\/\/www.notibras.com\/site\/wp-json\/wp\/v2\/posts"}],"about":[{"href":"https:\/\/www.notibras.com\/site\/wp-json\/wp\/v2\/types\/post"}],"author":[{"embeddable":true,"href":"https:\/\/www.notibras.com\/site\/wp-json\/wp\/v2\/users\/2"}],"replies":[{"embeddable":true,"href":"https:\/\/www.notibras.com\/site\/wp-json\/wp\/v2\/comments?post=336557"}],"version-history":[{"count":2,"href":"https:\/\/www.notibras.com\/site\/wp-json\/wp\/v2\/posts\/336557\/revisions"}],"predecessor-version":[{"id":336560,"href":"https:\/\/www.notibras.com\/site\/wp-json\/wp\/v2\/posts\/336557\/revisions\/336560"}],"wp:featuredmedia":[{"embeddable":true,"href":"https:\/\/www.notibras.com\/site\/wp-json\/wp\/v2\/media\/336558"}],"wp:attachment":[{"href":"https:\/\/www.notibras.com\/site\/wp-json\/wp\/v2\/media?parent=336557"}],"wp:term":[{"taxonomy":"category","embeddable":true,"href":"https:\/\/www.notibras.com\/site\/wp-json\/wp\/v2\/categories?post=336557"},{"taxonomy":"post_tag","embeddable":true,"href":"https:\/\/www.notibras.com\/site\/wp-json\/wp\/v2\/tags?post=336557"}],"curies":[{"name":"wp","href":"https:\/\/api.w.org\/{rel}","templated":true}]}}