{"id":336565,"date":"2024-09-15T15:00:54","date_gmt":"2024-09-15T18:00:54","guid":{"rendered":"https:\/\/www.notibras.com\/site\/?p=336565"},"modified":"2024-09-15T18:23:10","modified_gmt":"2024-09-15T21:23:10","slug":"novo-incendio-acaba-com-a-velha-mata-virgem-do-parque-da-agua-mineral","status":"publish","type":"post","link":"https:\/\/www.notibras.com\/site\/novo-incendio-acaba-com-a-velha-mata-virgem-do-parque-da-agua-mineral\/","title":{"rendered":"Novo inc\u00eandio acaba com a velha mata virgem do Parque da \u00c1gua Mineral"},"content":{"rendered":"<p>Um inc\u00eandio de grandes propor\u00e7\u00f5es atingiu o Parque Nacional de Bras\u00edlia neste domingo (15). Segundo o Corpo de Bombeiros do Distrito Federal, a ocorr\u00eancia foi recebida \u00e0s 11h24. Sete caminh\u00f5es e uma aeronave de asa fixa foram acionadas no combate \u00e0s chamas.<\/p>\n<p>De acordo com os bombeiros, ainda n\u00e3o \u00e9 poss\u00edvel estimar a \u00e1rea afetada. V\u00eddeos postados nas redes sociais mostram que as chamas come\u00e7aram pr\u00f3ximo \u00e0 Estrada Parque ind\u00fastria e Abastecimento (Epia), entre a Granja do Torto e a \u00c1gua Mineral.<\/p>\n<p>O \u00faltimo grande inc\u00eandio no Parque Nacional de Bras\u00edlia foi registrado em 2022. Na ocasi\u00e3o, o fogo consumiu 7,7 mil hectares, o equivalente a 20% da \u00e1rea. As chamas chegaram perto do reservat\u00f3rio de Santa Maria, o segundo maior do Distrito Federal e que abastece o Plano Piloto, a \u00e1rea central de Bras\u00edlia.<\/p>\n<p>H\u00e1 uma semana, o Distrito Federal registrou grande inc\u00eandio na Floresta Nacional de Bras\u00edlia (Flona). Em cinco dias, as chamas consumiram 2.586 hectares, equivalente a 45,85% da unidade de conserva\u00e7\u00e3o. Segundo o Instituto Chico Mendes de Conserva\u00e7\u00e3o da Biodiversidade (ICMBio), foi o pior inc\u00eandio no local nos \u00faltimos dez anos.<\/p>\n","protected":false},"excerpt":{"rendered":"<p>Um inc\u00eandio de grandes propor\u00e7\u00f5es atingiu o Parque Nacional de Bras\u00edlia neste domingo (15). Segundo o Corpo de Bombeiros do Distrito Federal, a ocorr\u00eancia foi recebida \u00e0s 11h24. Sete caminh\u00f5es e uma aeronave de asa fixa foram acionadas no combate \u00e0s chamas. De acordo com os bombeiros, ainda n\u00e3o \u00e9 poss\u00edvel estimar a \u00e1rea afetada. [&hellip;]<\/p>\n","protected":false},"author":2,"featured_media":336566,"comment_status":"closed","ping_status":"closed","sticky":false,"template":"","format":"standard","meta":{"_acf_changed":false,"footnotes":""},"categories":[161],"tags":[95],"class_list":["post-336565","post","type-post","status-publish","format-standard","has-post-thumbnail","hentry","category-quadradinho-em-foco","tag-capa"],"acf":[],"_links":{"self":[{"href":"https:\/\/www.notibras.com\/site\/wp-json\/wp\/v2\/posts\/336565","targetHints":{"allow":["GET"]}}],"collection":[{"href":"https:\/\/www.notibras.com\/site\/wp-json\/wp\/v2\/posts"}],"about":[{"href":"https:\/\/www.notibras.com\/site\/wp-json\/wp\/v2\/types\/post"}],"author":[{"embeddable":true,"href":"https:\/\/www.notibras.com\/site\/wp-json\/wp\/v2\/users\/2"}],"replies":[{"embeddable":true,"href":"https:\/\/www.notibras.com\/site\/wp-json\/wp\/v2\/comments?post=336565"}],"version-history":[{"count":2,"href":"https:\/\/www.notibras.com\/site\/wp-json\/wp\/v2\/posts\/336565\/revisions"}],"predecessor-version":[{"id":336568,"href":"https:\/\/www.notibras.com\/site\/wp-json\/wp\/v2\/posts\/336565\/revisions\/336568"}],"wp:featuredmedia":[{"embeddable":true,"href":"https:\/\/www.notibras.com\/site\/wp-json\/wp\/v2\/media\/336566"}],"wp:attachment":[{"href":"https:\/\/www.notibras.com\/site\/wp-json\/wp\/v2\/media?parent=336565"}],"wp:term":[{"taxonomy":"category","embeddable":true,"href":"https:\/\/www.notibras.com\/site\/wp-json\/wp\/v2\/categories?post=336565"},{"taxonomy":"post_tag","embeddable":true,"href":"https:\/\/www.notibras.com\/site\/wp-json\/wp\/v2\/tags?post=336565"}],"curies":[{"name":"wp","href":"https:\/\/api.w.org\/{rel}","templated":true}]}}