{"id":336596,"date":"2024-09-16T09:41:10","date_gmt":"2024-09-16T12:41:10","guid":{"rendered":"https:\/\/www.notibras.com\/site\/?p=336596"},"modified":"2024-09-16T09:56:07","modified_gmt":"2024-09-16T12:56:07","slug":"velho-saudosista-marca-em-livro-vida-que-nunca-teve","status":"publish","type":"post","link":"https:\/\/www.notibras.com\/site\/velho-saudosista-marca-em-livro-vida-que-nunca-teve\/","title":{"rendered":"Velho saudosista marca em livro vida que nunca teve"},"content":{"rendered":"<p>Desde menino rodo a minha Salvador numa p\u00e1gina do tempo, como se dono do meu destino. Ledo engano, ainda mais que estou no ep\u00edlogo da vida. Ser\u00e1 que estou lendo o \u00faltimo par\u00e1grafo? Ou ser\u00e1 que j\u00e1 comecei o dia na derradeira linha, que fatalmente terminar\u00e1 com o ponto final?<\/p>\n<p>Tenho pensado muito numa \u00e9poca que minha av\u00f3 me contava hist\u00f3rias da sua inf\u00e2ncia. De t\u00e3o distante, creio que o mais apropriado seria usar era e n\u00e3o \u00e9poca. Seja como for, ainda me lembro de duvidar de vov\u00f3, como se ela sempre tivesse sido velha. Na verdade, naqueles idos, ela era bem mais nova do que sou hoje. E eis que estou com aquela vontade de colocar todas essas mem\u00f3rias no papel, mas me falta talento ou, ent\u00e3o, medo de perceber que a minha exist\u00eancia foi med\u00edocre.<\/p>\n<p>Nunca me casei. Apesar da minha apar\u00eancia pouco agrad\u00e1vel, n\u00e3o me faltaram pretendentes, a maioria mais digna do que o meu insignificante ser. No entanto, \u00e9 l\u00f3gico que me envolvi com algumas mulheres, mas, quando a felicidade come\u00e7ava a querer se instalar, algo me repelia. Como sempre fui um covarde, inventava alguma coisa para instigar a ent\u00e3o amada a me dar um fora.<\/p>\n<p>E se n\u00e3o quis me casar, tamb\u00e9m jamais tive vontade de ter filhos. Provavelmente por op\u00e7\u00e3o ou falta de coragem de dividir meu tempo com algu\u00e9m que precisaria depender de mim por muitos anos. E n\u00e3o me venha com cr\u00edticas a respeito disso, pois at\u00e9 hoje n\u00e3o sou autossuficiente para atender \u00e0s mais b\u00e1sicas necessidades. Imagine se eu tivesse que me preocupar com as de outro algu\u00e9m. Nem cachorro quis ter, apesar de sempre considerar essa hip\u00f3tese, que nunca foi al\u00e9m de impulsos logo contidos pela raz\u00e3o.<\/p>\n<p>Tamb\u00e9m nunca plantei uma \u00e1rvore al\u00e9m daqueles feij\u00f5es depositados em chuma\u00e7o de algod\u00e3o embebido em \u00e1gua na escola. E nem mesmo uma m\u00edsera daquelas sementes germinou, como se j\u00e1 prevendo meu destino infrut\u00edfero. Por conta disso, sempre imaginei que feij\u00e3o possui c\u00e9rebro ou algo que o valha, pois impediram que aquele garoto cometesse o desatino de querer formar uma fam\u00edlia.<\/p>\n<p>Mas e um livro? Ando com essa irresist\u00edvel vontade de escrever um, desde que n\u00e3o me cause t\u00e9dio. Todavia, para n\u00e3o provocar fastio, eu precisaria fugir da minha desinteressante exist\u00eancia. E mentirei descaradamente para o leitor se deliciar, se surpreender e, o mais importante, sentir aquela retumbante inveja da magn\u00edfica vida que levei.<\/p>\n<p>Pelas batalhas vencidas, serei comparado a Napole\u00e3o; pelas conquistas amorosas, nem Don Juan ser\u00e1 p\u00e1reo. Destemido que fui, serei assunto nas rodas de conversas de gente que nunca vi. Miser\u00e1vel que fui em vida, serei celebrado pelas mem\u00f3rias que estar\u00e3o eternamente impregnadas nas p\u00e1ginas que escreverei.<\/p>\n<p><strong>*Eduardo Mart\u00ednez \u00e9 autor do livro \u201c57 Contos e Cr\u00f4nicas por um Autor muito Velho\u201d.<\/strong><\/p>\n<p>Compre aqui\u00a0<span class=\"x19la9d6 x1fc57z9 x6ikm8r x10wlt62 x19co3pv x1g5zs5t xfibh0p xiy17q3 x1xsqp64 x1lkfr7t xexx8yu x4uap5 x18d9i69 xkhd6sd\"><span class=\"xrtxmta x1bhl96m\"><img decoding=\"async\" class=\"emoji\" role=\"img\" draggable=\"false\" src=\"https:\/\/s.w.org\/images\/core\/emoji\/14.0.0\/svg\/1f447-1f3ff.svg\" alt=\"&#x1f447;&#x1f3ff;\" \/><\/span><\/span><span class=\"x19la9d6 x1fc57z9 x6ikm8r x10wlt62 x19co3pv x1g5zs5t xfibh0p xiy17q3 x1xsqp64 x1lkfr7t xexx8yu x4uap5 x18d9i69 xkhd6sd\"><span class=\"xrtxmta x1bhl96m\"><img decoding=\"async\" class=\"emoji\" role=\"img\" draggable=\"false\" src=\"https:\/\/s.w.org\/images\/core\/emoji\/14.0.0\/svg\/1f447-1f3ff.svg\" alt=\"&#x1f447;&#x1f3ff;\" \/><\/span><\/span><span class=\"x19la9d6 x1fc57z9 x6ikm8r x10wlt62 x19co3pv x1g5zs5t xfibh0p xiy17q3 x1xsqp64 x1lkfr7t xexx8yu x4uap5 x18d9i69 xkhd6sd\"><span class=\"xrtxmta x1bhl96m\"><img decoding=\"async\" class=\"emoji\" role=\"img\" draggable=\"false\" src=\"https:\/\/s.w.org\/images\/core\/emoji\/14.0.0\/svg\/1f447-1f3ff.svg\" alt=\"&#x1f447;&#x1f3ff;\" \/><\/span><\/span><\/p>\n<p><a href=\"http:\/\/www.joanineditora.com.br\/57-contos-e-cronicas-por-um-autor-muito-velho\">http:\/\/www.joanineditora.com.br\/57-contos-e-cronicas-por-um-autor-muito-velho<\/a><\/p>\n","protected":false},"excerpt":{"rendered":"<p>Desde menino rodo a minha Salvador numa p\u00e1gina do tempo, como se dono do meu destino. Ledo engano, ainda mais que estou no ep\u00edlogo da vida. Ser\u00e1 que estou lendo o \u00faltimo par\u00e1grafo? Ou ser\u00e1 que j\u00e1 comecei o dia na derradeira linha, que fatalmente terminar\u00e1 com o ponto final? Tenho pensado muito numa \u00e9poca [&hellip;]<\/p>\n","protected":false},"author":2,"featured_media":336597,"comment_status":"closed","ping_status":"closed","sticky":false,"template":"","format":"standard","meta":{"_acf_changed":false,"footnotes":""},"categories":[165],"tags":[],"class_list":["post-336596","post","type-post","status-publish","format-standard","has-post-thumbnail","hentry","category-nordeste"],"acf":[],"_links":{"self":[{"href":"https:\/\/www.notibras.com\/site\/wp-json\/wp\/v2\/posts\/336596","targetHints":{"allow":["GET"]}}],"collection":[{"href":"https:\/\/www.notibras.com\/site\/wp-json\/wp\/v2\/posts"}],"about":[{"href":"https:\/\/www.notibras.com\/site\/wp-json\/wp\/v2\/types\/post"}],"author":[{"embeddable":true,"href":"https:\/\/www.notibras.com\/site\/wp-json\/wp\/v2\/users\/2"}],"replies":[{"embeddable":true,"href":"https:\/\/www.notibras.com\/site\/wp-json\/wp\/v2\/comments?post=336596"}],"version-history":[{"count":2,"href":"https:\/\/www.notibras.com\/site\/wp-json\/wp\/v2\/posts\/336596\/revisions"}],"predecessor-version":[{"id":336604,"href":"https:\/\/www.notibras.com\/site\/wp-json\/wp\/v2\/posts\/336596\/revisions\/336604"}],"wp:featuredmedia":[{"embeddable":true,"href":"https:\/\/www.notibras.com\/site\/wp-json\/wp\/v2\/media\/336597"}],"wp:attachment":[{"href":"https:\/\/www.notibras.com\/site\/wp-json\/wp\/v2\/media?parent=336596"}],"wp:term":[{"taxonomy":"category","embeddable":true,"href":"https:\/\/www.notibras.com\/site\/wp-json\/wp\/v2\/categories?post=336596"},{"taxonomy":"post_tag","embeddable":true,"href":"https:\/\/www.notibras.com\/site\/wp-json\/wp\/v2\/tags?post=336596"}],"curies":[{"name":"wp","href":"https:\/\/api.w.org\/{rel}","templated":true}]}}