{"id":336599,"date":"2024-09-16T09:52:35","date_gmt":"2024-09-16T12:52:35","guid":{"rendered":"https:\/\/www.notibras.com\/site\/?p=336599"},"modified":"2024-09-16T09:54:48","modified_gmt":"2024-09-16T12:54:48","slug":"almir-enrolado-como-briga-de-polvo-tem-emprego-ameacado","status":"publish","type":"post","link":"https:\/\/www.notibras.com\/site\/almir-enrolado-como-briga-de-polvo-tem-emprego-ameacado\/","title":{"rendered":"Almir, enrolado como briga de polvo, tem emprego amea\u00e7ado"},"content":{"rendered":"<p>Almir era sujeito faceiro, garboso at\u00e9 dizer chega, mas tinha l\u00e1 seus defeitos. O mais flagrante era que o cabra, quando queria, podia ser mais enrolado do que briga de polvo. Se dizia uma coisa, facilmente desdizia o que disse ou, pior, assumiria que jamais teria dito. E assim levava a vida, como se todos devessem acreditar em tanta arma\u00e7\u00e3o.<\/p>\n<p>N\u00e3o se pode afirmar, entretanto, que Almir estivesse de todo errado quando o assunto era o desgosto por trabalhar. Afinal, quem, em s\u00e3 consci\u00eancia, o faz por prazer? Mas ele n\u00e3o havia nascido milion\u00e1rio nem mesmo poderia ser considerado pertencente \u00e0 t\u00e3o almejada classe m\u00e9dia alta. Era, no m\u00e1ximo, m\u00e9dia med\u00edocre e olhe l\u00e1. Por isso, fazia-se necess\u00e1rio labutar para conquistar o quinh\u00e3o que lhe fizesse manter a despensa abastecida com o suficiente, para caso de, valha-me Deus, fosse demitido.<\/p>\n<p>Como o leite das crian\u00e7as precisava ficar garantido por, ao menos, um m\u00eas, o homem at\u00e9 que tentava se esfor\u00e7ar, mas a sua natureza, nem sempre, colaborava. Que a culpa ca\u00edsse, portanto, sobre ela! Ainda mais porque o acontecido caiu logo numa segunda-feira, cuja ter\u00e7a seguinte nem era feriado.<\/p>\n<p>Ant\u00f4nio, patr\u00e3o do Almir em uma loja da Asa Norte, j\u00e1 estava mais angustiado do que piolho em cabe\u00e7a de careca, cuspia marimbondos e lacraias por mais aquele atraso do funcion\u00e1rio. Cad\u00ea aquele maldito? Onde ser\u00e1 que se meteu o pilantra? S\u00f3 falta chegar aqui no final do expediente com aquela cara lavada para dar a desculpa mais estapaf\u00fardia.<\/p>\n<p>De t\u00e3o nervoso, Ant\u00f4nio telefonou dezenas de vezes pro Almir, mas s\u00f3 ouvia a mensagem de que o celular estava desligado ou fora de \u00e1rea. Fora de \u00e1rea ficaria o salafr\u00e1rio, ou melhor, a vontade do patr\u00e3o era dar uma bicuda no traseiro do subordinado para que ele nunca mais aparecesse. Tentou at\u00e9 se acalmar, mas trocou o ch\u00e1 pelo cafezinho, o que o fez ficar ainda mais transtornado.<\/p>\n<p>Quase duas da tarde, l\u00e1 foi o patr\u00e3o tocar a campainha da resid\u00eancia do Ant\u00f4nio. Tocou, tocou, tocou! Mas nada! Ser\u00e1 que ele havia sa\u00eddo? Esmurrou a porta, at\u00e9 que, finalmente, surgiu o gajo, com remela nos olhos de tanto dormir.<\/p>\n<p>\u2014 Seu Ant\u00f4nio, acredita que at\u00e9 agora estou procurando as chaves do carro?<\/p>\n<p>\u2014 Ah, \u00e9? E faz quanto tempo que voc\u00ea acordou agora?<\/p>\n<p><strong>*Eduardo Mart\u00ednez \u00e9 autor do livro \u201c57 Contos e Cr\u00f4nicas por um Autor muito Velho\u201d.<\/strong><\/p>\n<p>Compre aqui\u00a0<span class=\"x19la9d6 x1fc57z9 x6ikm8r x10wlt62 x19co3pv x1g5zs5t xfibh0p xiy17q3 x1xsqp64 x1lkfr7t xexx8yu x4uap5 x18d9i69 xkhd6sd\"><span class=\"xrtxmta x1bhl96m\"><img decoding=\"async\" class=\"emoji\" role=\"img\" draggable=\"false\" src=\"https:\/\/s.w.org\/images\/core\/emoji\/14.0.0\/svg\/1f447-1f3ff.svg\" alt=\"&#x1f447;&#x1f3ff;\" \/><\/span><\/span><span class=\"x19la9d6 x1fc57z9 x6ikm8r x10wlt62 x19co3pv x1g5zs5t xfibh0p xiy17q3 x1xsqp64 x1lkfr7t xexx8yu x4uap5 x18d9i69 xkhd6sd\"><span class=\"xrtxmta x1bhl96m\"><img decoding=\"async\" class=\"emoji\" role=\"img\" draggable=\"false\" src=\"https:\/\/s.w.org\/images\/core\/emoji\/14.0.0\/svg\/1f447-1f3ff.svg\" alt=\"&#x1f447;&#x1f3ff;\" \/><\/span><\/span><span class=\"x19la9d6 x1fc57z9 x6ikm8r x10wlt62 x19co3pv x1g5zs5t xfibh0p xiy17q3 x1xsqp64 x1lkfr7t xexx8yu x4uap5 x18d9i69 xkhd6sd\"><span class=\"xrtxmta x1bhl96m\"><img decoding=\"async\" class=\"emoji\" role=\"img\" draggable=\"false\" src=\"https:\/\/s.w.org\/images\/core\/emoji\/14.0.0\/svg\/1f447-1f3ff.svg\" alt=\"&#x1f447;&#x1f3ff;\" \/><\/span><\/span><\/p>\n<p><a href=\"http:\/\/www.joanineditora.com.br\/57-contos-e-cronicas-por-um-autor-muito-velho\">http:\/\/www.joanineditora.com.br\/57-contos-e-cronicas-por-um-autor-muito-velho<\/a><\/p>\n","protected":false},"excerpt":{"rendered":"<p>Almir era sujeito faceiro, garboso at\u00e9 dizer chega, mas tinha l\u00e1 seus defeitos. O mais flagrante era que o cabra, quando queria, podia ser mais enrolado do que briga de polvo. Se dizia uma coisa, facilmente desdizia o que disse ou, pior, assumiria que jamais teria dito. E assim levava a vida, como se todos [&hellip;]<\/p>\n","protected":false},"author":2,"featured_media":336600,"comment_status":"closed","ping_status":"closed","sticky":false,"template":"","format":"standard","meta":{"_acf_changed":false,"footnotes":""},"categories":[161],"tags":[],"class_list":["post-336599","post","type-post","status-publish","format-standard","has-post-thumbnail","hentry","category-quadradinho-em-foco"],"acf":[],"_links":{"self":[{"href":"https:\/\/www.notibras.com\/site\/wp-json\/wp\/v2\/posts\/336599","targetHints":{"allow":["GET"]}}],"collection":[{"href":"https:\/\/www.notibras.com\/site\/wp-json\/wp\/v2\/posts"}],"about":[{"href":"https:\/\/www.notibras.com\/site\/wp-json\/wp\/v2\/types\/post"}],"author":[{"embeddable":true,"href":"https:\/\/www.notibras.com\/site\/wp-json\/wp\/v2\/users\/2"}],"replies":[{"embeddable":true,"href":"https:\/\/www.notibras.com\/site\/wp-json\/wp\/v2\/comments?post=336599"}],"version-history":[{"count":3,"href":"https:\/\/www.notibras.com\/site\/wp-json\/wp\/v2\/posts\/336599\/revisions"}],"predecessor-version":[{"id":336603,"href":"https:\/\/www.notibras.com\/site\/wp-json\/wp\/v2\/posts\/336599\/revisions\/336603"}],"wp:featuredmedia":[{"embeddable":true,"href":"https:\/\/www.notibras.com\/site\/wp-json\/wp\/v2\/media\/336600"}],"wp:attachment":[{"href":"https:\/\/www.notibras.com\/site\/wp-json\/wp\/v2\/media?parent=336599"}],"wp:term":[{"taxonomy":"category","embeddable":true,"href":"https:\/\/www.notibras.com\/site\/wp-json\/wp\/v2\/categories?post=336599"},{"taxonomy":"post_tag","embeddable":true,"href":"https:\/\/www.notibras.com\/site\/wp-json\/wp\/v2\/tags?post=336599"}],"curies":[{"name":"wp","href":"https:\/\/api.w.org\/{rel}","templated":true}]}}