{"id":336605,"date":"2024-09-16T10:12:17","date_gmt":"2024-09-16T13:12:17","guid":{"rendered":"https:\/\/www.notibras.com\/site\/?p=336605"},"modified":"2024-09-16T10:27:00","modified_gmt":"2024-09-16T13:27:00","slug":"inquerito-da-pf-vai-investigar-incendio-no-parque-da-agua-mineral","status":"publish","type":"post","link":"https:\/\/www.notibras.com\/site\/inquerito-da-pf-vai-investigar-incendio-no-parque-da-agua-mineral\/","title":{"rendered":"Inqu\u00e9rito da PF vai investigar inc\u00eandio no Parque da \u00c1gua Mineral"},"content":{"rendered":"<p>A Pol\u00edcia Federal (PF) instaurou inqu\u00e9rito para investigar o inc\u00eandio que, desde domingo (15), atinge o Parque Nacional de Bras\u00edlia, pr\u00f3ximo \u00e0 Granja do Torto, resid\u00eancia oficial da Presid\u00eancia da Rep\u00fablica.<\/p>\n<p>Conhecido como \u00c1gua Mineral, o parque nacional \u00e9 uma unidade de conserva\u00e7\u00e3o vinculada ao Instituto Chico Mendes de Conserva\u00e7\u00e3o da Biodiversidade (ICMBio), \u00f3rg\u00e3o ligado ao Minist\u00e9rio do Meio Ambiente.<\/p>\n<p>O ICMBio confirmou, \u00e0 Ag\u00eancia Brasil que o inc\u00eandio come\u00e7ou em regi\u00e3o pr\u00f3xima \u00e0 resid\u00eancia oficial Granja do Torto e que, desde ontem, mant\u00e9m brigadistas no local, em apoio ao Corpo de Bombeiros do Distrito Federal.<\/p>\n<p>O ministro do Supremo Tribunal Federal Fl\u00e1vio Dino determinou, nesse domingo, a disponibiliza\u00e7\u00e3o de um or\u00e7amento de emerg\u00eancia clim\u00e1tica para enfrentar os inc\u00eandios florestas que atingem diversas partes do pa\u00eds.<\/p>\n<p>Na decis\u00e3o, Dino determinou tamb\u00e9m o uso do Fundo para Aparelhamento e Operacionaliza\u00e7\u00e3o das Atividades-Fim da Pol\u00edcia Federal (Funapol) para mobilizar recursos e permitir que o \u00f3rg\u00e3o trate como prioridade os inqu\u00e9ritos sobre queimadas e inc\u00eandios.<\/p>\n","protected":false},"excerpt":{"rendered":"<p>A Pol\u00edcia Federal (PF) instaurou inqu\u00e9rito para investigar o inc\u00eandio que, desde domingo (15), atinge o Parque Nacional de Bras\u00edlia, pr\u00f3ximo \u00e0 Granja do Torto, resid\u00eancia oficial da Presid\u00eancia da Rep\u00fablica. Conhecido como \u00c1gua Mineral, o parque nacional \u00e9 uma unidade de conserva\u00e7\u00e3o vinculada ao Instituto Chico Mendes de Conserva\u00e7\u00e3o da Biodiversidade (ICMBio), \u00f3rg\u00e3o ligado [&hellip;]<\/p>\n","protected":false},"author":2,"featured_media":336606,"comment_status":"closed","ping_status":"closed","sticky":false,"template":"","format":"standard","meta":{"_acf_changed":false,"footnotes":""},"categories":[161],"tags":[95],"class_list":["post-336605","post","type-post","status-publish","format-standard","has-post-thumbnail","hentry","category-quadradinho-em-foco","tag-capa"],"acf":[],"_links":{"self":[{"href":"https:\/\/www.notibras.com\/site\/wp-json\/wp\/v2\/posts\/336605","targetHints":{"allow":["GET"]}}],"collection":[{"href":"https:\/\/www.notibras.com\/site\/wp-json\/wp\/v2\/posts"}],"about":[{"href":"https:\/\/www.notibras.com\/site\/wp-json\/wp\/v2\/types\/post"}],"author":[{"embeddable":true,"href":"https:\/\/www.notibras.com\/site\/wp-json\/wp\/v2\/users\/2"}],"replies":[{"embeddable":true,"href":"https:\/\/www.notibras.com\/site\/wp-json\/wp\/v2\/comments?post=336605"}],"version-history":[{"count":2,"href":"https:\/\/www.notibras.com\/site\/wp-json\/wp\/v2\/posts\/336605\/revisions"}],"predecessor-version":[{"id":336608,"href":"https:\/\/www.notibras.com\/site\/wp-json\/wp\/v2\/posts\/336605\/revisions\/336608"}],"wp:featuredmedia":[{"embeddable":true,"href":"https:\/\/www.notibras.com\/site\/wp-json\/wp\/v2\/media\/336606"}],"wp:attachment":[{"href":"https:\/\/www.notibras.com\/site\/wp-json\/wp\/v2\/media?parent=336605"}],"wp:term":[{"taxonomy":"category","embeddable":true,"href":"https:\/\/www.notibras.com\/site\/wp-json\/wp\/v2\/categories?post=336605"},{"taxonomy":"post_tag","embeddable":true,"href":"https:\/\/www.notibras.com\/site\/wp-json\/wp\/v2\/tags?post=336605"}],"curies":[{"name":"wp","href":"https:\/\/api.w.org\/{rel}","templated":true}]}}