{"id":336609,"date":"2024-09-16T10:20:58","date_gmt":"2024-09-16T13:20:58","guid":{"rendered":"https:\/\/www.notibras.com\/site\/?p=336609"},"modified":"2024-09-16T11:26:50","modified_gmt":"2024-09-16T14:26:50","slug":"escolas-suspendem-aulas-por-causa-da-fumaca-dos-incendios-na-capital","status":"publish","type":"post","link":"https:\/\/www.notibras.com\/site\/escolas-suspendem-aulas-por-causa-da-fumaca-dos-incendios-na-capital\/","title":{"rendered":"Escolas suspendem aulas por causa da fuma\u00e7a dos inc\u00eandios na capital"},"content":{"rendered":"<p>Escolas do Distrito Federal foram autorizadas a, caso considerem necess\u00e1rio, cancelar as aulas nsta segunda-feira (16). A medida vale para as unidades escolares localizadas em \u00e1reas pr\u00f3ximas \u00e0 queimada que atinge, desde o domingo (15) o Parque Nacional de Bras\u00edlia, o que prejudicou ainda mais a qualidade do ar que estava seca e, agora, apresenta fuma\u00e7a e fuligem.<\/p>\n<p>A orienta\u00e7\u00e3o da Secretaria de Educa\u00e7\u00e3o do DF (SEEDF ) \u00e9 para que as escolas decidam de forma aut\u00f4noma o cancelamento ou n\u00e3o das aulas. \u201cCaso a gest\u00e3o da escola identifique riscos \u00e0 sa\u00fade da comunidade escolar, est\u00e1 autorizada a suspender temporariamente as atividades, garantindo, posteriormente, a apresenta\u00e7\u00e3o de um calend\u00e1rio de reposi\u00e7\u00e3o das aulas\u201d, informou a secretaria.<\/p>\n<p>J\u00e1 foram canceladas as aulas do Centro de Ensino M\u00e9dio da Asa Norte (CEAN), do CEM Paulo Freire, na 610 Norte e o Centro de Ensino Fundamental 1 do Lago Norte (CELAN).<\/p>\n<p>A Universidade de Bras\u00edlia (UnB) tamb\u00e9m cancelou o expediente presencial nesta segunda-feira, sugerindo que as atividades previstas poder\u00e3o ser feitas de forma remota. Algumas escolas privadas j\u00e1 comunicaram que suspenderam as aulas de hoje.<\/p>\n<p><strong>Outras recomenda\u00e7\u00f5es<\/strong><br \/>\nEm meio \u00e0 seca que h\u00e1 meses atinge a capital federal, a SEEDF j\u00e1 havia feito algumas orienta\u00e7\u00f5es sobre medidas durante o per\u00edodo de estiagem. Entre elas, a suspens\u00e3o tempor\u00e1ria das aulas de educa\u00e7\u00e3o f\u00edsica, mas com a ressalva de que os alunos devem ter outras atividades no mesmo hor\u00e1rio, seguindo orienta\u00e7\u00e3o da gest\u00e3o escolar.<\/p>\n<p>Foi tamb\u00e9m recomendado que as escolas mantenham os bebedouros em boas condi\u00e7\u00f5es. A SEEDF sugeriu, aos estudantes, que levem sua garrafinha de \u00e1gua para a escola, de forma a terem condi\u00e7\u00f5es de fazer um consumo regular de \u00e1gua.<\/p>\n<p>Foi tamb\u00e9m sugerido que as salas de aula estejam sempre bem ventiladas; e que medidas de higiene sejam refor\u00e7adas em todos os ambientes escolares, o que inclui p\u00e1tios, sanit\u00e1rios e salas de aula.<\/p>\n","protected":false},"excerpt":{"rendered":"<p>Escolas do Distrito Federal foram autorizadas a, caso considerem necess\u00e1rio, cancelar as aulas nsta segunda-feira (16). A medida vale para as unidades escolares localizadas em \u00e1reas pr\u00f3ximas \u00e0 queimada que atinge, desde o domingo (15) o Parque Nacional de Bras\u00edlia, o que prejudicou ainda mais a qualidade do ar que estava seca e, agora, apresenta [&hellip;]<\/p>\n","protected":false},"author":2,"featured_media":336610,"comment_status":"closed","ping_status":"closed","sticky":false,"template":"","format":"standard","meta":{"_acf_changed":false,"footnotes":""},"categories":[161],"tags":[95],"class_list":["post-336609","post","type-post","status-publish","format-standard","has-post-thumbnail","hentry","category-quadradinho-em-foco","tag-capa"],"acf":[],"_links":{"self":[{"href":"https:\/\/www.notibras.com\/site\/wp-json\/wp\/v2\/posts\/336609","targetHints":{"allow":["GET"]}}],"collection":[{"href":"https:\/\/www.notibras.com\/site\/wp-json\/wp\/v2\/posts"}],"about":[{"href":"https:\/\/www.notibras.com\/site\/wp-json\/wp\/v2\/types\/post"}],"author":[{"embeddable":true,"href":"https:\/\/www.notibras.com\/site\/wp-json\/wp\/v2\/users\/2"}],"replies":[{"embeddable":true,"href":"https:\/\/www.notibras.com\/site\/wp-json\/wp\/v2\/comments?post=336609"}],"version-history":[{"count":3,"href":"https:\/\/www.notibras.com\/site\/wp-json\/wp\/v2\/posts\/336609\/revisions"}],"predecessor-version":[{"id":336613,"href":"https:\/\/www.notibras.com\/site\/wp-json\/wp\/v2\/posts\/336609\/revisions\/336613"}],"wp:featuredmedia":[{"embeddable":true,"href":"https:\/\/www.notibras.com\/site\/wp-json\/wp\/v2\/media\/336610"}],"wp:attachment":[{"href":"https:\/\/www.notibras.com\/site\/wp-json\/wp\/v2\/media?parent=336609"}],"wp:term":[{"taxonomy":"category","embeddable":true,"href":"https:\/\/www.notibras.com\/site\/wp-json\/wp\/v2\/categories?post=336609"},{"taxonomy":"post_tag","embeddable":true,"href":"https:\/\/www.notibras.com\/site\/wp-json\/wp\/v2\/tags?post=336609"}],"curies":[{"name":"wp","href":"https:\/\/api.w.org\/{rel}","templated":true}]}}