{"id":336626,"date":"2024-09-16T13:07:53","date_gmt":"2024-09-16T16:07:53","guid":{"rendered":"https:\/\/www.notibras.com\/site\/?p=336626"},"modified":"2024-09-16T13:09:01","modified_gmt":"2024-09-16T16:09:01","slug":"brasiliense-reza-por-chuva-para-respirar-ar-puro","status":"publish","type":"post","link":"https:\/\/www.notibras.com\/site\/brasiliense-reza-por-chuva-para-respirar-ar-puro\/","title":{"rendered":"Brasiliense reza por chuva para respirar ar puro"},"content":{"rendered":"<p>As hist\u00f3ricas estiagens em Bras\u00edlia s\u00e3o eventos anuais que trazem junto um cen\u00e1rio desafiador para os habitantes da capital da Rep\u00fablica. Os dias ensolarados e o c\u00e9u sem nuvens podem parecer um para\u00edso em um primeiro momento, mas, para quem vive a dura realidade da seca, a hist\u00f3ria \u00e9 bem diferente.<\/p>\n<p>Bras\u00edlia, no auge da estiagem, torna-se quase um &#8220;inferno&#8221; para quem se arrisca a sair de casa sem prote\u00e7\u00e3o adequada. A pele racha, os l\u00e1bios ficam secos, e o nariz sangra com a brutalidade do ar seco. O Cerrado, que costuma ser exuberante durante a esta\u00e7\u00e3o das chuvas, transforma-se em um vasto campo de vegeta\u00e7\u00e3o ressecada, um terreno prop\u00edcio para queimadas e inc\u00eandios, que consomem a j\u00e1 escassa umidade do ar.<\/p>\n<p>Nesse cen\u00e1rio, o brasiliense passa a rezar pela chegada da chuva. A falta de \u00e1gua nos reservat\u00f3rios, o calor escaldante e a poeira que se acumula em todas as superf\u00edcies s\u00e3o fatores que intensificam esse desejo. A promessa da \u00e1gua que cai do c\u00e9u torna-se quase uma ora\u00e7\u00e3o di\u00e1ria, uma s\u00faplica coletiva. O som do trov\u00e3o \u00e0 dist\u00e2ncia, que come\u00e7a ser ouvido em meados de outubro, desperta esperan\u00e7a, como se anunciasse o fim de uma longa penit\u00eancia.<\/p>\n<p>A chuva, quando finalmente chegar, n\u00e3o trar\u00e1 apenas al\u00edvio f\u00edsico, mas tamb\u00e9m uma renova\u00e7\u00e3o simb\u00f3lica. As primeiras gotas que tocam o solo seco s\u00e3o recebidas com gratid\u00e3o. A terra absorve a \u00e1gua como quem mata a sede depois de um longo jejum. As plantas, antes murchas, come\u00e7am a florescer novamente, e o verde retorna ao Cerrado.<\/p>\n<p>A cidade, at\u00e9 ent\u00e3o sufocada pelo calor, respira aliviada. Os brasilienses voltam a sair de suas casas com um novo \u00e2nimo. A chuva, que em outros lugares pode ser vista como um inc\u00f4modo, \u00e9 recebida em Bras\u00edlia como uma b\u00ean\u00e7\u00e3o.<\/p>\n<p>O ciclo de secas e chuvas faz parte da vida na capital, mas, a cada ano, o peso do per\u00edodo sem chuva parece mais dif\u00edcil de suportar. Para quem vive nesse ritmo, a chegada das \u00e1guas n\u00e3o \u00e9 apenas uma quest\u00e3o de al\u00edvio f\u00edsico, mas um evento espiritual, uma lembran\u00e7a de que, no fim, a natureza sempre encontra um jeito de equilibrar suas for\u00e7as.<\/p>\n<p>At\u00e9 l\u00e1, resta esperar e rezar para que o c\u00e9u, de t\u00e3o azul, finalmente se transforme em cinza carregado de promessas.<\/p>\n","protected":false},"excerpt":{"rendered":"<p>As hist\u00f3ricas estiagens em Bras\u00edlia s\u00e3o eventos anuais que trazem junto um cen\u00e1rio desafiador para os habitantes da capital da Rep\u00fablica. Os dias ensolarados e o c\u00e9u sem nuvens podem parecer um para\u00edso em um primeiro momento, mas, para quem vive a dura realidade da seca, a hist\u00f3ria \u00e9 bem diferente. Bras\u00edlia, no auge da [&hellip;]<\/p>\n","protected":false},"author":2,"featured_media":312146,"comment_status":"closed","ping_status":"closed","sticky":false,"template":"","format":"standard","meta":{"_acf_changed":false,"footnotes":""},"categories":[161],"tags":[],"class_list":["post-336626","post","type-post","status-publish","format-standard","has-post-thumbnail","hentry","category-quadradinho-em-foco"],"acf":[],"_links":{"self":[{"href":"https:\/\/www.notibras.com\/site\/wp-json\/wp\/v2\/posts\/336626","targetHints":{"allow":["GET"]}}],"collection":[{"href":"https:\/\/www.notibras.com\/site\/wp-json\/wp\/v2\/posts"}],"about":[{"href":"https:\/\/www.notibras.com\/site\/wp-json\/wp\/v2\/types\/post"}],"author":[{"embeddable":true,"href":"https:\/\/www.notibras.com\/site\/wp-json\/wp\/v2\/users\/2"}],"replies":[{"embeddable":true,"href":"https:\/\/www.notibras.com\/site\/wp-json\/wp\/v2\/comments?post=336626"}],"version-history":[{"count":2,"href":"https:\/\/www.notibras.com\/site\/wp-json\/wp\/v2\/posts\/336626\/revisions"}],"predecessor-version":[{"id":336628,"href":"https:\/\/www.notibras.com\/site\/wp-json\/wp\/v2\/posts\/336626\/revisions\/336628"}],"wp:featuredmedia":[{"embeddable":true,"href":"https:\/\/www.notibras.com\/site\/wp-json\/wp\/v2\/media\/312146"}],"wp:attachment":[{"href":"https:\/\/www.notibras.com\/site\/wp-json\/wp\/v2\/media?parent=336626"}],"wp:term":[{"taxonomy":"category","embeddable":true,"href":"https:\/\/www.notibras.com\/site\/wp-json\/wp\/v2\/categories?post=336626"},{"taxonomy":"post_tag","embeddable":true,"href":"https:\/\/www.notibras.com\/site\/wp-json\/wp\/v2\/tags?post=336626"}],"curies":[{"name":"wp","href":"https:\/\/api.w.org\/{rel}","templated":true}]}}