{"id":336632,"date":"2024-09-16T15:33:00","date_gmt":"2024-09-16T18:33:00","guid":{"rendered":"https:\/\/www.notibras.com\/site\/?p=336632"},"modified":"2024-09-16T15:36:25","modified_gmt":"2024-09-16T18:36:25","slug":"mostra-destaca-producao-literaria-e-artistica-do-df","status":"publish","type":"post","link":"https:\/\/www.notibras.com\/site\/mostra-destaca-producao-literaria-e-artistica-do-df\/","title":{"rendered":"Mostra destaca produ\u00e7\u00e3o liter\u00e1ria e art\u00edstica do DF"},"content":{"rendered":"<p>A Exposi\u00e7\u00e3o Literatura Brasiliense est\u00e1 se transformando em um marco cultural na capital federal, reunindo literatura e artes visuais em um evento imperd\u00edvel. A mostra, que ocorre at\u00e9 o dia 20 de setembro, est\u00e1 de portas abertas na Biblioteca Nacional de Bras\u00edlia, com entrada gratuita para o p\u00fablico.<\/p>\n<p>O evento, que conta com a curadoria de Paulo Flyer, \u00e9 uma oportunidade \u00fanica para explorar a riqueza liter\u00e1ria e art\u00edstica da regi\u00e3o, com a participa\u00e7\u00e3o de importantes coletivos e associa\u00e7\u00f5es culturais, como o Celeiro Liter\u00e1rio Brasiliense, a Academia Planaltinense de Letras e Tribo das Artes, e o Coletivo Poesia e Arte Urbana.<\/p>\n<p>A exposi\u00e7\u00e3o conta com uma variedade de obras, incluindo pinturas em tela, esculturas e literatura, proporcionando uma imers\u00e3o completa na produ\u00e7\u00e3o cultural local.<\/p>\n<p>Entre os destaques do evento est\u00e1 o autor Paulo Nilo, graduado em Direito e Medicina, com especializa\u00e7\u00e3o em Psiquiatria. Ele apresenta sua obra &#8220;L\u00edquido &amp; Psic\u00f3tico&#8221;, que j\u00e1 est\u00e1 gerando grande expectativa entre os amantes da literatura.<\/p>\n<p>A Exposi\u00e7\u00e3o Literatura Brasiliense \u00e9 uma celebra\u00e7\u00e3o do talento local e uma oportunidade para o p\u00fablico se conectar com a cultura de Bras\u00edlia.<\/p>\n<p><strong>Servi\u00e7o:<\/strong><br \/>\nExposi\u00e7\u00e3o Literatura Brasiliense<br \/>\nAt\u00e9 20 de setembro<br \/>\nBiblioteca Nacional de Bras\u00edlia<br \/>\nEntrada: Gratuita<\/p>\n","protected":false},"excerpt":{"rendered":"<p>A Exposi\u00e7\u00e3o Literatura Brasiliense est\u00e1 se transformando em um marco cultural na capital federal, reunindo literatura e artes visuais em um evento imperd\u00edvel. A mostra, que ocorre at\u00e9 o dia 20 de setembro, est\u00e1 de portas abertas na Biblioteca Nacional de Bras\u00edlia, com entrada gratuita para o p\u00fablico. O evento, que conta com a curadoria [&hellip;]<\/p>\n","protected":false},"author":2,"featured_media":336633,"comment_status":"closed","ping_status":"closed","sticky":false,"template":"","format":"standard","meta":{"_acf_changed":false,"footnotes":""},"categories":[161],"tags":[],"class_list":["post-336632","post","type-post","status-publish","format-standard","has-post-thumbnail","hentry","category-quadradinho-em-foco"],"acf":[],"_links":{"self":[{"href":"https:\/\/www.notibras.com\/site\/wp-json\/wp\/v2\/posts\/336632","targetHints":{"allow":["GET"]}}],"collection":[{"href":"https:\/\/www.notibras.com\/site\/wp-json\/wp\/v2\/posts"}],"about":[{"href":"https:\/\/www.notibras.com\/site\/wp-json\/wp\/v2\/types\/post"}],"author":[{"embeddable":true,"href":"https:\/\/www.notibras.com\/site\/wp-json\/wp\/v2\/users\/2"}],"replies":[{"embeddable":true,"href":"https:\/\/www.notibras.com\/site\/wp-json\/wp\/v2\/comments?post=336632"}],"version-history":[{"count":5,"href":"https:\/\/www.notibras.com\/site\/wp-json\/wp\/v2\/posts\/336632\/revisions"}],"predecessor-version":[{"id":336638,"href":"https:\/\/www.notibras.com\/site\/wp-json\/wp\/v2\/posts\/336632\/revisions\/336638"}],"wp:featuredmedia":[{"embeddable":true,"href":"https:\/\/www.notibras.com\/site\/wp-json\/wp\/v2\/media\/336633"}],"wp:attachment":[{"href":"https:\/\/www.notibras.com\/site\/wp-json\/wp\/v2\/media?parent=336632"}],"wp:term":[{"taxonomy":"category","embeddable":true,"href":"https:\/\/www.notibras.com\/site\/wp-json\/wp\/v2\/categories?post=336632"},{"taxonomy":"post_tag","embeddable":true,"href":"https:\/\/www.notibras.com\/site\/wp-json\/wp\/v2\/tags?post=336632"}],"curies":[{"name":"wp","href":"https:\/\/api.w.org\/{rel}","templated":true}]}}