{"id":336639,"date":"2024-09-16T17:40:10","date_gmt":"2024-09-16T20:40:10","guid":{"rendered":"https:\/\/www.notibras.com\/site\/?p=336639"},"modified":"2024-09-16T17:42:01","modified_gmt":"2024-09-16T20:42:01","slug":"malulinha-desperta-paixao-por-lula-no-1o-aniversario","status":"publish","type":"post","link":"https:\/\/www.notibras.com\/site\/malulinha-desperta-paixao-por-lula-no-1o-aniversario\/","title":{"rendered":"Malulinha desperta paix\u00e3o por Lula no 1\u00ba anivers\u00e1rio"},"content":{"rendered":"<p>Entre muitas coisas em comum, o carinho, o respeito e a admira\u00e7\u00e3o pelo presidente Luiz In\u00e1cio Lula da Silva. O nome da filha serve para ilustrar essa paix\u00e3o. Malulinha acaba de completar um ano. E l\u00e1 vai Edu a Porto Alegre, para ajudar a apagar a primeira velinha. O presente: voltar a Bras\u00edlia numa jornada \u00fanica e cheia de significado, cobrindo pelo ar uma dist\u00e2ncia de mais de dois mil quil\u00f4metros.<\/p>\n<p>J\u00e1 na capital ga\u00facha, Malulinha olha para o pai, sorri. Dirige os olhos para o C\u00e9u, e a mam\u00e3e Irene interpreta o brilho dos olhos: l\u00e1 em meio a brancas nuvens passa um avi\u00e3o. Chegou a hora, diz ela ao marido, de a Malulinha embarcar no primeiro voo para ver, mesmo que de longe, o presidente em Bras\u00edlia.<\/p>\n<p>Para eles, Lula representa muito mais do que um l\u00edder pol\u00edtico. Ele simboliza esperan\u00e7a, luta e transforma\u00e7\u00e3o. O presidente, em sua figura carism\u00e1tica, \u00e9 um \u00edcone de resist\u00eancia e mudan\u00e7as sociais no Brasil. E \u00e9 justamente esse sentimento que os move a realizar essa viagem t\u00e3o especial. Levar Malulinha, t\u00e3o pequena, mas j\u00e1 inserida no contexto pol\u00edtico e hist\u00f3rico do Pa\u00eds, \u00e9 uma forma de transmitir seus valores e cren\u00e7as para a pr\u00f3xima gera\u00e7\u00e3o.<\/p>\n<p>A viagem \u00e9 repleta de desafios. Entre escalas e conex\u00f5es (fruto ainda da trag\u00e9dia que afundou parte do Rio Grande do Sul sob \u00e1guas de chuvas torrenciais), fraldas trocadas \u00e0s pressas e a paci\u00eancia testada por uma crian\u00e7a curiosa. Edu e Irene se mant\u00eam firmes no prop\u00f3sito de que Malulinha veja aquele que, para eles, \u00e9 um her\u00f3i nacional. Cada quil\u00f4metro percorrido \u00e9 um passo em dire\u00e7\u00e3o ao sonho de compartilhar um momento hist\u00f3rico com a filha.<\/p>\n<p>Ao chegar \u00e0 capital, o casal, ap\u00f3s uma r\u00e1pida parada em seu apartamento, na Asa Norte, segue para a Pra\u00e7a dos Tr\u00eas Poderes, onde encontra uma multid\u00e3o que, como eles, tamb\u00e9m admira Lula. O local \u00e9 tomado por bandeiras, gritos de apoio e rostos de esperan\u00e7a. Malulinha, no colo da m\u00e3e, observa atenta, embora n\u00e3o compreenda ainda a magnitude daquele momento. Para seus pais, no entanto, a viagem \u00e9 um s\u00edmbolo de que a pol\u00edtica e o afeto podem andar de m\u00e3os dadas.<\/p>\n<p>Malulinha, crescendo em um lar onde o nome do presidente \u00e9 sin\u00f4nimo de inspira\u00e7\u00e3o, carrega o vermelho no sangue e sente o cora\u00e7\u00e3o pulsar como testemunho de uma \u00e9poca e de um Pa\u00eds que ainda acredita na mudan\u00e7a.<\/p>\n<p>O casal sabe que, num futuro pr\u00f3ximo, Malulinha, ao ver as imagens, se lembrar\u00e1 desse dia, e entender\u00e1 o significado profundo dessa jornada. Afinal, para Edu e Irene, ser apaixonados por Lula vai al\u00e9m da pol\u00edtica: \u00e9 acreditar que, com uni\u00e3o, sacrif\u00edcio e esperan\u00e7a, um futuro melhor pode ser constru\u00eddo para todos, inclusive para sua filha.<\/p>\n","protected":false},"excerpt":{"rendered":"<p>Entre muitas coisas em comum, o carinho, o respeito e a admira\u00e7\u00e3o pelo presidente Luiz In\u00e1cio Lula da Silva. O nome da filha serve para ilustrar essa paix\u00e3o. Malulinha acaba de completar um ano. E l\u00e1 vai Edu a Porto Alegre, para ajudar a apagar a primeira velinha. O presente: voltar a Bras\u00edlia numa jornada [&hellip;]<\/p>\n","protected":false},"author":2,"featured_media":336640,"comment_status":"closed","ping_status":"closed","sticky":false,"template":"","format":"standard","meta":{"_acf_changed":false,"footnotes":""},"categories":[161],"tags":[],"class_list":["post-336639","post","type-post","status-publish","format-standard","has-post-thumbnail","hentry","category-quadradinho-em-foco"],"acf":[],"_links":{"self":[{"href":"https:\/\/www.notibras.com\/site\/wp-json\/wp\/v2\/posts\/336639","targetHints":{"allow":["GET"]}}],"collection":[{"href":"https:\/\/www.notibras.com\/site\/wp-json\/wp\/v2\/posts"}],"about":[{"href":"https:\/\/www.notibras.com\/site\/wp-json\/wp\/v2\/types\/post"}],"author":[{"embeddable":true,"href":"https:\/\/www.notibras.com\/site\/wp-json\/wp\/v2\/users\/2"}],"replies":[{"embeddable":true,"href":"https:\/\/www.notibras.com\/site\/wp-json\/wp\/v2\/comments?post=336639"}],"version-history":[{"count":3,"href":"https:\/\/www.notibras.com\/site\/wp-json\/wp\/v2\/posts\/336639\/revisions"}],"predecessor-version":[{"id":336643,"href":"https:\/\/www.notibras.com\/site\/wp-json\/wp\/v2\/posts\/336639\/revisions\/336643"}],"wp:featuredmedia":[{"embeddable":true,"href":"https:\/\/www.notibras.com\/site\/wp-json\/wp\/v2\/media\/336640"}],"wp:attachment":[{"href":"https:\/\/www.notibras.com\/site\/wp-json\/wp\/v2\/media?parent=336639"}],"wp:term":[{"taxonomy":"category","embeddable":true,"href":"https:\/\/www.notibras.com\/site\/wp-json\/wp\/v2\/categories?post=336639"},{"taxonomy":"post_tag","embeddable":true,"href":"https:\/\/www.notibras.com\/site\/wp-json\/wp\/v2\/tags?post=336639"}],"curies":[{"name":"wp","href":"https:\/\/api.w.org\/{rel}","templated":true}]}}