{"id":336644,"date":"2024-09-17T04:07:12","date_gmt":"2024-09-17T07:07:12","guid":{"rendered":"https:\/\/www.notibras.com\/site\/?p=336644"},"modified":"2024-09-17T04:05:14","modified_gmt":"2024-09-17T07:05:14","slug":"temporada-de-chuvas-chega-ao-fim-e-nordeste-abre-as-portas-para-os-turistas","status":"publish","type":"post","link":"https:\/\/www.notibras.com\/site\/temporada-de-chuvas-chega-ao-fim-e-nordeste-abre-as-portas-para-os-turistas\/","title":{"rendered":"Temporada de chuvas chega ao fim e Nordeste abre as portas para os turistas"},"content":{"rendered":"<p>O clima no litoral nordestino come\u00e7a a esquentar. As chuvas, comuns at\u00e9 final de agosto, in\u00edcio de setembro, j\u00e1 se mostram esparsas desde a Bahia at\u00e9 o Maranh\u00e3o. Os pr\u00f3ximos cinco meses prometem ser de c\u00e9u limpo, com a temperatura beirando a casa dos 33 graus. O desenho \u00e9 animador para a economia da regi\u00e3o, que espera a chegada de turistas em n\u00famero cada vez maior.<\/p>\n<p>O certo \u00e9 que, com o t\u00e9rmino da temporada de chuvas, o turismo da regi\u00e3o vive uma retomada significativa. As temperaturas mais quentes e o clima radiante atraem milhares de turistas \u00e0s famosas praias nordestinas, levando a uma ocupa\u00e7\u00e3o elevada dos hot\u00e9is nas capitais e em cidades interioranas. O cen\u00e1rio \u00e9 refor\u00e7ado pela ampla oferta de festas populares e eventos culturais que enriquecem a experi\u00eancia dos visitantes.<\/p>\n<p>Em destinos como Fortaleza, Natal, Recife e Salvador, j\u00e1 se observam as praias lotadas, e a procura por passeios tur\u00edsticos e servi\u00e7os hoteleiros cresce acentuadamente. Muitos hot\u00e9is, pousadas e resorts anunciam ocupa\u00e7\u00e3o m\u00e1xima ou quase total, com turistas nacionais e internacionais aproveitando o per\u00edodo para relaxar e explorar as belezas naturais e a rica cultura local.<\/p>\n<p>No interior, o aquecimento do turismo \u00e9 impulsionado pelas festas tradicionais, como as vaquejadas, festivais gastron\u00f4micos e celebra\u00e7\u00f5es religiosas. Esses eventos re\u00fanem comunidades e visitantes em torno da m\u00fasica, culin\u00e1ria e tradi\u00e7\u00e3o, movimentando a economia local e contribuindo para o desenvolvimento do turismo cultural.<\/p>\n<p>Al\u00e9m disso, a retomada do turismo p\u00f3s-chuvas traz um al\u00edvio para comerciantes e empres\u00e1rios que dependem do fluxo tur\u00edstico. Restaurantes, bares, lojas de artesanato e operadoras de passeios t\u00eam registrado aumento significativo nas vendas e no n\u00famero de clientes.<\/p>\n<p>Com a previs\u00e3o de continuidade do bom tempo, o turismo no Nordeste, afirmam empres\u00e1rios do setor, deve se manter em alta nos pr\u00f3ximos meses, solidificando a regi\u00e3o como um dos principais polos tur\u00edsticos do Brasil. A aposta tamb\u00e9m \u00e9 forte na recupera\u00e7\u00e3o das perdas causadas pela baixa temporada. O cen\u00e1rio econ\u00f4mico, impulsionado por pacotes de viagem mais acess\u00edveis e facilidades de pagamento, contribui para esse otimismo.<\/p>\n","protected":false},"excerpt":{"rendered":"<p>O clima no litoral nordestino come\u00e7a a esquentar. As chuvas, comuns at\u00e9 final de agosto, in\u00edcio de setembro, j\u00e1 se mostram esparsas desde a Bahia at\u00e9 o Maranh\u00e3o. Os pr\u00f3ximos cinco meses prometem ser de c\u00e9u limpo, com a temperatura beirando a casa dos 33 graus. O desenho \u00e9 animador para a economia da regi\u00e3o, [&hellip;]<\/p>\n","protected":false},"author":2,"featured_media":222414,"comment_status":"closed","ping_status":"closed","sticky":false,"template":"","format":"standard","meta":{"_acf_changed":false,"footnotes":""},"categories":[165],"tags":[],"class_list":["post-336644","post","type-post","status-publish","format-standard","has-post-thumbnail","hentry","category-nordeste"],"acf":[],"_links":{"self":[{"href":"https:\/\/www.notibras.com\/site\/wp-json\/wp\/v2\/posts\/336644","targetHints":{"allow":["GET"]}}],"collection":[{"href":"https:\/\/www.notibras.com\/site\/wp-json\/wp\/v2\/posts"}],"about":[{"href":"https:\/\/www.notibras.com\/site\/wp-json\/wp\/v2\/types\/post"}],"author":[{"embeddable":true,"href":"https:\/\/www.notibras.com\/site\/wp-json\/wp\/v2\/users\/2"}],"replies":[{"embeddable":true,"href":"https:\/\/www.notibras.com\/site\/wp-json\/wp\/v2\/comments?post=336644"}],"version-history":[{"count":3,"href":"https:\/\/www.notibras.com\/site\/wp-json\/wp\/v2\/posts\/336644\/revisions"}],"predecessor-version":[{"id":336647,"href":"https:\/\/www.notibras.com\/site\/wp-json\/wp\/v2\/posts\/336644\/revisions\/336647"}],"wp:featuredmedia":[{"embeddable":true,"href":"https:\/\/www.notibras.com\/site\/wp-json\/wp\/v2\/media\/222414"}],"wp:attachment":[{"href":"https:\/\/www.notibras.com\/site\/wp-json\/wp\/v2\/media?parent=336644"}],"wp:term":[{"taxonomy":"category","embeddable":true,"href":"https:\/\/www.notibras.com\/site\/wp-json\/wp\/v2\/categories?post=336644"},{"taxonomy":"post_tag","embeddable":true,"href":"https:\/\/www.notibras.com\/site\/wp-json\/wp\/v2\/tags?post=336644"}],"curies":[{"name":"wp","href":"https:\/\/api.w.org\/{rel}","templated":true}]}}