{"id":336653,"date":"2024-09-17T00:04:41","date_gmt":"2024-09-17T03:04:41","guid":{"rendered":"https:\/\/www.notibras.com\/site\/?p=336653"},"modified":"2024-09-16T20:56:19","modified_gmt":"2024-09-16T23:56:19","slug":"camara-de-joao-pessoa-comemora-dia-do-administrador","status":"publish","type":"post","link":"https:\/\/www.notibras.com\/site\/camara-de-joao-pessoa-comemora-dia-do-administrador\/","title":{"rendered":"C\u00e2mara de Jo\u00e3o Pessoa comemora Dia do Administrador"},"content":{"rendered":"<p>A C\u00e2mara Municipal de Jo\u00e3o Pessoa realizou nesta segunda-feira (16), uma sess\u00e3o especial para comemorar o Dia do Administrador, celebrado em 9 de setembro. A sess\u00e3o foi presidida pelo seu propositor, o vereador Milanez Neto (MDB), secretariada pelo vereador Coronel Sobreira (Novo) e contou com a presen\u00e7a de membros do Conselho Regional de Administra\u00e7\u00e3o (CRA), profissionais da \u00e1rea e estudantes.<\/p>\n<p>A mesa de trabalhos foi composta pelo presidente e pelo vice-presidente do Conselho Regional de Administra\u00e7\u00e3o da Para\u00edba (CRA-PB), Marcos Calebbe Saraiva e Andr\u00e9 Coelho, respectivamente; pela presidente da Academia Paraibana das Ci\u00eancias da Administra\u00e7\u00e3o, Luciana Rabay; pela coordenadora do curso de Administra\u00e7\u00e3o do Instituto de Educa\u00e7\u00e3o Superior da Para\u00edba (Uniesp), Suelem Almeida; e pelo representante dos estudantes de Administra\u00e7\u00e3o Lucas Alc\u00e2ntara.<\/p>\n<p>O presidente do Conselho Regional de Administra\u00e7\u00e3o da Para\u00edba, Marcos Calebbe, destacou que desde a regulamenta\u00e7\u00e3o profissional e implanta\u00e7\u00e3o do Conselho na Para\u00edba procura-se fortalecer a profiss\u00e3o &#8220;desenvolvendo a\u00e7\u00f5es de valoriza\u00e7\u00e3o profissional, com a preocupa\u00e7\u00e3o de ajudar o profissional de administra\u00e7\u00e3o a ingressar no mercado de trabalho&#8221;. Ele ainda destacou: &#8220;Outro ponto importante \u00e9 a quest\u00e3o da gest\u00e3o p\u00fablica. J\u00e1 realizamos diversos f\u00f3runs de gest\u00e3o p\u00fablica para a capacita\u00e7\u00e3o de gestores p\u00fablicos e profissionais da administra\u00e7\u00e3o. Muitos pensam que o maior gargalo da gest\u00e3o p\u00fablica \u00e9 a corrup\u00e7\u00e3o, mas \u00e9 a falta de gest\u00e3o. Os administradores t\u00eam papel important\u00edssimo na sociedade para termos resultados mais r\u00e1pidos e com menos custos&#8221;.<\/p>\n<p>O vice-presidente do CRA-PB, Andr\u00e9 Coelho, refor\u00e7ou a import\u00e2ncia de celebrar uma profiss\u00e3o t\u00e3o presente na gest\u00e3o das institui\u00e7\u00f5es. &#8220;Esta celebra\u00e7\u00e3o anual serve para fortalecer os aspectos da administra\u00e7\u00e3o, que tem seu senso de urg\u00eancia na gest\u00e3o financeira e or\u00e7ament\u00e1ria das institui\u00e7\u00f5es. Para termos a preval\u00eancia do respeito e responsabilidade \u00e9 preciso ter pessoas com forma\u00e7\u00f5es adequadas nas fun\u00e7\u00f5es p\u00fablicas. Para tanto, se faz necess\u00e1rio a publiciza\u00e7\u00e3o dos curr\u00edculos dos gestores da administra\u00e7\u00e3o p\u00fablica para garantir um servi\u00e7o p\u00fablico de qualidade a popula\u00e7\u00e3o&#8221;, asseverou.<\/p>\n<p>A coordenadora do curso de Administra\u00e7\u00e3o do Centro Universit\u00e1rio Uniesp, Suelem Almeida, defendeu o uso das estrat\u00e9gias aprendidas durante o curso pelos administradores. &#8220;Temos que pensar em estrat\u00e9gias para que os administradores saiam cada vez mais preparados para assumirem os novos desafios que a gente vive na sociedade. Ter senso l\u00f3gico e tamb\u00e9m considerar a sensibilidade humana na tomada de decis\u00f5es \u00e9 fundamental. Ter administradores que usem efetivamente as ferramentas e estrat\u00e9gias que vemos durante o percurso de forma\u00e7\u00e3o \u00e9 essencial para que a gente consiga bons resultados. Precisamos usar as ferramentas da ci\u00eancia para provarmos que somos necess\u00e1rios e essenciais para fazer a coisa acontecer com a maior agilidade poss\u00edvel, sem descuidar da \u00e9tica&#8221;, argumentou.<\/p>\n","protected":false},"excerpt":{"rendered":"<p>A C\u00e2mara Municipal de Jo\u00e3o Pessoa realizou nesta segunda-feira (16), uma sess\u00e3o especial para comemorar o Dia do Administrador, celebrado em 9 de setembro. A sess\u00e3o foi presidida pelo seu propositor, o vereador Milanez Neto (MDB), secretariada pelo vereador Coronel Sobreira (Novo) e contou com a presen\u00e7a de membros do Conselho Regional de Administra\u00e7\u00e3o (CRA), [&hellip;]<\/p>\n","protected":false},"author":2,"featured_media":336654,"comment_status":"closed","ping_status":"closed","sticky":false,"template":"","format":"standard","meta":{"_acf_changed":false,"footnotes":""},"categories":[165],"tags":[],"class_list":["post-336653","post","type-post","status-publish","format-standard","has-post-thumbnail","hentry","category-nordeste"],"acf":[],"_links":{"self":[{"href":"https:\/\/www.notibras.com\/site\/wp-json\/wp\/v2\/posts\/336653","targetHints":{"allow":["GET"]}}],"collection":[{"href":"https:\/\/www.notibras.com\/site\/wp-json\/wp\/v2\/posts"}],"about":[{"href":"https:\/\/www.notibras.com\/site\/wp-json\/wp\/v2\/types\/post"}],"author":[{"embeddable":true,"href":"https:\/\/www.notibras.com\/site\/wp-json\/wp\/v2\/users\/2"}],"replies":[{"embeddable":true,"href":"https:\/\/www.notibras.com\/site\/wp-json\/wp\/v2\/comments?post=336653"}],"version-history":[{"count":1,"href":"https:\/\/www.notibras.com\/site\/wp-json\/wp\/v2\/posts\/336653\/revisions"}],"predecessor-version":[{"id":336655,"href":"https:\/\/www.notibras.com\/site\/wp-json\/wp\/v2\/posts\/336653\/revisions\/336655"}],"wp:featuredmedia":[{"embeddable":true,"href":"https:\/\/www.notibras.com\/site\/wp-json\/wp\/v2\/media\/336654"}],"wp:attachment":[{"href":"https:\/\/www.notibras.com\/site\/wp-json\/wp\/v2\/media?parent=336653"}],"wp:term":[{"taxonomy":"category","embeddable":true,"href":"https:\/\/www.notibras.com\/site\/wp-json\/wp\/v2\/categories?post=336653"},{"taxonomy":"post_tag","embeddable":true,"href":"https:\/\/www.notibras.com\/site\/wp-json\/wp\/v2\/tags?post=336653"}],"curies":[{"name":"wp","href":"https:\/\/api.w.org\/{rel}","templated":true}]}}