{"id":336678,"date":"2024-09-17T04:00:14","date_gmt":"2024-09-17T07:00:14","guid":{"rendered":"https:\/\/www.notibras.com\/site\/?p=336678"},"modified":"2024-09-17T06:00:03","modified_gmt":"2024-09-17T09:00:03","slug":"aracaju-maceio-fortaleza-joao-pessoa-natal-recife-salvador-e-teresina-na-mira","status":"publish","type":"post","link":"https:\/\/www.notibras.com\/site\/aracaju-maceio-fortaleza-joao-pessoa-natal-recife-salvador-e-teresina-na-mira\/","title":{"rendered":"Aracaju, Macei\u00f3, Fortaleza, Jo\u00e3o Pessoa, Natal, Recife, Salvador e Teresina na mira"},"content":{"rendered":"<p>Realizada anualmente, a maior a\u00e7\u00e3o de combate ao desmatamento na Mata Atl\u00e2ntica teve in\u00edcio nesta segunda-feira (16). Chamada de Opera\u00e7\u00e3o Mata Atl\u00e2ntica em P\u00e9, a iniciativa \u00e9 coordenada pelo Minist\u00e9rio P\u00fablico e pela Associa\u00e7\u00e3o Brasileira dos Membros do Minist\u00e9rio P\u00fablico de Meio Ambiente (Abrampa). No Nordeste a opera\u00e7\u00e3o ocorre simultaneamente em todos os estados em que o bioma est\u00e1 presente: Alagoas, Bahia, Cear\u00e1, Para\u00edba, Pernambuco, Piau\u00ed, Rio Grande do Norte e Sergipe.<\/p>\n<p>Resultado de uma a\u00e7\u00e3o conjunta entre os minist\u00e9rios p\u00fablicos estaduais e os \u00f3rg\u00e3os ambientais relacionados, a a\u00e7\u00e3o tem quatro fases. Na primeira, s\u00e3o levantadas as \u00e1reas desmatadas com base em informa\u00e7\u00f5es da Funda\u00e7\u00e3o SOS Mata Atl\u00e2ntica e do Mapbiomas Alerta. Em seguida, os propriet\u00e1rios s\u00e3o identificados pelos minist\u00e9rios p\u00fablicos, e as \u00e1reas s\u00e3o fiscalizadas pelos \u00f3rg\u00e3os p\u00fablicos e pelas pol\u00edcias ambientais. Se detectado o desmatamento, os respons\u00e1veis s\u00e3o autuados e podem responder judicialmente nas esferas c\u00edvel e criminal.<\/p>\n<p><strong>Mata Atl\u00e2ntica<\/strong><br \/>\nDe 2022 para 2023, o desmatamento no bioma teve uma diminui\u00e7\u00e3o de 27%, passando de 20.075 hectares para 14.697. Os dados s\u00e3o do Atlas da Mata Atl\u00e2ntica, coordenado pela SOS Mata Atl\u00e2ntica e pelo Instituto Nacional de Pesquisas Espaciais (INPE), que tamb\u00e9m mostram a queda do desmatamento em 13 dos 17 estados com cobertura do bioma \u2014 Piau\u00ed, Cear\u00e1 e Pernambuco foram as exce\u00e7\u00f5es. No \u00faltimo ano, tamb\u00e9m foi identificada a retirada ilegal de 17.931 hectares de vegeta\u00e7\u00e3o nativa de Mata Atl\u00e2ntica pela Opera\u00e7\u00e3o Nacional conduzida pelos minist\u00e9rios p\u00fablicos.<\/p>\n<p>Em nota, o promotor de justi\u00e7a do Minist\u00e9rio P\u00fablico e presidente da Abrampa, Alexandre Gaio. defendeu que a opera\u00e7\u00e3o consolidou uma cultura de fiscaliza\u00e7\u00e3o do desmatamento ilegal no bioma, por meio da utiliza\u00e7\u00e3o de intelig\u00eancia e cont\u00ednuo engajamento dos Minist\u00e9rios P\u00fablicos e \u00f3rg\u00e3os de fiscaliza\u00e7\u00e3o ambiental, &#8220;o que tamb\u00e9m tem contribu\u00eddo para a redu\u00e7\u00e3o dos \u00edndices de supress\u00e3o ilegal e enfrentamento \u00e0s mudan\u00e7as clim\u00e1ticas\u201d.<\/p>\n","protected":false},"excerpt":{"rendered":"<p>Realizada anualmente, a maior a\u00e7\u00e3o de combate ao desmatamento na Mata Atl\u00e2ntica teve in\u00edcio nesta segunda-feira (16). Chamada de Opera\u00e7\u00e3o Mata Atl\u00e2ntica em P\u00e9, a iniciativa \u00e9 coordenada pelo Minist\u00e9rio P\u00fablico e pela Associa\u00e7\u00e3o Brasileira dos Membros do Minist\u00e9rio P\u00fablico de Meio Ambiente (Abrampa). No Nordeste a opera\u00e7\u00e3o ocorre simultaneamente em todos os estados em [&hellip;]<\/p>\n","protected":false},"author":2,"featured_media":336679,"comment_status":"closed","ping_status":"closed","sticky":false,"template":"","format":"standard","meta":{"_acf_changed":false,"footnotes":""},"categories":[165],"tags":[],"class_list":["post-336678","post","type-post","status-publish","format-standard","has-post-thumbnail","hentry","category-nordeste"],"acf":[],"_links":{"self":[{"href":"https:\/\/www.notibras.com\/site\/wp-json\/wp\/v2\/posts\/336678","targetHints":{"allow":["GET"]}}],"collection":[{"href":"https:\/\/www.notibras.com\/site\/wp-json\/wp\/v2\/posts"}],"about":[{"href":"https:\/\/www.notibras.com\/site\/wp-json\/wp\/v2\/types\/post"}],"author":[{"embeddable":true,"href":"https:\/\/www.notibras.com\/site\/wp-json\/wp\/v2\/users\/2"}],"replies":[{"embeddable":true,"href":"https:\/\/www.notibras.com\/site\/wp-json\/wp\/v2\/comments?post=336678"}],"version-history":[{"count":1,"href":"https:\/\/www.notibras.com\/site\/wp-json\/wp\/v2\/posts\/336678\/revisions"}],"predecessor-version":[{"id":336680,"href":"https:\/\/www.notibras.com\/site\/wp-json\/wp\/v2\/posts\/336678\/revisions\/336680"}],"wp:featuredmedia":[{"embeddable":true,"href":"https:\/\/www.notibras.com\/site\/wp-json\/wp\/v2\/media\/336679"}],"wp:attachment":[{"href":"https:\/\/www.notibras.com\/site\/wp-json\/wp\/v2\/media?parent=336678"}],"wp:term":[{"taxonomy":"category","embeddable":true,"href":"https:\/\/www.notibras.com\/site\/wp-json\/wp\/v2\/categories?post=336678"},{"taxonomy":"post_tag","embeddable":true,"href":"https:\/\/www.notibras.com\/site\/wp-json\/wp\/v2\/tags?post=336678"}],"curies":[{"name":"wp","href":"https:\/\/api.w.org\/{rel}","templated":true}]}}