{"id":336681,"date":"2024-09-17T00:55:42","date_gmt":"2024-09-17T03:55:42","guid":{"rendered":"https:\/\/www.notibras.com\/site\/?p=336681"},"modified":"2024-09-17T06:32:33","modified_gmt":"2024-09-17T09:32:33","slug":"sertanejo-de-olho-no-ceu-para-ver-eclipse-penumbral-da-lua","status":"publish","type":"post","link":"https:\/\/www.notibras.com\/site\/sertanejo-de-olho-no-ceu-para-ver-eclipse-penumbral-da-lua\/","title":{"rendered":"Sertanejo de olho no C\u00e9u para ver eclipse penumbral da Lua"},"content":{"rendered":"<p>O nordestino, em especial o do Sert\u00e3o, tem uma rela\u00e7\u00e3o especial com o c\u00e9u. Desde tempos antigos, o sertanejo observa atentamente as estrelas, em busca de sinais de chuva, ventos e mudan\u00e7as nas esta\u00e7\u00f5es. A conex\u00e3o com o firmamento faz parte do cotidiano de quem vive em uma terra onde o clima, t\u00e3o imprevis\u00edvel e seco, dita o ritmo da vida. Por isso, n\u00e3o \u00e9 de se estranhar que, diante de um fen\u00f4meno como o eclipse penumbral da Lua, os olhos do povo nordestino se voltem com expectativa para o c\u00e9u.<\/p>\n<p>Diferente de outros fen\u00f4menos astron\u00f4micos, o eclipse penumbral, como o previsto para esta ter\u00e7a-feira, 17, n\u00e3o \u00e9 t\u00e3o chamativo. N\u00e3o h\u00e1 o desaparecimento completo da Lua nem o tom avermelhado dos eclipses totais. No entanto, a ideia de que a Lua, velha companheira do sertanejo, est\u00e1 passando por uma leve transforma\u00e7\u00e3o j\u00e1 \u00e9 motivo suficiente para parar e observar. \u00c9 como se o cotidiano fosse suspenso por alguns minutos, e o olhar cr\u00edtico e anal\u00edtico do homem do campo se entregasse \u00e0 poesia do cosmos.<\/p>\n<p>No sert\u00e3o, a Lua sempre teve um papel central. Ela ilumina as noites longas e escuras, orienta os trabalhos na ro\u00e7a e \u00e9 fonte de in\u00fameras lendas e causos que povoam a imagina\u00e7\u00e3o popular. Durante o eclipse, a Lua, ainda vis\u00edvel, mas levemente obscurecida pela sombra da Terra, parece guardar segredos, como se estivesse sussurrando algo que s\u00f3 os mais atentos pudessem ouvir.<\/p>\n<p>Nas cidades pequenas e nos vilarejos, o eclipse se torna um evento comunit\u00e1rio. Crian\u00e7as correm para avisar os pais, av\u00f3s puxam cadeiras para o terreiro, e todos ficam em sil\u00eancio, admirando a Lua. Mesmo aqueles que n\u00e3o conhecem os detalhes cient\u00edficos do eclipse sentem algo especial no ar, uma mistura de curiosidade e rever\u00eancia. O fen\u00f4meno \u00e9 uma oportunidade para deixar as preocupa\u00e7\u00f5es de lado e lembrar que o universo \u00e9 vasto e cheio de mist\u00e9rios.<\/p>\n<p>Assim, o eclipse penumbral da Lua, simples e sutil, ganha uma dimens\u00e3o po\u00e9tica no olhar do nordestino. A vida no sert\u00e3o \u00e9 dura, marcada por secas e lutas di\u00e1rias, mas tamb\u00e9m \u00e9 recheada de momentos em que a beleza do mundo se revela de maneira inesperada. E, nesse instante, com os olhos voltados para o c\u00e9u, o nordestino se lembra de que, mesmo nas noites mais escuras, h\u00e1 sempre algo de extraordin\u00e1rio a ser contemplado.<\/p>\n","protected":false},"excerpt":{"rendered":"<p>O nordestino, em especial o do Sert\u00e3o, tem uma rela\u00e7\u00e3o especial com o c\u00e9u. Desde tempos antigos, o sertanejo observa atentamente as estrelas, em busca de sinais de chuva, ventos e mudan\u00e7as nas esta\u00e7\u00f5es. A conex\u00e3o com o firmamento faz parte do cotidiano de quem vive em uma terra onde o clima, t\u00e3o imprevis\u00edvel e [&hellip;]<\/p>\n","protected":false},"author":2,"featured_media":274720,"comment_status":"closed","ping_status":"closed","sticky":false,"template":"","format":"standard","meta":{"_acf_changed":false,"footnotes":""},"categories":[165],"tags":[],"class_list":["post-336681","post","type-post","status-publish","format-standard","has-post-thumbnail","hentry","category-nordeste"],"acf":[],"_links":{"self":[{"href":"https:\/\/www.notibras.com\/site\/wp-json\/wp\/v2\/posts\/336681","targetHints":{"allow":["GET"]}}],"collection":[{"href":"https:\/\/www.notibras.com\/site\/wp-json\/wp\/v2\/posts"}],"about":[{"href":"https:\/\/www.notibras.com\/site\/wp-json\/wp\/v2\/types\/post"}],"author":[{"embeddable":true,"href":"https:\/\/www.notibras.com\/site\/wp-json\/wp\/v2\/users\/2"}],"replies":[{"embeddable":true,"href":"https:\/\/www.notibras.com\/site\/wp-json\/wp\/v2\/comments?post=336681"}],"version-history":[{"count":1,"href":"https:\/\/www.notibras.com\/site\/wp-json\/wp\/v2\/posts\/336681\/revisions"}],"predecessor-version":[{"id":336682,"href":"https:\/\/www.notibras.com\/site\/wp-json\/wp\/v2\/posts\/336681\/revisions\/336682"}],"wp:featuredmedia":[{"embeddable":true,"href":"https:\/\/www.notibras.com\/site\/wp-json\/wp\/v2\/media\/274720"}],"wp:attachment":[{"href":"https:\/\/www.notibras.com\/site\/wp-json\/wp\/v2\/media?parent=336681"}],"wp:term":[{"taxonomy":"category","embeddable":true,"href":"https:\/\/www.notibras.com\/site\/wp-json\/wp\/v2\/categories?post=336681"},{"taxonomy":"post_tag","embeddable":true,"href":"https:\/\/www.notibras.com\/site\/wp-json\/wp\/v2\/tags?post=336681"}],"curies":[{"name":"wp","href":"https:\/\/api.w.org\/{rel}","templated":true}]}}