{"id":33669,"date":"2015-01-11T09:51:39","date_gmt":"2015-01-11T12:51:39","guid":{"rendered":"http:\/\/www.notibras.com\/site\/?p=33669"},"modified":"2015-01-11T21:17:42","modified_gmt":"2015-01-12T00:17:42","slug":"marta-solta-o-verbo-e-adverte-seus-pares-ou-o-pt-muda-ou-acaba-de-vez","status":"publish","type":"post","link":"https:\/\/www.notibras.com\/site\/marta-solta-o-verbo-e-adverte-seus-pares-ou-o-pt-muda-ou-acaba-de-vez\/","title":{"rendered":"Marta solta o verbo e adverte. Ou PT muda, ou acaba de vez"},"content":{"rendered":"<p>A jornalista Eliane Cantanh\u00eade, demitida h\u00e1 alguns dias da Folha de S.Paulo, est\u00e1 de volta ao cen\u00e1rio nacional, fazendo o que mais gosta: escrever reportagens pol\u00eamicas, picantes e intrigantes &#8211; que n\u00e3o \u00e9 sin\u00f4nimo de intrigas. A reestreia foi neste domingo pelas p\u00e1ginas do jornal O Estado de S.Paulo. A entrevistada foi a senadora petista Marta Suplicy (SP) que criticou o governo Dilma, se disse impossibilitada de disputar e exercer cargos para os quais est\u00e1 habilitada e contou que Lula, n\u00e3o apenas fez cr\u00edticas a presidente, como tamb\u00e9m queria ser candidato na elei\u00e7\u00e3o de 2014..<\/p>\n<p>Marta, que j\u00e1 foi deputada, prefeita e duas vezes ministra pelo PT, contou ao peri\u00f3dico que Lula criticou Dilma em um jantar organizado por ela com os 30 PIBs paulistas para discutir a ineficiente pol\u00edtica econ\u00f4mica da presidente. &#8220;Eles fizeram muitas cr\u00edticas \u00e0 pol\u00edtica econ\u00f4mica e ao jeito da presidente. E ele [Lula] n\u00e3o se fez de rogado, entrou nas cr\u00edticas, disse que era isso mesmo. Naquele jeito do Lula, n\u00e9? Quando o jantar acabou, todos estavam satisfeit\u00edssimos com ele.<\/p>\n<p>Segundo a petista, o ex-presidente estava incomodado com Dilma e queria ser candidato em 2014. Para impulsionar o o movimento &#8220;Volta, Lula&#8221;, Marta contou que organizou um encontro com pol\u00edticos e artistas para que ele pudesse discutir uma possivel candidatura. De acordo com Marta, todos cancelaram a preen\u00e7a no evento, incluindo a presidente Dilma, Aloizio Mercadante. &#8220;Nessa \u00e9poca, ainda estava confuso quem seria o candidato. Tinha uma disputa. E, depois, quando ela virou candidat\u00e9sima, ele n\u00e3o falava mais com ela (&#8230;) Ele \u00e9 um grande estadista, mas n\u00e3o quis enfrentar a Dilma. Pode ser da personalidade dele n\u00e3o ir para um enfrentamento direto, ou porque achou que geraria uma tal disputa que os dois iriam perder.&#8221;<\/p>\n<blockquote><p>A senadora revelou que pensou sim em ser presidente e relembrou uma conversa que teve com Lula quando ele ocupava o mais alto cargo do Executivo. Na ocasi\u00e3o, o petista disse que sua sucessora seria uma mulher. &#8220;Pensei que ou seria eu, ou Marina (Silva) ou Dilma. Logo vi aquela hist\u00f3ria de \u2018m\u00e3e do PAC\u2019 e que era a Dilma. Pensei: \u2018O que fa\u00e7o?\u2019 Bom, ou ficava contra e n\u00e3o fazia coisa nenhuma, ou ajudava. Mais uma vez, decidi ajudar. Sempre achei que ia acabar ficando meio de fora das coisas, talvez pela origem, talvez por ser loura de olho azul, n\u00e3o sei.&#8221;<\/p><\/blockquote>\n<p>Marta disse que n\u00e3o foram &#8220;engendradas&#8221; as a\u00e7\u00f5es necess\u00e1rias quando se percebeu o fracasso da pol\u00edtica economica liderada por Dilma e que era preciso uma mudan\u00e7a na equipe econ\u00f4mica para que houvesse uma melhora no setor. Mas, segundo ela, a modifica\u00e7\u00e3o n\u00e3o se concretizou poque ela &#8220;fortaleceria a candidatura do Lula&#8221;.<\/p>\n<p>Quando perguntada se os ministros da Fazenda, Joaquim Levy, e do Planejamento, Nelson Barbosa, poderiam pedir apoio do ex-presidente diante de dificuldades, ela respondeu: &#8220;O Lula est\u00e1 fora, totalmente de fora&#8221;.<\/p>\n<p>De acordo com a senadora, Rui Falc\u00e3o e Mercadante criaram um compl\u00f4 para que Lula n\u00e3o fosse escolhido o candidato para as elei\u00e7\u00f5es presidenciais de 2014. &#8220;O Rui traiu o partido e o projeto do PT, e o partido se acovardou ao recusar um debate sobre quem era melhor para o Pa\u00eds, mesmo sabendo as limita\u00e7\u00f5es da Dilma. J\u00e1 no primeiro dia, vimos um minist\u00e9rio cujo crit\u00e9rio foi a exclus\u00e3o de todos que eram pr\u00f3ximos do Lula (&#8230;) Mercadante mente quando diz que Lula ser\u00e1 o candidato [em 2018]. Ele \u00e9 candidat\u00edssimo e est\u00e1 operando nessa dire\u00e7\u00e3o desde a campanha, quando houve um compl\u00f4 dele com Rui e Jo\u00e3o Santana (marqueteiro de Dilma) para barrar Lula.&#8221;<\/p>\n<p>Sobre as irregularidades envolvendo a Petrobras, Marta defende que todo o conselho e a diretoria da estatal sejam trocados para que a empresa seja salva, e se diz estarrecida cada vez que l\u00ea o jornal e se depara com novas den\u00fancias. &#8220;\u00c9 esse o partido que ajudei a criar e fundar? Hoje, \u00e9 um partido que sinto que n\u00e3o tenho mais nada a ver com suas estruturas. \u00c9 um partido cada vez mais isolado, que luta pela manuten\u00e7\u00e3o no poder. E, se for analisar friamente, \u00e9 um partido no qual estou h\u00e1 muito tempo alijada e cerceada, impossibilitada de disputar e exercer cargos para os quais estou habilitada.&#8221;<\/p>\n<p>Marta n\u00e3o admitiu que deixar\u00e1 o PT, mas confirmou que foi convidada a integrar v\u00e1rios partidos, exceto o PSDB e o DEM.<\/p>\n","protected":false},"excerpt":{"rendered":"<p>A jornalista Eliane Cantanh\u00eade, demitida h\u00e1 alguns dias da Folha de S.Paulo, est\u00e1 de volta ao cen\u00e1rio nacional, fazendo o que mais gosta: escrever reportagens pol\u00eamicas, picantes e intrigantes &#8211; que n\u00e3o \u00e9 sin\u00f4nimo de intrigas. A reestreia foi neste domingo pelas p\u00e1ginas do jornal O Estado de S.Paulo. A entrevistada foi a senadora petista [&hellip;]<\/p>\n","protected":false},"author":2,"featured_media":33670,"comment_status":"open","ping_status":"closed","sticky":false,"template":"","format":"standard","meta":{"_acf_changed":false,"footnotes":""},"categories":[16],"tags":[],"class_list":["post-33669","post","type-post","status-publish","format-standard","has-post-thumbnail","hentry","category-brasil"],"acf":[],"yoast_head":"<!-- This site is optimized with the Yoast SEO plugin v27.2 - https:\/\/yoast.com\/product\/yoast-seo-wordpress\/ -->\n<title>Marta solta o verbo e adverte. Ou PT muda, ou acaba de vez - Notibras<\/title>\n<meta name=\"robots\" content=\"index, follow, max-snippet:-1, max-image-preview:large, max-video-preview:-1\" \/>\n<link rel=\"canonical\" href=\"https:\/\/www.notibras.com\/site\/marta-solta-o-verbo-e-adverte-seus-pares-ou-o-pt-muda-ou-acaba-de-vez\/\" \/>\n<meta property=\"og:locale\" content=\"pt_BR\" \/>\n<meta property=\"og:type\" content=\"article\" \/>\n<meta property=\"og:title\" content=\"Marta solta o verbo e adverte. Ou PT muda, ou acaba de vez - Notibras\" \/>\n<meta property=\"og:description\" content=\"A jornalista Eliane Cantanh\u00eade, demitida h\u00e1 alguns dias da Folha de S.Paulo, est\u00e1 de volta ao cen\u00e1rio nacional, fazendo o que mais gosta: escrever reportagens pol\u00eamicas, picantes e intrigantes &#8211; que n\u00e3o \u00e9 sin\u00f4nimo de intrigas. A reestreia foi neste domingo pelas p\u00e1ginas do jornal O Estado de S.Paulo. A entrevistada foi a senadora petista [&hellip;]\" \/>\n<meta property=\"og:url\" content=\"https:\/\/www.notibras.com\/site\/marta-solta-o-verbo-e-adverte-seus-pares-ou-o-pt-muda-ou-acaba-de-vez\/\" \/>\n<meta property=\"og:site_name\" content=\"Notibras\" \/>\n<meta property=\"article:publisher\" content=\"https:\/\/www.facebook.com\/notibras\/\" \/>\n<meta property=\"article:published_time\" content=\"2015-01-11T12:51:39+00:00\" \/>\n<meta property=\"article:modified_time\" content=\"2015-01-12T00:17:42+00:00\" \/>\n<meta property=\"og:image\" content=\"https:\/\/www.notibras.com\/site\/wp-content\/uploads\/2015\/01\/martasuplicydramalho1.jpg\" \/>\n\t<meta property=\"og:image:width\" content=\"460\" \/>\n\t<meta property=\"og:image:height\" content=\"340\" \/>\n\t<meta property=\"og:image:type\" content=\"image\/jpeg\" \/>\n<meta name=\"author\" content=\"Reda\u00e7\u00e3o\" \/>\n<meta name=\"twitter:card\" content=\"summary_large_image\" \/>\n<meta name=\"twitter:creator\" content=\"@Notibras\" \/>\n<meta name=\"twitter:site\" content=\"@Notibras\" \/>\n<meta name=\"twitter:label1\" content=\"Escrito por\" \/>\n\t<meta name=\"twitter:data1\" content=\"Reda\u00e7\u00e3o\" \/>\n\t<meta name=\"twitter:label2\" content=\"Est. tempo de leitura\" \/>\n\t<meta name=\"twitter:data2\" content=\"4 minutos\" \/>\n<script type=\"application\/ld+json\" class=\"yoast-schema-graph\">{\"@context\":\"https:\/\/schema.org\",\"@graph\":[{\"@type\":\"Article\",\"@id\":\"https:\/\/www.notibras.com\/site\/marta-solta-o-verbo-e-adverte-seus-pares-ou-o-pt-muda-ou-acaba-de-vez\/#article\",\"isPartOf\":{\"@id\":\"https:\/\/www.notibras.com\/site\/marta-solta-o-verbo-e-adverte-seus-pares-ou-o-pt-muda-ou-acaba-de-vez\/\"},\"author\":{\"name\":\"Reda\u00e7\u00e3o\",\"@id\":\"https:\/\/www.notibras.com\/site\/#\/schema\/person\/36ab0979449956132d3e5b517ea76ac8\"},\"headline\":\"Marta solta o verbo e adverte. Ou PT muda, ou acaba de vez\",\"datePublished\":\"2015-01-11T12:51:39+00:00\",\"dateModified\":\"2015-01-12T00:17:42+00:00\",\"mainEntityOfPage\":{\"@id\":\"https:\/\/www.notibras.com\/site\/marta-solta-o-verbo-e-adverte-seus-pares-ou-o-pt-muda-ou-acaba-de-vez\/\"},\"wordCount\":778,\"commentCount\":0,\"publisher\":{\"@id\":\"https:\/\/www.notibras.com\/site\/#organization\"},\"image\":{\"@id\":\"https:\/\/www.notibras.com\/site\/marta-solta-o-verbo-e-adverte-seus-pares-ou-o-pt-muda-ou-acaba-de-vez\/#primaryimage\"},\"thumbnailUrl\":\"https:\/\/www.notibras.com\/site\/wp-content\/uploads\/2015\/01\/martasuplicydramalho1.jpg\",\"articleSection\":[\"Brasil\"],\"inLanguage\":\"pt-BR\",\"potentialAction\":[{\"@type\":\"CommentAction\",\"name\":\"Comment\",\"target\":[\"https:\/\/www.notibras.com\/site\/marta-solta-o-verbo-e-adverte-seus-pares-ou-o-pt-muda-ou-acaba-de-vez\/#respond\"]}]},{\"@type\":\"WebPage\",\"@id\":\"https:\/\/www.notibras.com\/site\/marta-solta-o-verbo-e-adverte-seus-pares-ou-o-pt-muda-ou-acaba-de-vez\/\",\"url\":\"https:\/\/www.notibras.com\/site\/marta-solta-o-verbo-e-adverte-seus-pares-ou-o-pt-muda-ou-acaba-de-vez\/\",\"name\":\"Marta solta o verbo e adverte. Ou PT muda, ou acaba de vez - Notibras\",\"isPartOf\":{\"@id\":\"https:\/\/www.notibras.com\/site\/#website\"},\"primaryImageOfPage\":{\"@id\":\"https:\/\/www.notibras.com\/site\/marta-solta-o-verbo-e-adverte-seus-pares-ou-o-pt-muda-ou-acaba-de-vez\/#primaryimage\"},\"image\":{\"@id\":\"https:\/\/www.notibras.com\/site\/marta-solta-o-verbo-e-adverte-seus-pares-ou-o-pt-muda-ou-acaba-de-vez\/#primaryimage\"},\"thumbnailUrl\":\"https:\/\/www.notibras.com\/site\/wp-content\/uploads\/2015\/01\/martasuplicydramalho1.jpg\",\"datePublished\":\"2015-01-11T12:51:39+00:00\",\"dateModified\":\"2015-01-12T00:17:42+00:00\",\"breadcrumb\":{\"@id\":\"https:\/\/www.notibras.com\/site\/marta-solta-o-verbo-e-adverte-seus-pares-ou-o-pt-muda-ou-acaba-de-vez\/#breadcrumb\"},\"inLanguage\":\"pt-BR\",\"potentialAction\":[{\"@type\":\"ReadAction\",\"target\":[\"https:\/\/www.notibras.com\/site\/marta-solta-o-verbo-e-adverte-seus-pares-ou-o-pt-muda-ou-acaba-de-vez\/\"]}]},{\"@type\":\"ImageObject\",\"inLanguage\":\"pt-BR\",\"@id\":\"https:\/\/www.notibras.com\/site\/marta-solta-o-verbo-e-adverte-seus-pares-ou-o-pt-muda-ou-acaba-de-vez\/#primaryimage\",\"url\":\"https:\/\/www.notibras.com\/site\/wp-content\/uploads\/2015\/01\/martasuplicydramalho1.jpg\",\"contentUrl\":\"https:\/\/www.notibras.com\/site\/wp-content\/uploads\/2015\/01\/martasuplicydramalho1.jpg\",\"width\":460,\"height\":340},{\"@type\":\"BreadcrumbList\",\"@id\":\"https:\/\/www.notibras.com\/site\/marta-solta-o-verbo-e-adverte-seus-pares-ou-o-pt-muda-ou-acaba-de-vez\/#breadcrumb\",\"itemListElement\":[{\"@type\":\"ListItem\",\"position\":1,\"name\":\"In\u00edcio\",\"item\":\"https:\/\/www.notibras.com\/site\/\"},{\"@type\":\"ListItem\",\"position\":2,\"name\":\"Marta solta o verbo e adverte. Ou PT muda, ou acaba de vez\"}]},{\"@type\":\"WebSite\",\"@id\":\"https:\/\/www.notibras.com\/site\/#website\",\"url\":\"https:\/\/www.notibras.com\/site\/\",\"name\":\"Notibras\",\"description\":\"Not\u00edcias de Bras\u00edlia, do Brasil e do Mundo\",\"publisher\":{\"@id\":\"https:\/\/www.notibras.com\/site\/#organization\"},\"potentialAction\":[{\"@type\":\"SearchAction\",\"target\":{\"@type\":\"EntryPoint\",\"urlTemplate\":\"https:\/\/www.notibras.com\/site\/?s={search_term_string}\"},\"query-input\":{\"@type\":\"PropertyValueSpecification\",\"valueRequired\":true,\"valueName\":\"search_term_string\"}}],\"inLanguage\":\"pt-BR\"},{\"@type\":\"Organization\",\"@id\":\"https:\/\/www.notibras.com\/site\/#organization\",\"name\":\"Grupo Notibras de Comunica\u00e7\u00e3o\",\"url\":\"https:\/\/www.notibras.com\/site\/\",\"logo\":{\"@type\":\"ImageObject\",\"inLanguage\":\"pt-BR\",\"@id\":\"https:\/\/www.notibras.com\/site\/#\/schema\/logo\/image\/\",\"url\":\"https:\/\/www.notibras.com\/site\/wp-content\/uploads\/2023\/01\/notibras23.png\",\"contentUrl\":\"https:\/\/www.notibras.com\/site\/wp-content\/uploads\/2023\/01\/notibras23.png\",\"width\":350,\"height\":87,\"caption\":\"Grupo Notibras de Comunica\u00e7\u00e3o\"},\"image\":{\"@id\":\"https:\/\/www.notibras.com\/site\/#\/schema\/logo\/image\/\"},\"sameAs\":[\"https:\/\/www.facebook.com\/notibras\/\",\"https:\/\/x.com\/Notibras\",\"https:\/\/www.instagram.com\/notibras\/\"]},{\"@type\":\"Person\",\"@id\":\"https:\/\/www.notibras.com\/site\/#\/schema\/person\/36ab0979449956132d3e5b517ea76ac8\",\"name\":\"Reda\u00e7\u00e3o\",\"image\":{\"@type\":\"ImageObject\",\"inLanguage\":\"pt-BR\",\"@id\":\"https:\/\/secure.gravatar.com\/avatar\/e0a867bdedb85fd243eadf09663511f96fc81e0720a4a42581f334ad4303aa6b?s=96&d=mm&r=g\",\"url\":\"https:\/\/secure.gravatar.com\/avatar\/e0a867bdedb85fd243eadf09663511f96fc81e0720a4a42581f334ad4303aa6b?s=96&d=mm&r=g\",\"contentUrl\":\"https:\/\/secure.gravatar.com\/avatar\/e0a867bdedb85fd243eadf09663511f96fc81e0720a4a42581f334ad4303aa6b?s=96&d=mm&r=g\",\"caption\":\"Reda\u00e7\u00e3o\"}}]}<\/script>\n<!-- \/ Yoast SEO plugin. -->","yoast_head_json":{"title":"Marta solta o verbo e adverte. Ou PT muda, ou acaba de vez - Notibras","robots":{"index":"index","follow":"follow","max-snippet":"max-snippet:-1","max-image-preview":"max-image-preview:large","max-video-preview":"max-video-preview:-1"},"canonical":"https:\/\/www.notibras.com\/site\/marta-solta-o-verbo-e-adverte-seus-pares-ou-o-pt-muda-ou-acaba-de-vez\/","og_locale":"pt_BR","og_type":"article","og_title":"Marta solta o verbo e adverte. Ou PT muda, ou acaba de vez - Notibras","og_description":"A jornalista Eliane Cantanh\u00eade, demitida h\u00e1 alguns dias da Folha de S.Paulo, est\u00e1 de volta ao cen\u00e1rio nacional, fazendo o que mais gosta: escrever reportagens pol\u00eamicas, picantes e intrigantes &#8211; que n\u00e3o \u00e9 sin\u00f4nimo de intrigas. A reestreia foi neste domingo pelas p\u00e1ginas do jornal O Estado de S.Paulo. A entrevistada foi a senadora petista [&hellip;]","og_url":"https:\/\/www.notibras.com\/site\/marta-solta-o-verbo-e-adverte-seus-pares-ou-o-pt-muda-ou-acaba-de-vez\/","og_site_name":"Notibras","article_publisher":"https:\/\/www.facebook.com\/notibras\/","article_published_time":"2015-01-11T12:51:39+00:00","article_modified_time":"2015-01-12T00:17:42+00:00","og_image":[{"width":460,"height":340,"url":"https:\/\/www.notibras.com\/site\/wp-content\/uploads\/2015\/01\/martasuplicydramalho1.jpg","type":"image\/jpeg"}],"author":"Reda\u00e7\u00e3o","twitter_card":"summary_large_image","twitter_creator":"@Notibras","twitter_site":"@Notibras","twitter_misc":{"Escrito por":"Reda\u00e7\u00e3o","Est. tempo de leitura":"4 minutos"},"schema":{"@context":"https:\/\/schema.org","@graph":[{"@type":"Article","@id":"https:\/\/www.notibras.com\/site\/marta-solta-o-verbo-e-adverte-seus-pares-ou-o-pt-muda-ou-acaba-de-vez\/#article","isPartOf":{"@id":"https:\/\/www.notibras.com\/site\/marta-solta-o-verbo-e-adverte-seus-pares-ou-o-pt-muda-ou-acaba-de-vez\/"},"author":{"name":"Reda\u00e7\u00e3o","@id":"https:\/\/www.notibras.com\/site\/#\/schema\/person\/36ab0979449956132d3e5b517ea76ac8"},"headline":"Marta solta o verbo e adverte. Ou PT muda, ou acaba de vez","datePublished":"2015-01-11T12:51:39+00:00","dateModified":"2015-01-12T00:17:42+00:00","mainEntityOfPage":{"@id":"https:\/\/www.notibras.com\/site\/marta-solta-o-verbo-e-adverte-seus-pares-ou-o-pt-muda-ou-acaba-de-vez\/"},"wordCount":778,"commentCount":0,"publisher":{"@id":"https:\/\/www.notibras.com\/site\/#organization"},"image":{"@id":"https:\/\/www.notibras.com\/site\/marta-solta-o-verbo-e-adverte-seus-pares-ou-o-pt-muda-ou-acaba-de-vez\/#primaryimage"},"thumbnailUrl":"https:\/\/www.notibras.com\/site\/wp-content\/uploads\/2015\/01\/martasuplicydramalho1.jpg","articleSection":["Brasil"],"inLanguage":"pt-BR","potentialAction":[{"@type":"CommentAction","name":"Comment","target":["https:\/\/www.notibras.com\/site\/marta-solta-o-verbo-e-adverte-seus-pares-ou-o-pt-muda-ou-acaba-de-vez\/#respond"]}]},{"@type":"WebPage","@id":"https:\/\/www.notibras.com\/site\/marta-solta-o-verbo-e-adverte-seus-pares-ou-o-pt-muda-ou-acaba-de-vez\/","url":"https:\/\/www.notibras.com\/site\/marta-solta-o-verbo-e-adverte-seus-pares-ou-o-pt-muda-ou-acaba-de-vez\/","name":"Marta solta o verbo e adverte. Ou PT muda, ou acaba de vez - Notibras","isPartOf":{"@id":"https:\/\/www.notibras.com\/site\/#website"},"primaryImageOfPage":{"@id":"https:\/\/www.notibras.com\/site\/marta-solta-o-verbo-e-adverte-seus-pares-ou-o-pt-muda-ou-acaba-de-vez\/#primaryimage"},"image":{"@id":"https:\/\/www.notibras.com\/site\/marta-solta-o-verbo-e-adverte-seus-pares-ou-o-pt-muda-ou-acaba-de-vez\/#primaryimage"},"thumbnailUrl":"https:\/\/www.notibras.com\/site\/wp-content\/uploads\/2015\/01\/martasuplicydramalho1.jpg","datePublished":"2015-01-11T12:51:39+00:00","dateModified":"2015-01-12T00:17:42+00:00","breadcrumb":{"@id":"https:\/\/www.notibras.com\/site\/marta-solta-o-verbo-e-adverte-seus-pares-ou-o-pt-muda-ou-acaba-de-vez\/#breadcrumb"},"inLanguage":"pt-BR","potentialAction":[{"@type":"ReadAction","target":["https:\/\/www.notibras.com\/site\/marta-solta-o-verbo-e-adverte-seus-pares-ou-o-pt-muda-ou-acaba-de-vez\/"]}]},{"@type":"ImageObject","inLanguage":"pt-BR","@id":"https:\/\/www.notibras.com\/site\/marta-solta-o-verbo-e-adverte-seus-pares-ou-o-pt-muda-ou-acaba-de-vez\/#primaryimage","url":"https:\/\/www.notibras.com\/site\/wp-content\/uploads\/2015\/01\/martasuplicydramalho1.jpg","contentUrl":"https:\/\/www.notibras.com\/site\/wp-content\/uploads\/2015\/01\/martasuplicydramalho1.jpg","width":460,"height":340},{"@type":"BreadcrumbList","@id":"https:\/\/www.notibras.com\/site\/marta-solta-o-verbo-e-adverte-seus-pares-ou-o-pt-muda-ou-acaba-de-vez\/#breadcrumb","itemListElement":[{"@type":"ListItem","position":1,"name":"In\u00edcio","item":"https:\/\/www.notibras.com\/site\/"},{"@type":"ListItem","position":2,"name":"Marta solta o verbo e adverte. Ou PT muda, ou acaba de vez"}]},{"@type":"WebSite","@id":"https:\/\/www.notibras.com\/site\/#website","url":"https:\/\/www.notibras.com\/site\/","name":"Notibras","description":"Not\u00edcias de Bras\u00edlia, do Brasil e do Mundo","publisher":{"@id":"https:\/\/www.notibras.com\/site\/#organization"},"potentialAction":[{"@type":"SearchAction","target":{"@type":"EntryPoint","urlTemplate":"https:\/\/www.notibras.com\/site\/?s={search_term_string}"},"query-input":{"@type":"PropertyValueSpecification","valueRequired":true,"valueName":"search_term_string"}}],"inLanguage":"pt-BR"},{"@type":"Organization","@id":"https:\/\/www.notibras.com\/site\/#organization","name":"Grupo Notibras de Comunica\u00e7\u00e3o","url":"https:\/\/www.notibras.com\/site\/","logo":{"@type":"ImageObject","inLanguage":"pt-BR","@id":"https:\/\/www.notibras.com\/site\/#\/schema\/logo\/image\/","url":"https:\/\/www.notibras.com\/site\/wp-content\/uploads\/2023\/01\/notibras23.png","contentUrl":"https:\/\/www.notibras.com\/site\/wp-content\/uploads\/2023\/01\/notibras23.png","width":350,"height":87,"caption":"Grupo Notibras de Comunica\u00e7\u00e3o"},"image":{"@id":"https:\/\/www.notibras.com\/site\/#\/schema\/logo\/image\/"},"sameAs":["https:\/\/www.facebook.com\/notibras\/","https:\/\/x.com\/Notibras","https:\/\/www.instagram.com\/notibras\/"]},{"@type":"Person","@id":"https:\/\/www.notibras.com\/site\/#\/schema\/person\/36ab0979449956132d3e5b517ea76ac8","name":"Reda\u00e7\u00e3o","image":{"@type":"ImageObject","inLanguage":"pt-BR","@id":"https:\/\/secure.gravatar.com\/avatar\/e0a867bdedb85fd243eadf09663511f96fc81e0720a4a42581f334ad4303aa6b?s=96&d=mm&r=g","url":"https:\/\/secure.gravatar.com\/avatar\/e0a867bdedb85fd243eadf09663511f96fc81e0720a4a42581f334ad4303aa6b?s=96&d=mm&r=g","contentUrl":"https:\/\/secure.gravatar.com\/avatar\/e0a867bdedb85fd243eadf09663511f96fc81e0720a4a42581f334ad4303aa6b?s=96&d=mm&r=g","caption":"Reda\u00e7\u00e3o"}}]}},"amp_enabled":true,"_links":{"self":[{"href":"https:\/\/www.notibras.com\/site\/wp-json\/wp\/v2\/posts\/33669","targetHints":{"allow":["GET"]}}],"collection":[{"href":"https:\/\/www.notibras.com\/site\/wp-json\/wp\/v2\/posts"}],"about":[{"href":"https:\/\/www.notibras.com\/site\/wp-json\/wp\/v2\/types\/post"}],"author":[{"embeddable":true,"href":"https:\/\/www.notibras.com\/site\/wp-json\/wp\/v2\/users\/2"}],"replies":[{"embeddable":true,"href":"https:\/\/www.notibras.com\/site\/wp-json\/wp\/v2\/comments?post=33669"}],"version-history":[{"count":0,"href":"https:\/\/www.notibras.com\/site\/wp-json\/wp\/v2\/posts\/33669\/revisions"}],"wp:featuredmedia":[{"embeddable":true,"href":"https:\/\/www.notibras.com\/site\/wp-json\/wp\/v2\/media\/33670"}],"wp:attachment":[{"href":"https:\/\/www.notibras.com\/site\/wp-json\/wp\/v2\/media?parent=33669"}],"wp:term":[{"taxonomy":"category","embeddable":true,"href":"https:\/\/www.notibras.com\/site\/wp-json\/wp\/v2\/categories?post=33669"},{"taxonomy":"post_tag","embeddable":true,"href":"https:\/\/www.notibras.com\/site\/wp-json\/wp\/v2\/tags?post=33669"}],"curies":[{"name":"wp","href":"https:\/\/api.w.org\/{rel}","templated":true}]}}