{"id":3367,"date":"2014-03-03T11:11:41","date_gmt":"2014-03-03T14:11:41","guid":{"rendered":"http:\/\/www.notibras.com\/site\/?p=3367"},"modified":"2014-03-03T15:11:53","modified_gmt":"2014-03-03T18:11:53","slug":"botafogo-encara-audax-suave-e-pensa-serio-e-na-libertadores","status":"publish","type":"post","link":"https:\/\/www.notibras.com\/site\/botafogo-encara-audax-suave-e-pensa-serio-e-na-libertadores\/","title":{"rendered":"Botafogo encara Audax suave e pensa s\u00e9rio \u00e9 na Libertadores"},"content":{"rendered":"<p>A dist\u00e2ncia do Botafogo da zona de classifica\u00e7\u00e3o do Campeonato Carioca n\u00e3o fez o Eduardo Hungaro deixar de ser comedido. Com a Copa Libertadores da Am\u00e9rica como prioridade absoluta, o t\u00e9cnico j\u00e1 indicou que dever\u00e1 escalar uma equipe reserva diante do Flamengo, no domingo de 9 de mar\u00e7o, no Maracan\u00e3.<\/p>\n<p>&#8220;O pr\u00f3ximo jogo ser\u00e1 com o time da Libertadores&#8221;, disse, referindo-se ao duelo com o Audax, na quinta-feira, em Mo\u00e7a Bonita. &#8220;Mas a tend\u00eancia \u00e9 que o cl\u00e1ssico com o Flamengo seja com a equipe que estamos utilizando no Carioca. Sei que os resultados est\u00e3o aqu\u00e9m, e a responsabilidade \u00e9 minha. S\u00f3 que n\u00e3o vamos mudar o planejamento por causa disso&#8221;, acrescentou.<\/p>\n<p>Apesar de ter vencido o Fluminense por 3 a 0 com os seus suplentes, o Botafogo foi surpreendido com uma derrota por 2 a 0 para o Maca\u00e9 no s\u00e1bado de Carnaval, em Mo\u00e7a Bonita. O resultado deixou o time alvinegro com 15 pontos ganhos no Estadual, seis atr\u00e1s do Vasco, quarto colocado.&#8221;N\u00e3o deu liga contra o Maca\u00e9. Na semana passada, todos elogiaram o belo jogo que fizemos com o Fluminense. Pela primeira vez, repetimos a escala\u00e7\u00e3o. Mas realmente n\u00e3o fomos bem&#8221;, reconheceu Hungaro, ainda acreditando em uma vaga nas semifinais. &#8220;H\u00e1 um fio de esperan\u00e7a.&#8221;<\/p>\n<p>Se os reservas do Botafogo fracassarem no Campeonato Carioca, a press\u00e3o pelo sucesso dos titulares na Libertadores dever\u00e1 aumentar. &#8220;Temos consci\u00eancia disso, mas n\u00e3o vamos trabalhar de uma forma que considero errada porque o que imaginamos n\u00e3o aconteceu. Nada pode interferir naquilo que acreditamos ser o melhor para o Botafogo. Os resultados de hoje da Libertadores nos credenciam a pensar que estamos no caminho certo&#8221;, argumentou Eduardo Hungaro.<\/p>\n","protected":false},"excerpt":{"rendered":"<p>A dist\u00e2ncia do Botafogo da zona de classifica\u00e7\u00e3o do Campeonato Carioca n\u00e3o fez o Eduardo Hungaro deixar de ser comedido. Com a Copa Libertadores da Am\u00e9rica como prioridade absoluta, o t\u00e9cnico j\u00e1 indicou que dever\u00e1 escalar uma equipe reserva diante do Flamengo, no domingo de 9 de mar\u00e7o, no Maracan\u00e3. &#8220;O pr\u00f3ximo jogo ser\u00e1 com [&hellip;]<\/p>\n","protected":false},"author":2,"featured_media":3368,"comment_status":"open","ping_status":"closed","sticky":false,"template":"","format":"standard","meta":{"_acf_changed":false,"footnotes":""},"categories":[19],"tags":[],"class_list":["post-3367","post","type-post","status-publish","format-standard","has-post-thumbnail","hentry","category-esportes"],"acf":[],"_links":{"self":[{"href":"https:\/\/www.notibras.com\/site\/wp-json\/wp\/v2\/posts\/3367","targetHints":{"allow":["GET"]}}],"collection":[{"href":"https:\/\/www.notibras.com\/site\/wp-json\/wp\/v2\/posts"}],"about":[{"href":"https:\/\/www.notibras.com\/site\/wp-json\/wp\/v2\/types\/post"}],"author":[{"embeddable":true,"href":"https:\/\/www.notibras.com\/site\/wp-json\/wp\/v2\/users\/2"}],"replies":[{"embeddable":true,"href":"https:\/\/www.notibras.com\/site\/wp-json\/wp\/v2\/comments?post=3367"}],"version-history":[{"count":0,"href":"https:\/\/www.notibras.com\/site\/wp-json\/wp\/v2\/posts\/3367\/revisions"}],"wp:featuredmedia":[{"embeddable":true,"href":"https:\/\/www.notibras.com\/site\/wp-json\/wp\/v2\/media\/3368"}],"wp:attachment":[{"href":"https:\/\/www.notibras.com\/site\/wp-json\/wp\/v2\/media?parent=3367"}],"wp:term":[{"taxonomy":"category","embeddable":true,"href":"https:\/\/www.notibras.com\/site\/wp-json\/wp\/v2\/categories?post=3367"},{"taxonomy":"post_tag","embeddable":true,"href":"https:\/\/www.notibras.com\/site\/wp-json\/wp\/v2\/tags?post=3367"}],"curies":[{"name":"wp","href":"https:\/\/api.w.org\/{rel}","templated":true}]}}