{"id":336705,"date":"2024-09-17T09:15:02","date_gmt":"2024-09-17T12:15:02","guid":{"rendered":"https:\/\/www.notibras.com\/site\/?p=336705"},"modified":"2024-09-17T09:35:22","modified_gmt":"2024-09-17T12:35:22","slug":"fumaca-do-incendio-na-agua-mineral-se-espalha-como-trevas","status":"publish","type":"post","link":"https:\/\/www.notibras.com\/site\/fumaca-do-incendio-na-agua-mineral-se-espalha-como-trevas\/","title":{"rendered":"Fuma\u00e7a do inc\u00eandio na \u00c1gua Mineral se espalha como trevas"},"content":{"rendered":"<p>A fuma\u00e7a causada pelo inc\u00eandio no Parque Nacional de Bras\u00edlia est\u00e1 se espalhando pela capital federal. A manh\u00e3 desta ter\u00e7a-feira (17) iniciou com boa parte do Plano Piloto, em especial a Asa Norte, sob uma cortina de fuma\u00e7a acompanhada de cheiro forte e fuligem. Ind\u00edcios s\u00e3o de que o fogo iniciado no domingo (15), por volta das 11h30, teve origem criminosa, o que levou a Pol\u00edcia Federal a abrir um inqu\u00e9rito.<\/p>\n<p>A onda de queimadas na capital do pa\u00eds atingiu pelo menos 2 mil hectares do Parque Nacional de Bras\u00edlia, uma unidade de conserva\u00e7\u00e3o de Cerrado nativo e abundante em nascentes de \u00e1gua, administrada pelo Instituto Chico Mendes de Conserva\u00e7\u00e3o da Biodiversidade (ICMBio).<\/p>\n<p>Com 147 dias sem chuvas este ano no DF, o tempo quente e seco dificulta o trabalho das equipes e facilita a propaga\u00e7\u00e3o das chamas. Diante da necessidade de mobiliza\u00e7\u00e3o para enfrentar os focos de inc\u00eandio, o Corpo de Bombeiros Militares do Distrito Federal (CBMDF) suspendeu todas as concess\u00f5es de f\u00e9rias, abonos anuais, dispensas e autoriza\u00e7\u00f5es para participa\u00e7\u00e3o em cursos e semin\u00e1rios de seu efetivo.<\/p>\n<p>A baixa qualidade do ar nas \u00e1reas pr\u00f3ximas do parque levou a Secretaria de Educa\u00e7\u00e3o do Distrito Federal a autorizar a suspens\u00e3o das aulas escolas \u2013 decis\u00e3o que, segundo a secretaria, seria tomada de forma aut\u00f4noma pelas unidades escolares, caso considerassem a medida necess\u00e1ria.<\/p>\n","protected":false},"excerpt":{"rendered":"<p>A fuma\u00e7a causada pelo inc\u00eandio no Parque Nacional de Bras\u00edlia est\u00e1 se espalhando pela capital federal. A manh\u00e3 desta ter\u00e7a-feira (17) iniciou com boa parte do Plano Piloto, em especial a Asa Norte, sob uma cortina de fuma\u00e7a acompanhada de cheiro forte e fuligem. Ind\u00edcios s\u00e3o de que o fogo iniciado no domingo (15), por [&hellip;]<\/p>\n","protected":false},"author":2,"featured_media":336706,"comment_status":"closed","ping_status":"closed","sticky":false,"template":"","format":"standard","meta":{"_acf_changed":false,"footnotes":""},"categories":[161],"tags":[],"class_list":["post-336705","post","type-post","status-publish","format-standard","has-post-thumbnail","hentry","category-quadradinho-em-foco"],"acf":[],"_links":{"self":[{"href":"https:\/\/www.notibras.com\/site\/wp-json\/wp\/v2\/posts\/336705","targetHints":{"allow":["GET"]}}],"collection":[{"href":"https:\/\/www.notibras.com\/site\/wp-json\/wp\/v2\/posts"}],"about":[{"href":"https:\/\/www.notibras.com\/site\/wp-json\/wp\/v2\/types\/post"}],"author":[{"embeddable":true,"href":"https:\/\/www.notibras.com\/site\/wp-json\/wp\/v2\/users\/2"}],"replies":[{"embeddable":true,"href":"https:\/\/www.notibras.com\/site\/wp-json\/wp\/v2\/comments?post=336705"}],"version-history":[{"count":1,"href":"https:\/\/www.notibras.com\/site\/wp-json\/wp\/v2\/posts\/336705\/revisions"}],"predecessor-version":[{"id":336707,"href":"https:\/\/www.notibras.com\/site\/wp-json\/wp\/v2\/posts\/336705\/revisions\/336707"}],"wp:featuredmedia":[{"embeddable":true,"href":"https:\/\/www.notibras.com\/site\/wp-json\/wp\/v2\/media\/336706"}],"wp:attachment":[{"href":"https:\/\/www.notibras.com\/site\/wp-json\/wp\/v2\/media?parent=336705"}],"wp:term":[{"taxonomy":"category","embeddable":true,"href":"https:\/\/www.notibras.com\/site\/wp-json\/wp\/v2\/categories?post=336705"},{"taxonomy":"post_tag","embeddable":true,"href":"https:\/\/www.notibras.com\/site\/wp-json\/wp\/v2\/tags?post=336705"}],"curies":[{"name":"wp","href":"https:\/\/api.w.org\/{rel}","templated":true}]}}