{"id":336708,"date":"2024-09-17T00:40:06","date_gmt":"2024-09-17T03:40:06","guid":{"rendered":"https:\/\/www.notibras.com\/site\/?p=336708"},"modified":"2024-09-17T09:41:54","modified_gmt":"2024-09-17T12:41:54","slug":"fogo-do-parque-nacional-aumenta-se-aproxima-de-casas-da-regiao","status":"publish","type":"post","link":"https:\/\/www.notibras.com\/site\/fogo-do-parque-nacional-aumenta-se-aproxima-de-casas-da-regiao\/","title":{"rendered":"Fogo do Parque Nacional aumenta se aproxima de casas da regi\u00e3o"},"content":{"rendered":"<p>O inc\u00eandio que atinge o Parque Nacional de Bras\u00edlia desde domingo (15) j\u00e1 chega perto das casas situadas nas redondezas do local. A professora Silvana Moura, que mora em uma vila militar ao lado da Floresta Nacional, conta que as chamas chegaram em volta de sua casa no in\u00edcio da tarde desta segunda-feira (16).<\/p>\n<p>\u201cDurante a madrugada eu senti o cheiro da queimada, mas estava muito longe, pensei que daria tempo de apagar. Ao meio dia, fui sair pra buscar minha filha no col\u00e9gio e s\u00f3 vi a fuma\u00e7a da queimada e, quando retornei, a vila estava cercada pelo fogo\u201d, conta.<\/p>\n<p>O Parque Nacional \u00e9 uma unidade de conserva\u00e7\u00e3o vinculada ao Instituto Chico Mendes de Conserva\u00e7\u00e3o da Biodiversidade (ICMBio), \u00f3rg\u00e3o ligado ao Minist\u00e9rio do Meio Ambiente. A Pol\u00edcia Federal investiga a origem do inc\u00eandio, que j\u00e1 consumiu 700 hectares da \u00e1rea de prote\u00e7\u00e3o ambiental .<\/p>\n<p>Apesar da fuma\u00e7a espessa que prejudica a respira\u00e7\u00e3o e causa ard\u00eancia nos olhos e na pele, a fam\u00edlia decidiu n\u00e3o sair de casa por enquanto, por causa dos quatro cachorros. Silvana, o marido e os tr\u00eas filhos continuam aguardando a a\u00e7\u00e3o do Ex\u00e9rcito e dos brigadistas que seguem tentando apagar o fogo. Segundo ela, avi\u00f5es tamb\u00e9m est\u00e3o jogando \u00e1gua no local.<\/p>\n<p>Silvana conta que essa \u00e9 a pior situa\u00e7\u00e3o j\u00e1 enfrentada no local. \u201cJ\u00e1 teve queimadas na floresta em outros anos, mas dessa vez est\u00e1 pior. Eu nunca vi uma coisa t\u00e3o absurda\u201d. Segundo ela, fam\u00edlias vizinhas est\u00e3o deixando suas casas por causa da fuma\u00e7a e do medo do avan\u00e7o do fogo.<\/p>\n<p>Com 146 dias sem chuvas este ano no Distrito Federal, o tempo quente e seco dificulta o trabalho das equipes e facilita a propaga\u00e7\u00e3o das chamas.<\/p>\n","protected":false},"excerpt":{"rendered":"<p>O inc\u00eandio que atinge o Parque Nacional de Bras\u00edlia desde domingo (15) j\u00e1 chega perto das casas situadas nas redondezas do local. A professora Silvana Moura, que mora em uma vila militar ao lado da Floresta Nacional, conta que as chamas chegaram em volta de sua casa no in\u00edcio da tarde desta segunda-feira (16). \u201cDurante [&hellip;]<\/p>\n","protected":false},"author":2,"featured_media":336709,"comment_status":"closed","ping_status":"closed","sticky":false,"template":"","format":"standard","meta":{"_acf_changed":false,"footnotes":""},"categories":[161],"tags":[],"class_list":["post-336708","post","type-post","status-publish","format-standard","has-post-thumbnail","hentry","category-quadradinho-em-foco"],"acf":[],"_links":{"self":[{"href":"https:\/\/www.notibras.com\/site\/wp-json\/wp\/v2\/posts\/336708","targetHints":{"allow":["GET"]}}],"collection":[{"href":"https:\/\/www.notibras.com\/site\/wp-json\/wp\/v2\/posts"}],"about":[{"href":"https:\/\/www.notibras.com\/site\/wp-json\/wp\/v2\/types\/post"}],"author":[{"embeddable":true,"href":"https:\/\/www.notibras.com\/site\/wp-json\/wp\/v2\/users\/2"}],"replies":[{"embeddable":true,"href":"https:\/\/www.notibras.com\/site\/wp-json\/wp\/v2\/comments?post=336708"}],"version-history":[{"count":1,"href":"https:\/\/www.notibras.com\/site\/wp-json\/wp\/v2\/posts\/336708\/revisions"}],"predecessor-version":[{"id":336710,"href":"https:\/\/www.notibras.com\/site\/wp-json\/wp\/v2\/posts\/336708\/revisions\/336710"}],"wp:featuredmedia":[{"embeddable":true,"href":"https:\/\/www.notibras.com\/site\/wp-json\/wp\/v2\/media\/336709"}],"wp:attachment":[{"href":"https:\/\/www.notibras.com\/site\/wp-json\/wp\/v2\/media?parent=336708"}],"wp:term":[{"taxonomy":"category","embeddable":true,"href":"https:\/\/www.notibras.com\/site\/wp-json\/wp\/v2\/categories?post=336708"},{"taxonomy":"post_tag","embeddable":true,"href":"https:\/\/www.notibras.com\/site\/wp-json\/wp\/v2\/tags?post=336708"}],"curies":[{"name":"wp","href":"https:\/\/api.w.org\/{rel}","templated":true}]}}