{"id":336711,"date":"2024-09-17T10:12:59","date_gmt":"2024-09-17T13:12:59","guid":{"rendered":"https:\/\/www.notibras.com\/site\/?p=336711"},"modified":"2024-09-17T10:12:59","modified_gmt":"2024-09-17T13:12:59","slug":"lembrancas-doloridas-de-um-longinquo-natal","status":"publish","type":"post","link":"https:\/\/www.notibras.com\/site\/lembrancas-doloridas-de-um-longinquo-natal\/","title":{"rendered":"Lembran\u00e7as doloridas de um long\u00ednquo Natal"},"content":{"rendered":"<p>Desde que minha av\u00f3 materna se foi, nunca mais os Natais foram os mesmos. Ela era a matriarca da fam\u00edlia e, do alto de tamanha e doce autoridade, fazia-nos rumar para a farta ceia, sempre posta na enorme mesa de madeira na sala de jantar. \u00c9 engra\u00e7ado falar assim, pois hoje moro em um m\u00edsero apartamento, onde mal cabe uma mesa para dois lugares na cozinha min\u00fascula. Quanto \u00e0 sala, al\u00e9m do sof\u00e1 pu\u00eddo, dorme uma televis\u00e3o pregada na parede.<\/p>\n<p>De todos os Natais que passei na casa da minha av\u00f3, o primeiro que me recordo foi em 1962, quando estava prestes a completar seis anos. Sei porque passei a noite inteira envergonhado por conta de uma coisa que, hoje, me parece t\u00e3o boba. Mas n\u00e3o devemos menosprezar as agruras das crian\u00e7as, que possuem l\u00e1 suas afli\u00e7\u00f5es.<\/p>\n<p>Papai estava colocando os presentes no porta-malas do carro, quando me aproximei. Ele sorriu e disse para eu ir chamar mam\u00e3e e meus irm\u00e3os para n\u00e3o nos atrasarmos para a ceia na casa dos meus av\u00f3s. No entanto, certamente por curiosidade, quis saber qual daqueles embrulhos era o meu. Meu velho apontou para o maior e, impetuoso que era, quis abri-lo ali mesmo. Meu pai me impediu, mas n\u00e3o antes de eu conseguir rasgar o papel que o cobria.<\/p>\n<p>N\u00e3o demorou, todos est\u00e1vamos dentro do autom\u00f3vel a caminho da festa de Natal. No entanto, meu pensamento era com aquele rasgo feito no meu presente. Ser\u00e1 que algu\u00e9m iria not\u00e1-lo? Que vergonha! Eu, que j\u00e1 n\u00e3o era de falar muito, fiquei mudo durante todo o trajeto.<\/p>\n<p>Assim que papai estacionou, fomos recebidos pelos familiares. Beijos, abra\u00e7os, que at\u00e9 hoje n\u00e3o me recordo, pois n\u00e3o conseguia tirar da mente aquele meu imprudente ato. Por que eu havia feito aquilo? De t\u00e3o envergonhado, imaginei que todos ali lan\u00e7avam olhares inquisidores sobre mim. Para piorar, o meu presente, o maior de todos, foi colocado em posi\u00e7\u00e3o de destaque debaixo da enorme \u00e1rvore de Natal.<\/p>\n<p>Enquanto meus irm\u00e3os e primos ansiavam pela chegada da meia-noite, eu me esgueirava pelos cantos, como querendo que aquele pesadelo acabasse o mais r\u00e1pido poss\u00edvel. Para piorar, aquele que seria o meu presente parecia me encarar como se querendo dizer: &#8220;L\u00facio, voc\u00ea deveria ter vergonha do que fez. Olha como todos os outros presentes est\u00e3o embrulhados. S\u00f3 o seu que est\u00e1 com esse rasgo. Que vergonha!&#8221;<\/p>\n<p>E l\u00e1 estava eu repleto de culpa quando vov\u00f3 anunciou que o t\u00e3o esperado momento havia chegado. Foi uma correria para debaixo da \u00e1rvore. Em minutos, todos os embrulhos foram abertos, menos o meu, que continuava ali im\u00f3vel me encarando. Foi preciso minha m\u00e3e me cutucar e perguntar onde estava o meu presente. Abaixei os olhos e chorei. Minha av\u00f3 percebeu e se aproximou.<\/p>\n<p>\u2014 O que foi, L\u00facio?<\/p>\n<p>\u2014 Eu rasguei o papel do meu presente.<\/p>\n<p>\u2014 E da\u00ed, meu amor? O que importa n\u00e3o \u00e9 o pacote, mas o que est\u00e1 dentro.<\/p>\n<p>Levei d\u00e9cadas para entender as palavras da minha av\u00f3. Ela era t\u00e3o s\u00e1bia. Entretanto, o rasgo naquele papel colorido, vez ou outra, ainda \u00e9 algo que me perturba.<\/p>\n<p><strong>*Eduardo Mart\u00ednez \u00e9 autor do livro \u201c57 Contos e Cr\u00f4nicas por um Autor muito Velho\u201d.<\/strong><\/p>\n<p>Compre aqui\u00a0<span class=\"x19la9d6 x1fc57z9 x6ikm8r x10wlt62 x19co3pv x1g5zs5t xfibh0p xiy17q3 x1xsqp64 x1lkfr7t xexx8yu x4uap5 x18d9i69 xkhd6sd\"><span class=\"xrtxmta x1bhl96m\"><img decoding=\"async\" class=\"emoji\" role=\"img\" draggable=\"false\" src=\"https:\/\/s.w.org\/images\/core\/emoji\/14.0.0\/svg\/1f447-1f3ff.svg\" alt=\"&#x1f447;&#x1f3ff;\" \/><\/span><\/span><span class=\"x19la9d6 x1fc57z9 x6ikm8r x10wlt62 x19co3pv x1g5zs5t xfibh0p xiy17q3 x1xsqp64 x1lkfr7t xexx8yu x4uap5 x18d9i69 xkhd6sd\"><span class=\"xrtxmta x1bhl96m\"><img decoding=\"async\" class=\"emoji\" role=\"img\" draggable=\"false\" src=\"https:\/\/s.w.org\/images\/core\/emoji\/14.0.0\/svg\/1f447-1f3ff.svg\" alt=\"&#x1f447;&#x1f3ff;\" \/><\/span><\/span><span class=\"x19la9d6 x1fc57z9 x6ikm8r x10wlt62 x19co3pv x1g5zs5t xfibh0p xiy17q3 x1xsqp64 x1lkfr7t xexx8yu x4uap5 x18d9i69 xkhd6sd\"><span class=\"xrtxmta x1bhl96m\"><img decoding=\"async\" class=\"emoji\" role=\"img\" draggable=\"false\" src=\"https:\/\/s.w.org\/images\/core\/emoji\/14.0.0\/svg\/1f447-1f3ff.svg\" alt=\"&#x1f447;&#x1f3ff;\" \/><\/span><\/span><\/p>\n<p><a href=\"http:\/\/www.joanineditora.com.br\/57-contos-e-cronicas-por-um-autor-muito-velho\">http:\/\/www.joanineditora.com.br\/57-contos-e-cronicas-por-um-autor-muito-velho<\/a><\/p>\n","protected":false},"excerpt":{"rendered":"<p>Desde que minha av\u00f3 materna se foi, nunca mais os Natais foram os mesmos. Ela era a matriarca da fam\u00edlia e, do alto de tamanha e doce autoridade, fazia-nos rumar para a farta ceia, sempre posta na enorme mesa de madeira na sala de jantar. \u00c9 engra\u00e7ado falar assim, pois hoje moro em um m\u00edsero [&hellip;]<\/p>\n","protected":false},"author":2,"featured_media":336712,"comment_status":"closed","ping_status":"closed","sticky":false,"template":"","format":"standard","meta":{"_acf_changed":false,"footnotes":""},"categories":[161],"tags":[],"class_list":["post-336711","post","type-post","status-publish","format-standard","has-post-thumbnail","hentry","category-quadradinho-em-foco"],"acf":[],"_links":{"self":[{"href":"https:\/\/www.notibras.com\/site\/wp-json\/wp\/v2\/posts\/336711","targetHints":{"allow":["GET"]}}],"collection":[{"href":"https:\/\/www.notibras.com\/site\/wp-json\/wp\/v2\/posts"}],"about":[{"href":"https:\/\/www.notibras.com\/site\/wp-json\/wp\/v2\/types\/post"}],"author":[{"embeddable":true,"href":"https:\/\/www.notibras.com\/site\/wp-json\/wp\/v2\/users\/2"}],"replies":[{"embeddable":true,"href":"https:\/\/www.notibras.com\/site\/wp-json\/wp\/v2\/comments?post=336711"}],"version-history":[{"count":1,"href":"https:\/\/www.notibras.com\/site\/wp-json\/wp\/v2\/posts\/336711\/revisions"}],"predecessor-version":[{"id":336713,"href":"https:\/\/www.notibras.com\/site\/wp-json\/wp\/v2\/posts\/336711\/revisions\/336713"}],"wp:featuredmedia":[{"embeddable":true,"href":"https:\/\/www.notibras.com\/site\/wp-json\/wp\/v2\/media\/336712"}],"wp:attachment":[{"href":"https:\/\/www.notibras.com\/site\/wp-json\/wp\/v2\/media?parent=336711"}],"wp:term":[{"taxonomy":"category","embeddable":true,"href":"https:\/\/www.notibras.com\/site\/wp-json\/wp\/v2\/categories?post=336711"},{"taxonomy":"post_tag","embeddable":true,"href":"https:\/\/www.notibras.com\/site\/wp-json\/wp\/v2\/tags?post=336711"}],"curies":[{"name":"wp","href":"https:\/\/api.w.org\/{rel}","templated":true}]}}