{"id":336714,"date":"2024-09-17T00:47:26","date_gmt":"2024-09-17T03:47:26","guid":{"rendered":"https:\/\/www.notibras.com\/site\/?p=336714"},"modified":"2024-09-17T11:50:27","modified_gmt":"2024-09-17T14:50:27","slug":"gdf-suspende-ferias-de-bombeiros-para-ter-efetivo-maximo-contra-incendios","status":"publish","type":"post","link":"https:\/\/www.notibras.com\/site\/gdf-suspende-ferias-de-bombeiros-para-ter-efetivo-maximo-contra-incendios\/","title":{"rendered":"GDF suspende f\u00e9rias de bombeiros para ter efetivo m\u00e1ximo contra inc\u00eandios"},"content":{"rendered":"<p>O Governo do Distrito Federal (GDF) determinou ao Corpo de Bombeiros Militares do Distrito Federal (CBMDF) a suspens\u00e3o de todas as concess\u00f5es de f\u00e9rias, abonos anuais, dispensas e autoriza\u00e7\u00f5es para participa\u00e7\u00e3o em cursos e semin\u00e1rios dos profissionais.<\/p>\n<p>A medida, anunciada nesta segunda-feira (16), perdurar\u00e1 durante a Opera\u00e7\u00e3o Verde-Vivo\/2024 e foi tomada pelo governador Ibaneis Rocha diante da extrema necessidade de mobiliza\u00e7\u00e3o total da corpora\u00e7\u00e3o para enfrentar os v\u00e1rios focos de inc\u00eandios florestais no Distrito Federal.<\/p>\n<p>De acordo com a decis\u00e3o, todos os afastamentos tempor\u00e1rios previamente concedidos ou j\u00e1 em usufruto devem ser interrompidos. Os bombeiros afetados pela medida ter\u00e3o um prazo de 24 horas para se apresentarem nas suas respectivas organiza\u00e7\u00f5es.<\/p>\n<p>O comando do CBMDF tamb\u00e9m instruiu os respons\u00e1veis pelos \u00f3rg\u00e3os envolvidos a tomarem as provid\u00eancias necess\u00e1rias para implementar a suspens\u00e3o.<\/p>\n<p>A decis\u00e3o foi tomada com base em normas do Decreto Federal n\u00ba 7.163\/2010 e das leis que regulamentam a organiza\u00e7\u00e3o e o estatuto dos Bombeiros Militares, e visa garantir que todos os recursos da corpora\u00e7\u00e3o sejam alocados para combater os inc\u00eandios em curso.<\/p>\n","protected":false},"excerpt":{"rendered":"<p>O Governo do Distrito Federal (GDF) determinou ao Corpo de Bombeiros Militares do Distrito Federal (CBMDF) a suspens\u00e3o de todas as concess\u00f5es de f\u00e9rias, abonos anuais, dispensas e autoriza\u00e7\u00f5es para participa\u00e7\u00e3o em cursos e semin\u00e1rios dos profissionais. A medida, anunciada nesta segunda-feira (16), perdurar\u00e1 durante a Opera\u00e7\u00e3o Verde-Vivo\/2024 e foi tomada pelo governador Ibaneis Rocha [&hellip;]<\/p>\n","protected":false},"author":2,"featured_media":336715,"comment_status":"closed","ping_status":"closed","sticky":false,"template":"","format":"standard","meta":{"_acf_changed":false,"footnotes":""},"categories":[161],"tags":[],"class_list":["post-336714","post","type-post","status-publish","format-standard","has-post-thumbnail","hentry","category-quadradinho-em-foco"],"acf":[],"_links":{"self":[{"href":"https:\/\/www.notibras.com\/site\/wp-json\/wp\/v2\/posts\/336714","targetHints":{"allow":["GET"]}}],"collection":[{"href":"https:\/\/www.notibras.com\/site\/wp-json\/wp\/v2\/posts"}],"about":[{"href":"https:\/\/www.notibras.com\/site\/wp-json\/wp\/v2\/types\/post"}],"author":[{"embeddable":true,"href":"https:\/\/www.notibras.com\/site\/wp-json\/wp\/v2\/users\/2"}],"replies":[{"embeddable":true,"href":"https:\/\/www.notibras.com\/site\/wp-json\/wp\/v2\/comments?post=336714"}],"version-history":[{"count":1,"href":"https:\/\/www.notibras.com\/site\/wp-json\/wp\/v2\/posts\/336714\/revisions"}],"predecessor-version":[{"id":336716,"href":"https:\/\/www.notibras.com\/site\/wp-json\/wp\/v2\/posts\/336714\/revisions\/336716"}],"wp:featuredmedia":[{"embeddable":true,"href":"https:\/\/www.notibras.com\/site\/wp-json\/wp\/v2\/media\/336715"}],"wp:attachment":[{"href":"https:\/\/www.notibras.com\/site\/wp-json\/wp\/v2\/media?parent=336714"}],"wp:term":[{"taxonomy":"category","embeddable":true,"href":"https:\/\/www.notibras.com\/site\/wp-json\/wp\/v2\/categories?post=336714"},{"taxonomy":"post_tag","embeddable":true,"href":"https:\/\/www.notibras.com\/site\/wp-json\/wp\/v2\/tags?post=336714"}],"curies":[{"name":"wp","href":"https:\/\/api.w.org\/{rel}","templated":true}]}}