{"id":336721,"date":"2024-09-17T17:56:53","date_gmt":"2024-09-17T20:56:53","guid":{"rendered":"https:\/\/www.notibras.com\/site\/?p=336721"},"modified":"2024-09-17T19:14:57","modified_gmt":"2024-09-17T22:14:57","slug":"itapuama-vive-momento-de-magia-do-litoral-nordestino","status":"publish","type":"post","link":"https:\/\/www.notibras.com\/site\/itapuama-vive-momento-de-magia-do-litoral-nordestino\/","title":{"rendered":"Itapuama vive momento de magia do litoral nordestino"},"content":{"rendered":"<p>Luciano Souza, gerente do Bar do N\u00eago e Fau, na praia de Itapuama, \u00e9 um poeta nativo. Aqui, no litoral Sul de Pernambuco, ele descortina um vocabul\u00e1rio capaz de fazer inveja a criadores de personagens como Jo\u00e3o Grilo, Odorico Paragua\u00e7u, Pedro Quaderna, Dom Casmurro&#8230; Foi o que demonstrou nesta ter\u00e7a, 17, enquanto degust\u00e1vamos um entrec\u00f4te bovino regado a uma dose de Old Parr.<\/p>\n<p>&#8211; Olha l\u00e1, jornalista &#8211; disse-me ele, apontando para o horizonte, onde a Lua Cheia, final de tarde, erguia-se sem pressa. &#8220;\u00c9 uma vis\u00e3o que mescla suavidade e impon\u00eancia; todo m\u00eas ela aparece assim, e a gente n\u00e3o se cansa de admirar&#8221;, frisou. O crep\u00fasculo se despedia lentamente, tingindo o c\u00e9u com tons de laranja e rosa, como uma aquarela pintada com esmero pela natureza. O mar refletia o brilho crescente do astro sobre \u00e1guas agora cintilantes, como uma joia l\u00edquida.<\/p>\n<p>A nossos p\u00e9s, as ondas quebravam delicadamente na areia, criando uma trilha sonora que embala momentos m\u00e1gicos. Luciano, aluno da escola da vida, discorre p\u00e9rolas. &#8220;Cada batida do mar parece sincronizar-se com o pulso da terra, num di\u00e1logo silencioso. Nossa praia, antes banhada pela luz dourada do sol, come\u00e7a a envolver-se no manto prateado da noite&#8221;, enfatiza, com um sorriso largo..<\/p>\n<p>Tento acompanhar seu racioc\u00ednio. Eu, um setent\u00e3o vindo da selva de pedras que \u00e9 Bras\u00edlia, levo o copo \u00e0 boca e leio seus pensamentos. &#8220;A Lua, majestosa, n\u00e3o apenas anuncia a noite; ela parece dar as boas-vindas ao Sol que, do outro lado do mundo, est\u00e1 pronto para se erguer e dar in\u00edcio a um novo ciclo&#8221;, digo. &#8220;Isso mesmo&#8221;, concorda Luciano, pontuando a seguir uma frase antol\u00f3gica: &#8220;H\u00e1 uma conex\u00e3o misteriosa e eterna entre eles. A cada p\u00f4r do Sol, a Lua assume seu lugar como guardi\u00e3 dos sonhos, enquanto o Sol se retira para descansar, preparando-se para o pr\u00f3ximo amanhecer.&#8221;<\/p>\n<p>Luciano segura o celular e registra em imagens o ciclo que se repete na Praia de Itapuama. Marca um gola\u00e7o, como uma coreografia c\u00f3smica que permanece inalterada ao longo dos tempos. A noite come\u00e7a a ganhar vida sob a luz lunar; as estrelas surgem como pequenos pontos de esperan\u00e7a. O c\u00e9u, agora escuro, carrega a promessa de que, mesmo nas sombras, h\u00e1 luz. Quando o Sol retornar, o astro-rei encontrar\u00e1 o cen\u00e1rio preparado pela Lua, pronto para mais um espet\u00e1culo no teatro da vida.<\/p>\n<p>&#8211; Vida que segue, sinaliza Luciano, indicando que organizar\u00e1 as mesas porque, logo mais, haver\u00e1 um eclipse. &#8220;Vou nessa&#8221;, diz o gerente do Bar do N\u00eago e Fau, lembrando, ao despedir-se para breves momentos de aus\u00eancia, que, ao contr\u00e1rio do Sert\u00e3o, na praia a Lua n\u00e3o nasce por tr\u00e1s da verde mata, mas defronte a coqueiros verdejantes.<\/p>\n","protected":false},"excerpt":{"rendered":"<p>Luciano Souza, gerente do Bar do N\u00eago e Fau, na praia de Itapuama, \u00e9 um poeta nativo. Aqui, no litoral Sul de Pernambuco, ele descortina um vocabul\u00e1rio capaz de fazer inveja a criadores de personagens como Jo\u00e3o Grilo, Odorico Paragua\u00e7u, Pedro Quaderna, Dom Casmurro&#8230; Foi o que demonstrou nesta ter\u00e7a, 17, enquanto degust\u00e1vamos um entrec\u00f4te [&hellip;]<\/p>\n","protected":false},"author":2,"featured_media":336722,"comment_status":"closed","ping_status":"closed","sticky":false,"template":"","format":"standard","meta":{"_acf_changed":false,"footnotes":""},"categories":[165],"tags":[],"class_list":["post-336721","post","type-post","status-publish","format-standard","has-post-thumbnail","hentry","category-nordeste"],"acf":[],"_links":{"self":[{"href":"https:\/\/www.notibras.com\/site\/wp-json\/wp\/v2\/posts\/336721","targetHints":{"allow":["GET"]}}],"collection":[{"href":"https:\/\/www.notibras.com\/site\/wp-json\/wp\/v2\/posts"}],"about":[{"href":"https:\/\/www.notibras.com\/site\/wp-json\/wp\/v2\/types\/post"}],"author":[{"embeddable":true,"href":"https:\/\/www.notibras.com\/site\/wp-json\/wp\/v2\/users\/2"}],"replies":[{"embeddable":true,"href":"https:\/\/www.notibras.com\/site\/wp-json\/wp\/v2\/comments?post=336721"}],"version-history":[{"count":2,"href":"https:\/\/www.notibras.com\/site\/wp-json\/wp\/v2\/posts\/336721\/revisions"}],"predecessor-version":[{"id":336724,"href":"https:\/\/www.notibras.com\/site\/wp-json\/wp\/v2\/posts\/336721\/revisions\/336724"}],"wp:featuredmedia":[{"embeddable":true,"href":"https:\/\/www.notibras.com\/site\/wp-json\/wp\/v2\/media\/336722"}],"wp:attachment":[{"href":"https:\/\/www.notibras.com\/site\/wp-json\/wp\/v2\/media?parent=336721"}],"wp:term":[{"taxonomy":"category","embeddable":true,"href":"https:\/\/www.notibras.com\/site\/wp-json\/wp\/v2\/categories?post=336721"},{"taxonomy":"post_tag","embeddable":true,"href":"https:\/\/www.notibras.com\/site\/wp-json\/wp\/v2\/tags?post=336721"}],"curies":[{"name":"wp","href":"https:\/\/api.w.org\/{rel}","templated":true}]}}