{"id":336752,"date":"2024-09-18T08:49:36","date_gmt":"2024-09-18T11:49:36","guid":{"rendered":"https:\/\/www.notibras.com\/site\/?p=336752"},"modified":"2024-09-18T09:08:54","modified_gmt":"2024-09-18T12:08:54","slug":"brigar-por-beijo-de-casal-deixa-policial-no-chao","status":"publish","type":"post","link":"https:\/\/www.notibras.com\/site\/brigar-por-beijo-de-casal-deixa-policial-no-chao\/","title":{"rendered":"Brigar por beijo de casal deixa policial no ch\u00e3o"},"content":{"rendered":"<p>L\u00e1 estava o Santana, ostentando a arma na cintura, se achando o maior combatente do crime. Isso apesar de n\u00e3o ter certeza nem mesmo se teria ingerido duas, tr\u00eas ou meia d\u00fazia de latinhas de cerveja, j\u00e1 que havia in\u00fameras outras no ch\u00e3o, t\u00e3o pr\u00f3ximas aos seus p\u00e9s, que, provavelmente, iriam contribuir ainda mais para aumentar a pan\u00e7a, que tanto dificultava vestir as pr\u00f3prias cal\u00e7as. Ao seu lado, ligeiramente mais s\u00f3brio, se encontrava o Limeira, seu companheiro de tantas primaveras na pol\u00edcia.<\/p>\n<p>N\u00e3o muito longe do palco, os dois canas escutavam aquela m\u00fasica cheia de agudos. At\u00e9 ensaiavam uns passos, mas nem a m\u00fasica animada conseguia fazer com que aqueles corpos disformes fossem al\u00e9m de alguns estalares de dedos. Todavia, se o Limeira estava mais a fim de curtir a noite, o Santana, sempre atento a tudo, apesar de quase nem sempre conseguir enxergar um palmo \u00e0 frente da pr\u00f3pria fu\u00e7a, n\u00e3o gostou do beijo mais caloroso do casal logo ali. Foi dar uma de moralista em pleno show de rock.<\/p>\n<p>\u2014 Que porra \u00e9 essa?<\/p>\n<p>Os dois pombinhos nem notaram a interrup\u00e7\u00e3o do paquiderme armado. Isso, ali\u00e1s, provocou uma rea\u00e7\u00e3o ainda mais severa do Santana, que deu um empurr\u00e3o no rapaz. Este, por sua vez, olhou espantado para aquele homem barrigudo.<\/p>\n<p>\u2014 T\u00e1 olhando o qu\u00ea, moleque? &#8211; Santana, enfurecido, desafiou o jovem, que n\u00e3o devia ter mais do que 20 anos.<\/p>\n<p>\u2014 Voc\u00ea \u00e9 muito macho porque est\u00e1 armado!<\/p>\n<p>Pra qu\u00ea? O Santana, num movimento at\u00e9 r\u00e1pido para algu\u00e9m t\u00e3o gordo e embriagado, pegou a pistola em sua cintura e a jogou no meio da plateia.<\/p>\n<p>\u2014 Agora vem, moleque!<\/p>\n<p>Coitado do Santana! Tomou um soco no meio do nariz e caiu de bunda no asfalto. O rapaz tomou a m\u00e3o da amada, agora ainda mais apaixonada, e sumiu na multid\u00e3o. J\u00e1 o Santana, al\u00e9m de perder a contenda, nunca mais conseguiu encontrar a sua arma. Quanto \u00e0 autoestima, n\u00e3o tinha o que fazer, pois, h\u00e1 muito, ela o abandonara.<\/p>\n<p><strong>*Eduardo Mart\u00ednez \u00e9 autor do livro \u201c57 Contos e Cr\u00f4nicas por um Autor muito Velho\u201d.<\/strong><\/p>\n<p>Compre aqui\u00a0<span class=\"x19la9d6 x1fc57z9 x6ikm8r x10wlt62 x19co3pv x1g5zs5t xfibh0p xiy17q3 x1xsqp64 x1lkfr7t xexx8yu x4uap5 x18d9i69 xkhd6sd\"><span class=\"xrtxmta x1bhl96m\"><img decoding=\"async\" class=\"emoji\" role=\"img\" draggable=\"false\" src=\"https:\/\/s.w.org\/images\/core\/emoji\/14.0.0\/svg\/1f447-1f3ff.svg\" alt=\"&#x1f447;&#x1f3ff;\" \/><\/span><\/span><span class=\"x19la9d6 x1fc57z9 x6ikm8r x10wlt62 x19co3pv x1g5zs5t xfibh0p xiy17q3 x1xsqp64 x1lkfr7t xexx8yu x4uap5 x18d9i69 xkhd6sd\"><span class=\"xrtxmta x1bhl96m\"><img decoding=\"async\" class=\"emoji\" role=\"img\" draggable=\"false\" src=\"https:\/\/s.w.org\/images\/core\/emoji\/14.0.0\/svg\/1f447-1f3ff.svg\" alt=\"&#x1f447;&#x1f3ff;\" \/><\/span><\/span><span class=\"x19la9d6 x1fc57z9 x6ikm8r x10wlt62 x19co3pv x1g5zs5t xfibh0p xiy17q3 x1xsqp64 x1lkfr7t xexx8yu x4uap5 x18d9i69 xkhd6sd\"><span class=\"xrtxmta x1bhl96m\"><img decoding=\"async\" class=\"emoji\" role=\"img\" draggable=\"false\" src=\"https:\/\/s.w.org\/images\/core\/emoji\/14.0.0\/svg\/1f447-1f3ff.svg\" alt=\"&#x1f447;&#x1f3ff;\" \/><\/span><\/span><\/p>\n<p><a href=\"http:\/\/www.joanineditora.com.br\/57-contos-e-cronicas-por-um-autor-muito-velho\">http:\/\/www.joanineditora.com.br\/57-contos-e-cronicas-por-um-autor-muito-velho<\/a><\/p>\n<div id=\"wpdevar_comment_4\"><\/div>\n","protected":false},"excerpt":{"rendered":"<p>L\u00e1 estava o Santana, ostentando a arma na cintura, se achando o maior combatente do crime. Isso apesar de n\u00e3o ter certeza nem mesmo se teria ingerido duas, tr\u00eas ou meia d\u00fazia de latinhas de cerveja, j\u00e1 que havia in\u00fameras outras no ch\u00e3o, t\u00e3o pr\u00f3ximas aos seus p\u00e9s, que, provavelmente, iriam contribuir ainda mais para [&hellip;]<\/p>\n","protected":false},"author":2,"featured_media":336753,"comment_status":"closed","ping_status":"closed","sticky":false,"template":"","format":"standard","meta":{"_acf_changed":false,"footnotes":""},"categories":[161],"tags":[],"class_list":["post-336752","post","type-post","status-publish","format-standard","has-post-thumbnail","hentry","category-quadradinho-em-foco"],"acf":[],"_links":{"self":[{"href":"https:\/\/www.notibras.com\/site\/wp-json\/wp\/v2\/posts\/336752","targetHints":{"allow":["GET"]}}],"collection":[{"href":"https:\/\/www.notibras.com\/site\/wp-json\/wp\/v2\/posts"}],"about":[{"href":"https:\/\/www.notibras.com\/site\/wp-json\/wp\/v2\/types\/post"}],"author":[{"embeddable":true,"href":"https:\/\/www.notibras.com\/site\/wp-json\/wp\/v2\/users\/2"}],"replies":[{"embeddable":true,"href":"https:\/\/www.notibras.com\/site\/wp-json\/wp\/v2\/comments?post=336752"}],"version-history":[{"count":3,"href":"https:\/\/www.notibras.com\/site\/wp-json\/wp\/v2\/posts\/336752\/revisions"}],"predecessor-version":[{"id":336765,"href":"https:\/\/www.notibras.com\/site\/wp-json\/wp\/v2\/posts\/336752\/revisions\/336765"}],"wp:featuredmedia":[{"embeddable":true,"href":"https:\/\/www.notibras.com\/site\/wp-json\/wp\/v2\/media\/336753"}],"wp:attachment":[{"href":"https:\/\/www.notibras.com\/site\/wp-json\/wp\/v2\/media?parent=336752"}],"wp:term":[{"taxonomy":"category","embeddable":true,"href":"https:\/\/www.notibras.com\/site\/wp-json\/wp\/v2\/categories?post=336752"},{"taxonomy":"post_tag","embeddable":true,"href":"https:\/\/www.notibras.com\/site\/wp-json\/wp\/v2\/tags?post=336752"}],"curies":[{"name":"wp","href":"https:\/\/api.w.org\/{rel}","templated":true}]}}