{"id":336756,"date":"2024-09-18T09:03:16","date_gmt":"2024-09-18T12:03:16","guid":{"rendered":"https:\/\/www.notibras.com\/site\/?p=336756"},"modified":"2024-09-18T09:06:38","modified_gmt":"2024-09-18T12:06:38","slug":"filhos-da-oligarquia-disputam-votos-dos-pobres-nos-morros-do-recife","status":"publish","type":"post","link":"https:\/\/www.notibras.com\/site\/filhos-da-oligarquia-disputam-votos-dos-pobres-nos-morros-do-recife\/","title":{"rendered":"Filhos da oligarquia disputam votos dos pobres nos morros do Recife"},"content":{"rendered":"<p>Eles nunca frequentaram uma escola p\u00fablica, andaram de \u00f4nibus ou precisaram trabalhar. Est\u00e3o em busca de se manterem no poder pol\u00edtico e\/ou econ\u00f4mico porque j\u00e1 nasceram nele, pois pertencem a fam\u00edlias que de longa data se sucedem no controle de prefeituras, do governo estadual e at\u00e9 das representa\u00e7\u00f5es locais de \u00f3rg\u00e3os do governo federal.<\/p>\n<p>Acostumaram-se a viver, literalmente, como pol\u00edticos profissionais, agarrados \u00e0s tetas dos cargos e dos or\u00e7amentos p\u00fablicos. Agora est\u00e3o, mais uma vez, como fazem a cada quatro anos, atr\u00e1s dos votos dos moradores pobres dos morros e de bairros perif\u00e9ricos do Recife para manterem seus privil\u00e9gios.<\/p>\n<p>Com o PT alijado da disputa pela Prefeitura do Recife, mediante um acordo entre Lula e o prefeito Jo\u00e3o Campos (PSB), candidato \u00e0 reelei\u00e7\u00e3o e com o apoio do presidente da Rep\u00fablica ele nada de bra\u00e7adas na disputa por seu cargo com os companheiros oligarcas Daniel Coelho (PSD) e Gilson Machado (PL).<\/p>\n<p>No campo da esquerda, s\u00f3 a deputada estadual Dani Portela (PSOL) concorre ao cargo.<\/p>\n<p><strong>Jo\u00e3o Campos<\/strong><br \/>\nBisneto de Miguel Arraes, um \u00edcone da esquerda brasileira, Jo\u00e3o Campos \u00e9 apenas um simulacro do ex-governador de Pernambuco quando a quest\u00e3o \u00e9 ideol\u00f3gica. Ele est\u00e1 mais pr\u00f3ximo do pai, o tamb\u00e9m ex-governador Jo\u00e3o Campos, morto na campanha eleitoral de 2014 em acidente a\u00e9reo ocorrido em S\u00e3o Paulo, quando era candidato \u00e0 Presid\u00eancia da Rep\u00fablica pelo PSB, partido que dois anos depois votaria em massa pelo impeachment da ex-presidenta Dilma Roussef.<\/p>\n<p>Antes de chegar \u00e0 Universidade Federal de Pernambuco, onde tornou-se engenheiro, Jo\u00e3o Campos fez sua forma\u00e7\u00e3o educacional no Col\u00e9gio Damas, tradicional escola cat\u00f3lica, de origem belga, com 13 unidades no Brasil, sendo a do Recife a mais tradicional. Refer\u00eancia na educa\u00e7\u00e3o brasileira, a Damas recebe crian\u00e7as a partir de 1 ano at\u00e9 a 3\u00aa s\u00e9rie do Ensino M\u00e9dio, este no modelo norte-americano de high school com forma\u00e7\u00e3o bil\u00edngue dos alunos.<\/p>\n<p>O primeiro emprego de Jo\u00e3o Campos foi no cargo de chefe de gabinete do ex-governador Paulo C\u00e2mara (2015-2023), que havia substitu\u00eddo seu pai como preposto da fam\u00edlia Campos. Seu pai tamb\u00e9m ocupou esse mesmo cargo no Pal\u00e1cio do Campo das Princesas no segundo governo de Arraes e na C\u00e2mara, quando o av\u00f4 foi deputado federal. Com o sobrenome da fam\u00edlia, Jo\u00e3o Campos foi por duas vezes deputado federal e eleito prefeito do Recife para o lugar de Geraldo J\u00falio.<\/p>\n<p><strong>Daniel Coelho<\/strong><br \/>\nFilho do ex-deputado estadual Jo\u00e3o Ramos Coelho, Daniel Coelho ingressou na pol\u00edtica em 2003, aos 25 anos, e nunca mais saiu dela. Foi vereador no Recife por dois mandatos, uma vez deputado estadual e outras duas deputado federal. Perdeu duas elei\u00e7\u00f5es para a Prefeitura do Recife e n\u00e3o conseguiu, em 2022, sua reelei\u00e7\u00e3o para deputado federal. Sem mandato, ele foi nomeado secret\u00e1rio de Turismo de Pernambuco pela governadora Raquel Lyra, do PSDB, antigo partido do candidato.<\/p>\n<p><img loading=\"lazy\" decoding=\"async\" class=\"wp-image-336760 aligncenter\" src=\"https:\/\/www.notibras.com\/site\/wp-content\/uploads\/2024\/09\/danielcoelho-300x165.jpg\" alt=\"\" width=\"505\" height=\"278\" srcset=\"https:\/\/www.notibras.com\/site\/wp-content\/uploads\/2024\/09\/danielcoelho-300x165.jpg 300w, https:\/\/www.notibras.com\/site\/wp-content\/uploads\/2024\/09\/danielcoelho-768x422.jpg 768w, https:\/\/www.notibras.com\/site\/wp-content\/uploads\/2024\/09\/danielcoelho.jpg 806w\" sizes=\"auto, (max-width: 505px) 100vw, 505px\" \/><\/p>\n<p>Formado em administra\u00e7\u00e3o pela Universidade do Estado de Pernambuco, antes de ingressar na pol\u00edtica Daniel Coelho fez mestrado, na mesma \u00e1rea, na Universidade de Bornemouth, na Inglaterra, onde morou por dois anos. Nos dois mandatos na C\u00e2mara dos Deputados, o atual e mais uma vez candidato \u00e0 Prefeitura do Recife, al\u00e9m de votar a favor do impeachment de Dilma, votou sempre contra os interesses dos trabalhadores ou pautas sociais, no apoio \u00e0 terceiriza\u00e7\u00e3o da for\u00e7a de trabalho, PEC do Teto de Gastos e Reforma Trabalhista, que retirou direitos dos trabalhadores e emasculou os sindicatos.<\/p>\n<p><strong>Gilson Machado<\/strong><br \/>\nO mais velho dessa turma, aos 56 anos Gilson Machado (PL) est\u00e1 disputando sua segunda elei\u00e7\u00e3o. A primeira, em 2022, quando ficou em terceito lugar, foi para o Senado. Mas seu primeiro cargo p\u00fablico tem alguma semelhan\u00e7a com o pai de Jo\u00e3o Campos. Como Eduardo Campos, que chefiou o gabinete de Arraes em seu mandato de deputado federal, Gilson Machado tamb\u00e9m foi chefe de gabinete do seu tio, o tamb\u00e9m deputado federal do PFL que carregava o mesmo nome de Gilson Machado.<\/p>\n<p><img loading=\"lazy\" decoding=\"async\" class=\"wp-image-336759 alignright\" src=\"https:\/\/www.notibras.com\/site\/wp-content\/uploads\/2024\/09\/gilsonmachado-300x165.jpg\" alt=\"\" width=\"504\" height=\"277\" srcset=\"https:\/\/www.notibras.com\/site\/wp-content\/uploads\/2024\/09\/gilsonmachado-300x165.jpg 300w, https:\/\/www.notibras.com\/site\/wp-content\/uploads\/2024\/09\/gilsonmachado-768x422.jpg 768w, https:\/\/www.notibras.com\/site\/wp-content\/uploads\/2024\/09\/gilsonmachado.jpg 806w\" sizes=\"auto, (max-width: 504px) 100vw, 504px\" \/><\/p>\n<p>Produtor rural, veterin\u00e1rio e empres\u00e1rio do setor de turismo &#8211; ele tem uma pousada em S\u00e3o Jos\u00e9 dos Milagres, em Alagoas, onde no \u00faltimo Natal hospedou o ex-presidente Jair Bolsonaro &#8211; exerceu no governo do capit\u00e3o os dois principais cargos ligados \u00e0 sua \u00e1rea de atua\u00e7\u00e3o na vida privada: foi ministro do Turismo e presidente da Embratur (Ag\u00eancia Brasileira de Promo\u00e7\u00e3o Internacional do Turismo). \u00danico evang\u00e9lico dos candidatos e assumido como de direita, Gilson Machado j\u00e1 teve por mais de uma vez sua campanha na televis\u00e3o suspensa pelo Tribunal Regional Eleitoral por ataques a Jo\u00e3o Campos.<\/p>\n<p><strong>Dani Portela<\/strong><br \/>\nPresen\u00e7a isolada dos candidatos na Parada da Diversidade 2024, realizada neste domingo (15), na Avenida Boa Viagem, na Zona Sul da Capital, a deputada estadual Dani Portela (PSOL) \u00e9 tamb\u00e9m a \u00fanica representante da esquerda concorrendo \u00e0 Prefeitura do Recife.<\/p>\n<p>No lugar de prometer casas ou projetos sociais que nunca saem do papel para as classes pobres, ela discursa em defesa do direito \u00e0 vida &#8211; &#8220;precisamos lutar por condi\u00e7\u00f5es m\u00ednimas de exist\u00eancia para essa popula\u00e7\u00e3o&#8221;, disse na Parada da Diversidade.<\/p>\n<p><img loading=\"lazy\" decoding=\"async\" class=\"wp-image-336758 alignleft\" src=\"https:\/\/www.notibras.com\/site\/wp-content\/uploads\/2024\/09\/daniportelarec-300x165.jpg\" alt=\"\" width=\"504\" height=\"277\" srcset=\"https:\/\/www.notibras.com\/site\/wp-content\/uploads\/2024\/09\/daniportelarec-300x165.jpg 300w, https:\/\/www.notibras.com\/site\/wp-content\/uploads\/2024\/09\/daniportelarec-768x422.jpg 768w, https:\/\/www.notibras.com\/site\/wp-content\/uploads\/2024\/09\/daniportelarec.jpg 806w\" sizes=\"auto, (max-width: 504px) 100vw, 504px\" \/><\/p>\n<p>&#8211; A falta de pol\u00edticas de enfrentamento \u00e0s viol\u00eancias de ra\u00e7a e g\u00eanero no ambiente escolar \u00e9 a principal causa para o alto \u00edndice de evas\u00e3o. A sa\u00edda precoce da escola colabora para que esta popula\u00e7\u00e3o n\u00e3o acesse uma qualifica\u00e7\u00e3o profissional que lhe garanta condi\u00e7\u00f5es de ingressar no mercado de trabalho e faz com que a maioria esteja em subempregos, na informalidade prec\u00e1ria ou sobrevivendo da prostitui\u00e7\u00e3o ou sem ocupa\u00e7\u00e3o, acrescentou.<\/p>\n<p>Filha adotiva de Eribaldo Portela, um ex-preso pol\u00edtico torturado durante a ditadura militar (1964-1985), Dani Portela tem 49 anos, \u00e9 negra, advogada, historiadora e professora. Egressa da escola p\u00fablica pagou para se formar pela Universidade Cat\u00f3lica de Pernambuco, mas fez mestrado na Universidade Federal de Pernambuco. Participou de grupos de estudos pol\u00edticos ainda adolescente, quando se formou alfabetizadora popular pelo M\u00e9todo Paulo Freire e foi parte do Diret\u00f3rio Acad\u00eamico de Hist\u00f3ria, durante a gradua\u00e7\u00e3o.<\/p>\n<p>Em todas as \u00e1reas em que se dedicou academicamente e na atividade pol\u00edtica, se debru\u00e7a sobre as quest\u00f5es de g\u00eanero e viol\u00eancia. Sua atua\u00e7\u00e3o como advogada se concentrou na defesa dos direitos das mulheres e junto ao movimento sindical, principalmente com sindicatos da \u00e1rea de educa\u00e7\u00e3o.<\/p>\n<p>Em 2018, foi candidata ao Governo de Pernambuco pelo PSOL, alcan\u00e7ando o terceiro lugar no pleito, sendo at\u00e9 hoje a mulher com a maior vota\u00e7\u00e3o nominal ao cargo. Em 2020, foi eleita vereadora do Recife, tamb\u00e9m pelo PSOL, sendo a parlamentar mais votada da elei\u00e7\u00e3o. Em 2022, foi eleita deputada estadual com 38.215 votos. Desde a verean\u00e7a pauta sua atua\u00e7\u00e3o parlamentar a partir de uma identidade popular, antiracista, feminista, anti-LGBTf\u00f3bica, anticapacitista e anticapitalista.<\/p>\n","protected":false},"excerpt":{"rendered":"<p>Eles nunca frequentaram uma escola p\u00fablica, andaram de \u00f4nibus ou precisaram trabalhar. Est\u00e3o em busca de se manterem no poder pol\u00edtico e\/ou econ\u00f4mico porque j\u00e1 nasceram nele, pois pertencem a fam\u00edlias que de longa data se sucedem no controle de prefeituras, do governo estadual e at\u00e9 das representa\u00e7\u00f5es locais de \u00f3rg\u00e3os do governo federal. Acostumaram-se [&hellip;]<\/p>\n","protected":false},"author":2,"featured_media":336757,"comment_status":"closed","ping_status":"closed","sticky":false,"template":"","format":"standard","meta":{"_acf_changed":false,"footnotes":""},"categories":[165],"tags":[],"class_list":["post-336756","post","type-post","status-publish","format-standard","has-post-thumbnail","hentry","category-nordeste"],"acf":[],"_links":{"self":[{"href":"https:\/\/www.notibras.com\/site\/wp-json\/wp\/v2\/posts\/336756","targetHints":{"allow":["GET"]}}],"collection":[{"href":"https:\/\/www.notibras.com\/site\/wp-json\/wp\/v2\/posts"}],"about":[{"href":"https:\/\/www.notibras.com\/site\/wp-json\/wp\/v2\/types\/post"}],"author":[{"embeddable":true,"href":"https:\/\/www.notibras.com\/site\/wp-json\/wp\/v2\/users\/2"}],"replies":[{"embeddable":true,"href":"https:\/\/www.notibras.com\/site\/wp-json\/wp\/v2\/comments?post=336756"}],"version-history":[{"count":4,"href":"https:\/\/www.notibras.com\/site\/wp-json\/wp\/v2\/posts\/336756\/revisions"}],"predecessor-version":[{"id":336764,"href":"https:\/\/www.notibras.com\/site\/wp-json\/wp\/v2\/posts\/336756\/revisions\/336764"}],"wp:featuredmedia":[{"embeddable":true,"href":"https:\/\/www.notibras.com\/site\/wp-json\/wp\/v2\/media\/336757"}],"wp:attachment":[{"href":"https:\/\/www.notibras.com\/site\/wp-json\/wp\/v2\/media?parent=336756"}],"wp:term":[{"taxonomy":"category","embeddable":true,"href":"https:\/\/www.notibras.com\/site\/wp-json\/wp\/v2\/categories?post=336756"},{"taxonomy":"post_tag","embeddable":true,"href":"https:\/\/www.notibras.com\/site\/wp-json\/wp\/v2\/tags?post=336756"}],"curies":[{"name":"wp","href":"https:\/\/api.w.org\/{rel}","templated":true}]}}