{"id":336898,"date":"2024-09-20T01:16:46","date_gmt":"2024-09-20T04:16:46","guid":{"rendered":"https:\/\/www.notibras.com\/site\/?p=336898"},"modified":"2024-09-20T01:35:07","modified_gmt":"2024-09-20T04:35:07","slug":"policia-acaba-com-farra-de-revendedor-de-tv-box-que-burla-a-lei-do-pais","status":"publish","type":"post","link":"https:\/\/www.notibras.com\/site\/policia-acaba-com-farra-de-revendedor-de-tv-box-que-burla-a-lei-do-pais\/","title":{"rendered":"Pol\u00edcia acaba com farra de revendedor de TV Box que burla a lei do pa\u00eds"},"content":{"rendered":"<p>Era quest\u00e3o de tempo. No submundo digital, a farra dos revendedores de TV Box pirata corria solta. Com promessas de \u201ctodos os canais por uma fra\u00e7\u00e3o do pre\u00e7o\u201d e acesso irrestrito a conte\u00fados pagos, os vendedores multiplicavam-se como cogumelos ap\u00f3s a chuva. An\u00fancios suspeitos no WhatsApp, grupos secretos no Telegram, e vendedores oferecendo os dispositivos com sorrisos largos em esquinas e portas de lojas. Era o para\u00edso dos golpistas.<\/p>\n<p>O que muitos n\u00e3o sabiam \u2014 ou fingiam ignorar \u2014 \u00e9 que aquela facilidade tinha um pre\u00e7o que n\u00e3o se limitava ao valor m\u00f3dico cobrado pelo aparelho. O pre\u00e7o maior seria pago pela pr\u00f3pria liberdade, com o peso da lei batendo \u00e0 porta.<\/p>\n<p>Foi na quinta, 19, que as sirenes come\u00e7aram a soar em capitais do Sul, Sudeste e Centro-Oeste. A opera\u00e7\u00e3o da pol\u00edcia havia sido planejada com precis\u00e3o. Ap\u00f3s meses de investiga\u00e7\u00f5es, rastreando os tent\u00e1culos dessa teia de ilegalidade, chegaram aos grandes revendedores.<\/p>\n<p>Ali, nas sombras de um com\u00e9rcio popular, havia um esquema que lucrava milh\u00f5es \u00e0s custas de consumidores seduzidos pela proposta irresist\u00edvel de burlar o sistema. N\u00e3o eram apenas aparelhos de TV Box que estavam em jogo, mas toda uma rede de crime organizado.<\/p>\n<p>Nos bastidores, conversas interceptadas mostravam que os l\u00edderes do esquema riam da impunidade. \u201cNingu\u00e9m vai pegar a gente. Quem liga pra isso?\u201d, debochavam. O que eles n\u00e3o contavam \u00e9 que a pol\u00edcia, munida de mandados, rastreamentos e paci\u00eancia, estava prestes a acabar com a farra.<\/p>\n<p>A pol\u00edcia chegou e os sorrisos desapareceram. As viaturas cercaram os pontos estrat\u00e9gicos, enquanto os agentes batiam nas portas de galp\u00f5es e escrit\u00f3rios onde o neg\u00f3cio ilegal prosperava. TV Box? L\u00e1 dentro, eram estocados como se fossem frutas em feiras.<\/p>\n<p>E os clientes? Muitos ficariam na m\u00e3o, sem sequer imaginar que seu \u201cneg\u00f3cio da China\u201d estava fadado ao fim. Com os principais revendedores presos e as redes de distribui\u00e7\u00e3o desmanteladas, a mensagem ficou clara: a lei n\u00e3o estava mais disposta a fechar os olhos.<\/p>\n<p>Entre os vizinhos que assistiam \u00e0 cena com uma curiosidade contida, na Feira dos Importados, em Bras\u00edlia, um senhor balan\u00e7ou a cabe\u00e7a, com um ar de quem j\u00e1 viu de tudo. \u201cEssas coisas n\u00e3o duram. A justi\u00e7a sempre chega, mais cedo ou mais tarde.\u201d<\/p>\n<p>Agora a festa acabou. Ao menos para os revendedores.<\/p>\n","protected":false},"excerpt":{"rendered":"<p>Era quest\u00e3o de tempo. No submundo digital, a farra dos revendedores de TV Box pirata corria solta. Com promessas de \u201ctodos os canais por uma fra\u00e7\u00e3o do pre\u00e7o\u201d e acesso irrestrito a conte\u00fados pagos, os vendedores multiplicavam-se como cogumelos ap\u00f3s a chuva. An\u00fancios suspeitos no WhatsApp, grupos secretos no Telegram, e vendedores oferecendo os dispositivos [&hellip;]<\/p>\n","protected":false},"author":2,"featured_media":336899,"comment_status":"closed","ping_status":"closed","sticky":false,"template":"","format":"standard","meta":{"_acf_changed":false,"footnotes":""},"categories":[161],"tags":[95],"class_list":["post-336898","post","type-post","status-publish","format-standard","has-post-thumbnail","hentry","category-quadradinho-em-foco","tag-capa"],"acf":[],"_links":{"self":[{"href":"https:\/\/www.notibras.com\/site\/wp-json\/wp\/v2\/posts\/336898","targetHints":{"allow":["GET"]}}],"collection":[{"href":"https:\/\/www.notibras.com\/site\/wp-json\/wp\/v2\/posts"}],"about":[{"href":"https:\/\/www.notibras.com\/site\/wp-json\/wp\/v2\/types\/post"}],"author":[{"embeddable":true,"href":"https:\/\/www.notibras.com\/site\/wp-json\/wp\/v2\/users\/2"}],"replies":[{"embeddable":true,"href":"https:\/\/www.notibras.com\/site\/wp-json\/wp\/v2\/comments?post=336898"}],"version-history":[{"count":3,"href":"https:\/\/www.notibras.com\/site\/wp-json\/wp\/v2\/posts\/336898\/revisions"}],"predecessor-version":[{"id":336902,"href":"https:\/\/www.notibras.com\/site\/wp-json\/wp\/v2\/posts\/336898\/revisions\/336902"}],"wp:featuredmedia":[{"embeddable":true,"href":"https:\/\/www.notibras.com\/site\/wp-json\/wp\/v2\/media\/336899"}],"wp:attachment":[{"href":"https:\/\/www.notibras.com\/site\/wp-json\/wp\/v2\/media?parent=336898"}],"wp:term":[{"taxonomy":"category","embeddable":true,"href":"https:\/\/www.notibras.com\/site\/wp-json\/wp\/v2\/categories?post=336898"},{"taxonomy":"post_tag","embeddable":true,"href":"https:\/\/www.notibras.com\/site\/wp-json\/wp\/v2\/tags?post=336898"}],"curies":[{"name":"wp","href":"https:\/\/api.w.org\/{rel}","templated":true}]}}