{"id":336937,"date":"2024-09-21T07:37:44","date_gmt":"2024-09-21T10:37:44","guid":{"rendered":"https:\/\/www.notibras.com\/site\/?p=336937"},"modified":"2024-09-21T07:37:44","modified_gmt":"2024-09-21T10:37:44","slug":"verdade-nua-e-crua-entre-realidade-politica-e-expectativa-do-eleitor","status":"publish","type":"post","link":"https:\/\/www.notibras.com\/site\/verdade-nua-e-crua-entre-realidade-politica-e-expectativa-do-eleitor\/","title":{"rendered":"Verdade nua e crua entre realidade pol\u00edtica e expectativa do eleitor"},"content":{"rendered":"<p>Para baiacus, pilombetas e barnab\u00e9s, viver no Brasil realmente est\u00e1 pela hora da morte. Para reajustar o sal\u00e1rio-m\u00ednimo, hoje valendo R$ 1.412,00, o Congresso Nacional precisa validar a Lei de Diretrizes Or\u00e7ament\u00e1rias, cuja tramita\u00e7\u00e3o leva mais tempo que o parto de uma \u00e9gua, com dura\u00e7\u00e3o m\u00ednima de 330 dias e m\u00e1xima de 350 dias. Isso quando h\u00e1 entendimento sobre os extras das excel\u00eancias. Ou seja, para o trabalhador mais simples, pau no lombo, xingamento, amea\u00e7a e fogo nas ventas.<\/p>\n<p>Quando muito, um sandu\u00edche de mortadela e um refresco de laranja para aplaudir quem n\u00e3o merece mais do que vaias e ovos podres. Para os que se elegem \u00e0 custa da ingenuidade ou da necessidade alheia, tudo, inclusive o suor e o sangue da ral\u00e9. Craques na arte de legislar em causa pr\u00f3pria, deputados e senadores, com sal\u00e1rios de R$ 46,3 mil mensais, normalmente aprovam seus reajustes a toque de caixa. \u00c0s vezes, nem precisa da caixa. \u00c9 o caso da C\u00e2mara Legislativa do Distrito Federal.<\/p>\n<p>Esta semana, em vota\u00e7\u00e3o simb\u00f3lica, 22 dos 24 representantes do povo brasiliense precisaram de apenas 16 segundos para confirmar o novo sal\u00e1rio de R$ 34,7 mil, 75% dos subs\u00eddios dos deputados federais. Defensor incans\u00e1vel dos bons, estejam eles onde estiverem, n\u00e3o tenho voca\u00e7\u00e3o para perseguidor de pessoas nocivas ao pa\u00eds, mesmo aquelas com pe\u00e7onhas na l\u00edngua, nas palavras e nas a\u00e7\u00f5es, mas com vestimentas de cordeiros com c\u00e2imbra. Por isso, n\u00e3o me cabe julgar os chamados homens p\u00fablicos, a maioria tida com pr\u00edncipes da tragicom\u00e9dia.<\/p>\n<p>Como me tiraram at\u00e9 a gra\u00e7a, tamb\u00e9m n\u00e3o consigo mais fazer piada com eles. O que sei \u00e9 que, caso a justi\u00e7a dos homens falhe, a de Deus um dia os punir\u00e1. E n\u00e3o haver\u00e1 banca de advogado capaz de salv\u00e1-los ou alivi\u00e1-los da pena m\u00e1xima: o umbral. N\u00e3o os julgo, mas compartilho da tese de Joaquim Nabuco, para quem \u201ca classe pol\u00edtica parece ter contra\u00eddo, na bancarrota das promessas e dos compromissos, a faculdade de tornar-se insens\u00edvel diante da mis\u00e9ria alheia\u201d. Entre os pol\u00edticos n\u00e3o h\u00e1 meio termo: a realidade deles est\u00e1 anos luz distante das expectativas dos eleitores. Eis a raz\u00e3o pela qual desde a campanha o candidato a pol\u00edtico n\u00e3o passa de um n\u00famero.<\/p>\n<p>Com alguma preocupa\u00e7\u00e3o a respeito da minoria que n\u00e3o se inclui na lista dos maus pol\u00edticos, lembro da melhor frase j\u00e1 escrita para definir Bras\u00edlia, mais especificamente o Congresso e o Pal\u00e1cio do Planalto. Na comemora\u00e7\u00e3o de seus 102 anos, Oscar Niemeyer cunhou a express\u00e3o que todo brasileiro mais s\u00e9rio gostaria de ter cunhado: \u201cProjetar Bras\u00edlia para os pol\u00edticos que voc\u00eas colocaram l\u00e1 foi como criar um lindo vaso de flores para voc\u00eas usarem como penico. Hoje eu vejo, tristemente, que Bras\u00edlia nunca deveria ter sido projetada em forma de avi\u00e3o, mas sim de cambur\u00e3o\u201d.<\/p>\n<p>Ser\u00e1 justo um parlamentar federal ganhar R$ 46,3 mil mensais? O que ele produz para merecer tudo isso? Quem souber, me avise. Quem sabe eu encontre argumentos que me impe\u00e7am de continuar escrevendo sobre a desnecessidade desse tipo de homem p\u00fablico. Afinal, em um pa\u00eds onde a lei vale tanto quanto uma Cibalena vencida, qualquer segmento social pode se unir para trabalhar contra o povo, negociar vantagens pessoais, livrar parceiros da cadeia, encomendar inc\u00eandios, chamar presidentes de ladr\u00e3o ou de corruptos, ati\u00e7ar cidad\u00e3os ing\u00eanuos para quebrar pr\u00e9dios p\u00fablicos, requerer impeachments de ministros do Supremo Tribunal e desqualificar a urna eletr\u00f4nica, hoje, queiram ou n\u00e3o, um dos mais conhecidos produtos nacionais.<\/p>\n","protected":false},"excerpt":{"rendered":"<p>Para baiacus, pilombetas e barnab\u00e9s, viver no Brasil realmente est\u00e1 pela hora da morte. Para reajustar o sal\u00e1rio-m\u00ednimo, hoje valendo R$ 1.412,00, o Congresso Nacional precisa validar a Lei de Diretrizes Or\u00e7ament\u00e1rias, cuja tramita\u00e7\u00e3o leva mais tempo que o parto de uma \u00e9gua, com dura\u00e7\u00e3o m\u00ednima de 330 dias e m\u00e1xima de 350 dias. Isso [&hellip;]<\/p>\n","protected":false},"author":2,"featured_media":121522,"comment_status":"closed","ping_status":"closed","sticky":false,"template":"","format":"standard","meta":{"_acf_changed":false,"footnotes":""},"categories":[161],"tags":[],"class_list":["post-336937","post","type-post","status-publish","format-standard","has-post-thumbnail","hentry","category-quadradinho-em-foco"],"acf":[],"_links":{"self":[{"href":"https:\/\/www.notibras.com\/site\/wp-json\/wp\/v2\/posts\/336937","targetHints":{"allow":["GET"]}}],"collection":[{"href":"https:\/\/www.notibras.com\/site\/wp-json\/wp\/v2\/posts"}],"about":[{"href":"https:\/\/www.notibras.com\/site\/wp-json\/wp\/v2\/types\/post"}],"author":[{"embeddable":true,"href":"https:\/\/www.notibras.com\/site\/wp-json\/wp\/v2\/users\/2"}],"replies":[{"embeddable":true,"href":"https:\/\/www.notibras.com\/site\/wp-json\/wp\/v2\/comments?post=336937"}],"version-history":[{"count":1,"href":"https:\/\/www.notibras.com\/site\/wp-json\/wp\/v2\/posts\/336937\/revisions"}],"predecessor-version":[{"id":336938,"href":"https:\/\/www.notibras.com\/site\/wp-json\/wp\/v2\/posts\/336937\/revisions\/336938"}],"wp:featuredmedia":[{"embeddable":true,"href":"https:\/\/www.notibras.com\/site\/wp-json\/wp\/v2\/media\/121522"}],"wp:attachment":[{"href":"https:\/\/www.notibras.com\/site\/wp-json\/wp\/v2\/media?parent=336937"}],"wp:term":[{"taxonomy":"category","embeddable":true,"href":"https:\/\/www.notibras.com\/site\/wp-json\/wp\/v2\/categories?post=336937"},{"taxonomy":"post_tag","embeddable":true,"href":"https:\/\/www.notibras.com\/site\/wp-json\/wp\/v2\/tags?post=336937"}],"curies":[{"name":"wp","href":"https:\/\/api.w.org\/{rel}","templated":true}]}}