{"id":336972,"date":"2024-09-21T09:47:55","date_gmt":"2024-09-21T12:47:55","guid":{"rendered":"https:\/\/www.notibras.com\/site\/?p=336972"},"modified":"2024-09-21T09:47:55","modified_gmt":"2024-09-21T12:47:55","slug":"vereadores-agem-para-revitalizar-centro-historico-da-capital","status":"publish","type":"post","link":"https:\/\/www.notibras.com\/site\/vereadores-agem-para-revitalizar-centro-historico-da-capital\/","title":{"rendered":"Vereadores agem para revitalizar centro hist\u00f3rico da capital"},"content":{"rendered":"<p>O centro hist\u00f3rico de Jo\u00e3o Pessoa \u00e9 um territ\u00f3rio carregado de hist\u00f3rias, mem\u00f3rias e, ultimamente, descasos. Suas ruas de pedra, antigas constru\u00e7\u00f5es coloniais e igrejas seculares contam muito sobre a origem desta capital que hoje busca se reencontrar com o futuro, sem esquecer do passado. Nessa miss\u00e3o, os vereadores da cidade resolveram se mobilizar para dar uma nova cara a essa regi\u00e3o, abandonada por d\u00e9cadas \u00e0 pr\u00f3pria sorte.<\/p>\n<p>Em uma recente sess\u00e3o da C\u00e2mara Municipal, ouviu-se falar de propostas audaciosas: novos museus, pra\u00e7as reformadas, ilumina\u00e7\u00e3o moderna e projetos culturais que prometem devolver ao centro seu brilho original. Nas palavras dos vereadores, o plano \u00e9 claro: atrair turistas, movimentar o com\u00e9rcio e tornar a \u00e1rea um ponto de encontro entre o velho e o novo. A cidade vai ganhar com isso, dizem.<\/p>\n<p>Mas as palavras ecoam entre os casar\u00f5es vazios e as cal\u00e7adas rachadas. Os mais antigos moradores, testemunhas da hist\u00f3ria e da decad\u00eancia, olham com certa desconfian\u00e7a. &#8220;Essas reformas s\u00e3o para quem, afinal?&#8221; \u2014 pergunta Dona Maria Pereira, que vive na mesma casa h\u00e1 mais de 50 anos. Ela, como muitos outros, se preocupa com o impacto dessas mudan\u00e7as. O que acontecer\u00e1 com os pequenos com\u00e9rcios que ainda resistem? E os moradores de baixa renda, onde v\u00e3o parar quando as reformas chegarem ao fim?<\/p>\n<p>Para al\u00e9m das promessas pol\u00edticas, o centro hist\u00f3rico de Jo\u00e3o Pessoa n\u00e3o precisa apenas de uma nova cara, mas de um cora\u00e7\u00e3o que bata no ritmo de seus habitantes. A revitaliza\u00e7\u00e3o, embora necess\u00e1ria, n\u00e3o pode apagar a ess\u00eancia de uma regi\u00e3o que \u00e9 viva justamente por causa de sua simplicidade e suas tradi\u00e7\u00f5es. O centro n\u00e3o \u00e9 apenas um cart\u00e3o-postal, mas o lar de muitas hist\u00f3rias que se entrela\u00e7am com o presente.<\/p>\n<p>Ao caminhar por suas ruas, \u00e9 f\u00e1cil perceber que as solu\u00e7\u00f5es v\u00e3o muito al\u00e9m de fachadas novas e asfalto nas ruas. \u00c9 preciso ouvir os que ali vivem, entender suas demandas e respeitar a hist\u00f3ria que cada tijolo carrega. Jo\u00e3o Pessoa precisa, sim, de uma nova cara para seu centro hist\u00f3rico, mas essa cara n\u00e3o pode ser apenas a moldura de uma cidade para turistas. Ela deve refletir a alma daqueles que chamam o centro de casa.<\/p>\n<p>Enquanto isso, entre reuni\u00f5es e planos, fica a esperan\u00e7a de que a renova\u00e7\u00e3o n\u00e3o seja apenas uma pintura superficial, mas uma verdadeira transforma\u00e7\u00e3o que leve em conta o passado, o presente e o futuro. O impacto da a\u00e7\u00e3o dos vereadores \u00e9 importante, reconhecem os moradores e comerciantes, mas eles lembram que n\u00e3o se pode deixar de lado o olhar cr\u00edtico e o questionamento sobre quem realmente se beneficiar\u00e1 dessas mudan\u00e7as.<\/p>\n","protected":false},"excerpt":{"rendered":"<p>O centro hist\u00f3rico de Jo\u00e3o Pessoa \u00e9 um territ\u00f3rio carregado de hist\u00f3rias, mem\u00f3rias e, ultimamente, descasos. Suas ruas de pedra, antigas constru\u00e7\u00f5es coloniais e igrejas seculares contam muito sobre a origem desta capital que hoje busca se reencontrar com o futuro, sem esquecer do passado. Nessa miss\u00e3o, os vereadores da cidade resolveram se mobilizar para [&hellip;]<\/p>\n","protected":false},"author":2,"featured_media":336973,"comment_status":"closed","ping_status":"closed","sticky":false,"template":"","format":"standard","meta":{"_acf_changed":false,"footnotes":""},"categories":[165],"tags":[],"class_list":["post-336972","post","type-post","status-publish","format-standard","has-post-thumbnail","hentry","category-nordeste"],"acf":[],"_links":{"self":[{"href":"https:\/\/www.notibras.com\/site\/wp-json\/wp\/v2\/posts\/336972","targetHints":{"allow":["GET"]}}],"collection":[{"href":"https:\/\/www.notibras.com\/site\/wp-json\/wp\/v2\/posts"}],"about":[{"href":"https:\/\/www.notibras.com\/site\/wp-json\/wp\/v2\/types\/post"}],"author":[{"embeddable":true,"href":"https:\/\/www.notibras.com\/site\/wp-json\/wp\/v2\/users\/2"}],"replies":[{"embeddable":true,"href":"https:\/\/www.notibras.com\/site\/wp-json\/wp\/v2\/comments?post=336972"}],"version-history":[{"count":1,"href":"https:\/\/www.notibras.com\/site\/wp-json\/wp\/v2\/posts\/336972\/revisions"}],"predecessor-version":[{"id":336974,"href":"https:\/\/www.notibras.com\/site\/wp-json\/wp\/v2\/posts\/336972\/revisions\/336974"}],"wp:featuredmedia":[{"embeddable":true,"href":"https:\/\/www.notibras.com\/site\/wp-json\/wp\/v2\/media\/336973"}],"wp:attachment":[{"href":"https:\/\/www.notibras.com\/site\/wp-json\/wp\/v2\/media?parent=336972"}],"wp:term":[{"taxonomy":"category","embeddable":true,"href":"https:\/\/www.notibras.com\/site\/wp-json\/wp\/v2\/categories?post=336972"},{"taxonomy":"post_tag","embeddable":true,"href":"https:\/\/www.notibras.com\/site\/wp-json\/wp\/v2\/tags?post=336972"}],"curies":[{"name":"wp","href":"https:\/\/api.w.org\/{rel}","templated":true}]}}