{"id":336987,"date":"2024-09-22T07:50:24","date_gmt":"2024-09-22T10:50:24","guid":{"rendered":"https:\/\/www.notibras.com\/site\/?p=336987"},"modified":"2024-09-23T08:21:11","modified_gmt":"2024-09-23T11:21:11","slug":"primavera-chega-traz-chuva-contra-a-seca-e-cria-os-jardins-floridos","status":"publish","type":"post","link":"https:\/\/www.notibras.com\/site\/primavera-chega-traz-chuva-contra-a-seca-e-cria-os-jardins-floridos\/","title":{"rendered":"Primavera chega, traz chuva contra a seca e cria os jardins floridos"},"content":{"rendered":"<p>A primavera, que come\u00e7a oficialmente no Brasil neste domingo, 22 de setembro, traz consigo um ciclo de renova\u00e7\u00e3o, tanto na paisagem quanto nos ritmos naturais que influenciam o cotidiano das pessoas. As ruas se enchem de cor, com flores de ip\u00eas, jacarand\u00e1s e manac\u00e1s brotando como sinais de esperan\u00e7a ap\u00f3s os meses mais secos e frios do inverno. Essa transforma\u00e7\u00e3o na paisagem urbana \u00e9 uma met\u00e1fora visual do al\u00edvio esperado para o clima e a sa\u00fade p\u00fablica, j\u00e1 que o retorno das chuvas representa uma melhora significativa na qualidade do ar, especialmente nas grandes cidades.<\/p>\n<p>Os meses de inverno, que ficam para tr\u00e1s com sua baixa umidade, foram marcados pelo aumento de poluentes na atmosfera, agravando problemas respirat\u00f3rios e sobrecarregando o sistema de sa\u00fade. A chegada da primavera, com suas chuvas regulares, limpa o ar, reduzindo a poeira e os poluentes, o que pode trazer al\u00edvio imediato a quem sofre de doen\u00e7as respirat\u00f3rias. As primeiras chuvas s\u00e3o recebidas com gratid\u00e3o, pois n\u00e3o s\u00f3 renovam o ciclo da \u00e1gua e ajudam a revitalizar a vegeta\u00e7\u00e3o, mas tamb\u00e9m diminuem a sensa\u00e7\u00e3o de ar estagnado e pesado, t\u00edpico dos meses mais secos.<\/p>\n<p>Al\u00e9m de sua fun\u00e7\u00e3o pr\u00e1tica, a primavera desperta algo de mais simb\u00f3lico e po\u00e9tico: o florescer das plantas e o renovar da vida parecem alinhar-se com um novo ciclo de energia. As temperaturas come\u00e7am a subir gradualmente, preparando o terreno para o calor do ver\u00e3o. \u00c9 um per\u00edodo de transi\u00e7\u00e3o, tanto no calend\u00e1rio quanto no esp\u00edrito das pessoas, que se sentem revigoradas e prontas para aproveitar dias mais longos e ensolarados.<\/p>\n<p>A primavera tamb\u00e9m \u00e9 um convite \u00e0 reconex\u00e3o com a natureza. Parques e jardins ganham vida, e as pessoas saem mais de suas casas, aproveitando o clima ameno e a exuber\u00e2ncia das flores para passeios ao ar livre. Nesse sentido, a esta\u00e7\u00e3o traz um chamado silencioso: \u00e9 tempo de respirar profundamente, de se deixar envolver pelos aromas florais que enchem o ar e de lembrar que, como a natureza, sempre h\u00e1 espa\u00e7o para renascimento e transforma\u00e7\u00e3o.<\/p>\n","protected":false},"excerpt":{"rendered":"<p>A primavera, que come\u00e7a oficialmente no Brasil neste domingo, 22 de setembro, traz consigo um ciclo de renova\u00e7\u00e3o, tanto na paisagem quanto nos ritmos naturais que influenciam o cotidiano das pessoas. As ruas se enchem de cor, com flores de ip\u00eas, jacarand\u00e1s e manac\u00e1s brotando como sinais de esperan\u00e7a ap\u00f3s os meses mais secos e [&hellip;]<\/p>\n","protected":false},"author":2,"featured_media":336988,"comment_status":"closed","ping_status":"closed","sticky":false,"template":"","format":"standard","meta":{"_acf_changed":false,"footnotes":""},"categories":[161],"tags":[95],"class_list":["post-336987","post","type-post","status-publish","format-standard","has-post-thumbnail","hentry","category-quadradinho-em-foco","tag-capa"],"acf":[],"_links":{"self":[{"href":"https:\/\/www.notibras.com\/site\/wp-json\/wp\/v2\/posts\/336987","targetHints":{"allow":["GET"]}}],"collection":[{"href":"https:\/\/www.notibras.com\/site\/wp-json\/wp\/v2\/posts"}],"about":[{"href":"https:\/\/www.notibras.com\/site\/wp-json\/wp\/v2\/types\/post"}],"author":[{"embeddable":true,"href":"https:\/\/www.notibras.com\/site\/wp-json\/wp\/v2\/users\/2"}],"replies":[{"embeddable":true,"href":"https:\/\/www.notibras.com\/site\/wp-json\/wp\/v2\/comments?post=336987"}],"version-history":[{"count":3,"href":"https:\/\/www.notibras.com\/site\/wp-json\/wp\/v2\/posts\/336987\/revisions"}],"predecessor-version":[{"id":336991,"href":"https:\/\/www.notibras.com\/site\/wp-json\/wp\/v2\/posts\/336987\/revisions\/336991"}],"wp:featuredmedia":[{"embeddable":true,"href":"https:\/\/www.notibras.com\/site\/wp-json\/wp\/v2\/media\/336988"}],"wp:attachment":[{"href":"https:\/\/www.notibras.com\/site\/wp-json\/wp\/v2\/media?parent=336987"}],"wp:term":[{"taxonomy":"category","embeddable":true,"href":"https:\/\/www.notibras.com\/site\/wp-json\/wp\/v2\/categories?post=336987"},{"taxonomy":"post_tag","embeddable":true,"href":"https:\/\/www.notibras.com\/site\/wp-json\/wp\/v2\/tags?post=336987"}],"curies":[{"name":"wp","href":"https:\/\/api.w.org\/{rel}","templated":true}]}}