{"id":33699,"date":"2015-01-11T18:13:31","date_gmt":"2015-01-11T21:13:31","guid":{"rendered":"http:\/\/www.notibras.com\/site\/?p=33699"},"modified":"2015-01-12T09:33:47","modified_gmt":"2015-01-12T12:33:47","slug":"rio-40o-e-ladroes-fazem-a-festa-roubando-banhistas-nas-areias-de-ipanema","status":"publish","type":"post","link":"https:\/\/www.notibras.com\/site\/rio-40o-e-ladroes-fazem-a-festa-roubando-banhistas-nas-areias-de-ipanema\/","title":{"rendered":"Rio 40\u00ba e ladr\u00f5es fazem a festa roubando banhistas em Ipanema"},"content":{"rendered":"<div class=\"content\">\n<p>O forte calor deste domingo (11) levou muita gente para as praias que ficaram lotadas. \u00c0 tarde movimento de assaltantes nas areias levou p\u00e2nico aos banhistas em Ipanema, zona sul do Rio. Houve a\u00a0 interven\u00e7\u00e3o de integrantes da Guarda Municipal e da Pol\u00edcia Militar do Rio de Janeiro (PMERJ).<\/p>\n<p>A PM descartou que tenha havido arrast\u00e3o nas areias de Ipanema: em raz\u00e3o de roubos, 15 pessoas foram presas e levadas para a 14\u00aa DP, na Leblon, zona sul do Rio.<\/p>\n<p>A temperatura n\u00e3o chegou a bater recorde no Rio. Ainda assim, os aparelhos localizados no Aeroporto do Campo dos Afonsos, base da For\u00e7a A\u00e9rea Brasileira (FAB), registraram 39 graus Celsius (\u00baC). A informa\u00e7\u00e3o \u00e9 da meteorologista da Climatempo, Aline Tochio. Ela explicou que a expectativa era de temperaturas mais altas, mas uma mudan\u00e7a na dire\u00e7\u00e3o dos ventos impediu a eleva\u00e7\u00e3o. \u201cN\u00e3o que haja esfriado, mas pelo menos n\u00e3o chegou a temperatura recorde. Mesmo assim, o tempo ainda est\u00e1 bem aberto: s\u00f3 mudou um pouco a dire\u00e7\u00e3o do vento a ponto de n\u00e3o bater na temperatura extrema\u201d, contou.<\/p>\n<p>As altas temperaturas, segundo a meteorologista, v\u00e3o continuar a colaborar com um programa que tem recebido cada vez mais adeptos: frequentar as praias \u00e0 noite. \u201cA noite de hoje vai ser ainda de tempo firme. N\u00e3o h\u00e1 previs\u00e3o de chuva e o pessoal que est\u00e1 gostando dessa hist\u00f3ria de praia noturna pode ir tranquilo, porque ainda vai dar para aproveitar\u201d, indicou.<\/p>\n<blockquote><p>Para a semana que est\u00e1 come\u00e7ando, a previs\u00e3o \u00e9 que o calor intenso permane\u00e7a por causa da forte massa de ar seco que est\u00e1 sobre parte do sudeste. A \u00fanica mudan\u00e7a \u00e9 que pode ter chuva nesta segunda-feira (12), nas regi\u00f5es sul e serrana do estado. \u201cS\u00e3o chuvas de ver\u00e3o. At\u00e9 podem ter forte intensidade, mas v\u00e3o ser isoladas e de curta dura\u00e7\u00e3o. A cidade do Rio, a regi\u00e3o metropolitana e o litoral v\u00e3o continuar sem chuva at\u00e9 o fim da semana e a temperatura volta a subir. Amanh\u00e3 a previs\u00e3o \u00e9 que o Rio tenha 40\u00baC de novo at\u00e9 ter\u00e7a, diminuindo um pouco na quarta para 39\u00baC\u201d, disse.<\/p><\/blockquote>\n<p>Neste domingo, quem se dirigiu \u00e0s praias contou tamb\u00e9m com a Opera\u00e7\u00e3o Ver\u00e3o do Metr\u00f4 que come\u00e7ou neste fim de semana e estar\u00e1 em vigor at\u00e9 1\u00ba de mar\u00e7o. A concession\u00e1ria montou um plano para os finais de semana: haver\u00e1 redu\u00e7\u00e3o no intervalo dos trens aos domingos, com aumento de 13% na oferta de lugares na compara\u00e7\u00e3o com as vagas dispon\u00edveis durante a semana. Est\u00e3o previstos tamb\u00e9m trens extras, que ficar\u00e3o posicionados em esta\u00e7\u00f5es estrat\u00e9gicas, para entrar em tr\u00e2nsito se houver aumento do fluxo de usu\u00e1rios. O Metr\u00f4 pede que a popula\u00e7\u00e3o utilize Cart\u00e3o Pr\u00e9-Pago ou compre as passagens antecipadamente para evitar filas na volta da praia.<\/p>\n<p>O embarque com pranchas de <em>surf <\/em>est\u00e1 liberado nos fins de semana e feriados para todas as esta\u00e7\u00f5es. O usu\u00e1rio deve apenas encapar as pranchas que n\u00e3o podem ultrapassar dois metros de comprimento.<\/p>\n<header>\n<div class=\"node-info\"><strong>Cristina Indio do Brasil, ABr<\/strong><strong><br \/>\n<\/strong><\/div>\n<\/header>\n<\/div>\n","protected":false},"excerpt":{"rendered":"<p>O forte calor deste domingo (11) levou muita gente para as praias que ficaram lotadas. \u00c0 tarde movimento de assaltantes nas areias levou p\u00e2nico aos banhistas em Ipanema, zona sul do Rio. Houve a\u00a0 interven\u00e7\u00e3o de integrantes da Guarda Municipal e da Pol\u00edcia Militar do Rio de Janeiro (PMERJ). A PM descartou que tenha havido [&hellip;]<\/p>\n","protected":false},"author":2,"featured_media":33700,"comment_status":"open","ping_status":"closed","sticky":false,"template":"","format":"standard","meta":{"_acf_changed":false,"footnotes":""},"categories":[16],"tags":[],"class_list":["post-33699","post","type-post","status-publish","format-standard","has-post-thumbnail","hentry","category-brasil"],"acf":[],"yoast_head":"<!-- This site is optimized with the Yoast SEO plugin v27.2 - https:\/\/yoast.com\/product\/yoast-seo-wordpress\/ -->\n<title>Rio 40\u00ba e ladr\u00f5es fazem a festa roubando banhistas em Ipanema - Notibras<\/title>\n<meta name=\"robots\" content=\"index, follow, max-snippet:-1, max-image-preview:large, max-video-preview:-1\" \/>\n<link rel=\"canonical\" href=\"https:\/\/www.notibras.com\/site\/rio-40o-e-ladroes-fazem-a-festa-roubando-banhistas-nas-areias-de-ipanema\/\" \/>\n<meta property=\"og:locale\" content=\"pt_BR\" \/>\n<meta property=\"og:type\" content=\"article\" \/>\n<meta property=\"og:title\" content=\"Rio 40\u00ba e ladr\u00f5es fazem a festa roubando banhistas em Ipanema - Notibras\" \/>\n<meta property=\"og:description\" content=\"O forte calor deste domingo (11) levou muita gente para as praias que ficaram lotadas. \u00c0 tarde movimento de assaltantes nas areias levou p\u00e2nico aos banhistas em Ipanema, zona sul do Rio. Houve a\u00a0 interven\u00e7\u00e3o de integrantes da Guarda Municipal e da Pol\u00edcia Militar do Rio de Janeiro (PMERJ). A PM descartou que tenha havido [&hellip;]\" \/>\n<meta property=\"og:url\" content=\"https:\/\/www.notibras.com\/site\/rio-40o-e-ladroes-fazem-a-festa-roubando-banhistas-nas-areias-de-ipanema\/\" \/>\n<meta property=\"og:site_name\" content=\"Notibras\" \/>\n<meta property=\"article:publisher\" content=\"https:\/\/www.facebook.com\/notibras\/\" \/>\n<meta property=\"article:published_time\" content=\"2015-01-11T21:13:31+00:00\" \/>\n<meta property=\"article:modified_time\" content=\"2015-01-12T12:33:47+00:00\" \/>\n<meta property=\"og:image\" content=\"https:\/\/www.notibras.com\/site\/wp-content\/uploads\/2015\/01\/ipa.jpeg\" \/>\n\t<meta property=\"og:image:width\" content=\"460\" \/>\n\t<meta property=\"og:image:height\" content=\"305\" \/>\n\t<meta property=\"og:image:type\" content=\"image\/jpeg\" \/>\n<meta name=\"author\" content=\"Reda\u00e7\u00e3o\" \/>\n<meta name=\"twitter:card\" content=\"summary_large_image\" \/>\n<meta name=\"twitter:creator\" content=\"@Notibras\" \/>\n<meta name=\"twitter:site\" content=\"@Notibras\" \/>\n<meta name=\"twitter:label1\" content=\"Escrito por\" \/>\n\t<meta name=\"twitter:data1\" content=\"Reda\u00e7\u00e3o\" \/>\n\t<meta name=\"twitter:label2\" content=\"Est. tempo de leitura\" \/>\n\t<meta name=\"twitter:data2\" content=\"3 minutos\" \/>\n<script type=\"application\/ld+json\" class=\"yoast-schema-graph\">{\"@context\":\"https:\/\/schema.org\",\"@graph\":[{\"@type\":\"Article\",\"@id\":\"https:\/\/www.notibras.com\/site\/rio-40o-e-ladroes-fazem-a-festa-roubando-banhistas-nas-areias-de-ipanema\/#article\",\"isPartOf\":{\"@id\":\"https:\/\/www.notibras.com\/site\/rio-40o-e-ladroes-fazem-a-festa-roubando-banhistas-nas-areias-de-ipanema\/\"},\"author\":{\"name\":\"Reda\u00e7\u00e3o\",\"@id\":\"https:\/\/www.notibras.com\/site\/#\/schema\/person\/36ab0979449956132d3e5b517ea76ac8\"},\"headline\":\"Rio 40\u00ba e ladr\u00f5es fazem a festa roubando banhistas em Ipanema\",\"datePublished\":\"2015-01-11T21:13:31+00:00\",\"dateModified\":\"2015-01-12T12:33:47+00:00\",\"mainEntityOfPage\":{\"@id\":\"https:\/\/www.notibras.com\/site\/rio-40o-e-ladroes-fazem-a-festa-roubando-banhistas-nas-areias-de-ipanema\/\"},\"wordCount\":545,\"commentCount\":0,\"publisher\":{\"@id\":\"https:\/\/www.notibras.com\/site\/#organization\"},\"image\":{\"@id\":\"https:\/\/www.notibras.com\/site\/rio-40o-e-ladroes-fazem-a-festa-roubando-banhistas-nas-areias-de-ipanema\/#primaryimage\"},\"thumbnailUrl\":\"https:\/\/www.notibras.com\/site\/wp-content\/uploads\/2015\/01\/ipa.jpeg\",\"articleSection\":[\"Brasil\"],\"inLanguage\":\"pt-BR\",\"potentialAction\":[{\"@type\":\"CommentAction\",\"name\":\"Comment\",\"target\":[\"https:\/\/www.notibras.com\/site\/rio-40o-e-ladroes-fazem-a-festa-roubando-banhistas-nas-areias-de-ipanema\/#respond\"]}]},{\"@type\":\"WebPage\",\"@id\":\"https:\/\/www.notibras.com\/site\/rio-40o-e-ladroes-fazem-a-festa-roubando-banhistas-nas-areias-de-ipanema\/\",\"url\":\"https:\/\/www.notibras.com\/site\/rio-40o-e-ladroes-fazem-a-festa-roubando-banhistas-nas-areias-de-ipanema\/\",\"name\":\"Rio 40\u00ba e ladr\u00f5es fazem a festa roubando banhistas em Ipanema - Notibras\",\"isPartOf\":{\"@id\":\"https:\/\/www.notibras.com\/site\/#website\"},\"primaryImageOfPage\":{\"@id\":\"https:\/\/www.notibras.com\/site\/rio-40o-e-ladroes-fazem-a-festa-roubando-banhistas-nas-areias-de-ipanema\/#primaryimage\"},\"image\":{\"@id\":\"https:\/\/www.notibras.com\/site\/rio-40o-e-ladroes-fazem-a-festa-roubando-banhistas-nas-areias-de-ipanema\/#primaryimage\"},\"thumbnailUrl\":\"https:\/\/www.notibras.com\/site\/wp-content\/uploads\/2015\/01\/ipa.jpeg\",\"datePublished\":\"2015-01-11T21:13:31+00:00\",\"dateModified\":\"2015-01-12T12:33:47+00:00\",\"breadcrumb\":{\"@id\":\"https:\/\/www.notibras.com\/site\/rio-40o-e-ladroes-fazem-a-festa-roubando-banhistas-nas-areias-de-ipanema\/#breadcrumb\"},\"inLanguage\":\"pt-BR\",\"potentialAction\":[{\"@type\":\"ReadAction\",\"target\":[\"https:\/\/www.notibras.com\/site\/rio-40o-e-ladroes-fazem-a-festa-roubando-banhistas-nas-areias-de-ipanema\/\"]}]},{\"@type\":\"ImageObject\",\"inLanguage\":\"pt-BR\",\"@id\":\"https:\/\/www.notibras.com\/site\/rio-40o-e-ladroes-fazem-a-festa-roubando-banhistas-nas-areias-de-ipanema\/#primaryimage\",\"url\":\"https:\/\/www.notibras.com\/site\/wp-content\/uploads\/2015\/01\/ipa.jpeg\",\"contentUrl\":\"https:\/\/www.notibras.com\/site\/wp-content\/uploads\/2015\/01\/ipa.jpeg\",\"width\":460,\"height\":305},{\"@type\":\"BreadcrumbList\",\"@id\":\"https:\/\/www.notibras.com\/site\/rio-40o-e-ladroes-fazem-a-festa-roubando-banhistas-nas-areias-de-ipanema\/#breadcrumb\",\"itemListElement\":[{\"@type\":\"ListItem\",\"position\":1,\"name\":\"In\u00edcio\",\"item\":\"https:\/\/www.notibras.com\/site\/\"},{\"@type\":\"ListItem\",\"position\":2,\"name\":\"Rio 40\u00ba e ladr\u00f5es fazem a festa roubando banhistas em Ipanema\"}]},{\"@type\":\"WebSite\",\"@id\":\"https:\/\/www.notibras.com\/site\/#website\",\"url\":\"https:\/\/www.notibras.com\/site\/\",\"name\":\"Notibras\",\"description\":\"Not\u00edcias de Bras\u00edlia, do Brasil e do Mundo\",\"publisher\":{\"@id\":\"https:\/\/www.notibras.com\/site\/#organization\"},\"potentialAction\":[{\"@type\":\"SearchAction\",\"target\":{\"@type\":\"EntryPoint\",\"urlTemplate\":\"https:\/\/www.notibras.com\/site\/?s={search_term_string}\"},\"query-input\":{\"@type\":\"PropertyValueSpecification\",\"valueRequired\":true,\"valueName\":\"search_term_string\"}}],\"inLanguage\":\"pt-BR\"},{\"@type\":\"Organization\",\"@id\":\"https:\/\/www.notibras.com\/site\/#organization\",\"name\":\"Grupo Notibras de Comunica\u00e7\u00e3o\",\"url\":\"https:\/\/www.notibras.com\/site\/\",\"logo\":{\"@type\":\"ImageObject\",\"inLanguage\":\"pt-BR\",\"@id\":\"https:\/\/www.notibras.com\/site\/#\/schema\/logo\/image\/\",\"url\":\"https:\/\/www.notibras.com\/site\/wp-content\/uploads\/2023\/01\/notibras23.png\",\"contentUrl\":\"https:\/\/www.notibras.com\/site\/wp-content\/uploads\/2023\/01\/notibras23.png\",\"width\":350,\"height\":87,\"caption\":\"Grupo Notibras de Comunica\u00e7\u00e3o\"},\"image\":{\"@id\":\"https:\/\/www.notibras.com\/site\/#\/schema\/logo\/image\/\"},\"sameAs\":[\"https:\/\/www.facebook.com\/notibras\/\",\"https:\/\/x.com\/Notibras\",\"https:\/\/www.instagram.com\/notibras\/\"]},{\"@type\":\"Person\",\"@id\":\"https:\/\/www.notibras.com\/site\/#\/schema\/person\/36ab0979449956132d3e5b517ea76ac8\",\"name\":\"Reda\u00e7\u00e3o\",\"image\":{\"@type\":\"ImageObject\",\"inLanguage\":\"pt-BR\",\"@id\":\"https:\/\/secure.gravatar.com\/avatar\/e0a867bdedb85fd243eadf09663511f96fc81e0720a4a42581f334ad4303aa6b?s=96&d=mm&r=g\",\"url\":\"https:\/\/secure.gravatar.com\/avatar\/e0a867bdedb85fd243eadf09663511f96fc81e0720a4a42581f334ad4303aa6b?s=96&d=mm&r=g\",\"contentUrl\":\"https:\/\/secure.gravatar.com\/avatar\/e0a867bdedb85fd243eadf09663511f96fc81e0720a4a42581f334ad4303aa6b?s=96&d=mm&r=g\",\"caption\":\"Reda\u00e7\u00e3o\"}}]}<\/script>\n<!-- \/ Yoast SEO plugin. -->","yoast_head_json":{"title":"Rio 40\u00ba e ladr\u00f5es fazem a festa roubando banhistas em Ipanema - Notibras","robots":{"index":"index","follow":"follow","max-snippet":"max-snippet:-1","max-image-preview":"max-image-preview:large","max-video-preview":"max-video-preview:-1"},"canonical":"https:\/\/www.notibras.com\/site\/rio-40o-e-ladroes-fazem-a-festa-roubando-banhistas-nas-areias-de-ipanema\/","og_locale":"pt_BR","og_type":"article","og_title":"Rio 40\u00ba e ladr\u00f5es fazem a festa roubando banhistas em Ipanema - Notibras","og_description":"O forte calor deste domingo (11) levou muita gente para as praias que ficaram lotadas. \u00c0 tarde movimento de assaltantes nas areias levou p\u00e2nico aos banhistas em Ipanema, zona sul do Rio. Houve a\u00a0 interven\u00e7\u00e3o de integrantes da Guarda Municipal e da Pol\u00edcia Militar do Rio de Janeiro (PMERJ). A PM descartou que tenha havido [&hellip;]","og_url":"https:\/\/www.notibras.com\/site\/rio-40o-e-ladroes-fazem-a-festa-roubando-banhistas-nas-areias-de-ipanema\/","og_site_name":"Notibras","article_publisher":"https:\/\/www.facebook.com\/notibras\/","article_published_time":"2015-01-11T21:13:31+00:00","article_modified_time":"2015-01-12T12:33:47+00:00","og_image":[{"width":460,"height":305,"url":"https:\/\/www.notibras.com\/site\/wp-content\/uploads\/2015\/01\/ipa.jpeg","type":"image\/jpeg"}],"author":"Reda\u00e7\u00e3o","twitter_card":"summary_large_image","twitter_creator":"@Notibras","twitter_site":"@Notibras","twitter_misc":{"Escrito por":"Reda\u00e7\u00e3o","Est. tempo de leitura":"3 minutos"},"schema":{"@context":"https:\/\/schema.org","@graph":[{"@type":"Article","@id":"https:\/\/www.notibras.com\/site\/rio-40o-e-ladroes-fazem-a-festa-roubando-banhistas-nas-areias-de-ipanema\/#article","isPartOf":{"@id":"https:\/\/www.notibras.com\/site\/rio-40o-e-ladroes-fazem-a-festa-roubando-banhistas-nas-areias-de-ipanema\/"},"author":{"name":"Reda\u00e7\u00e3o","@id":"https:\/\/www.notibras.com\/site\/#\/schema\/person\/36ab0979449956132d3e5b517ea76ac8"},"headline":"Rio 40\u00ba e ladr\u00f5es fazem a festa roubando banhistas em Ipanema","datePublished":"2015-01-11T21:13:31+00:00","dateModified":"2015-01-12T12:33:47+00:00","mainEntityOfPage":{"@id":"https:\/\/www.notibras.com\/site\/rio-40o-e-ladroes-fazem-a-festa-roubando-banhistas-nas-areias-de-ipanema\/"},"wordCount":545,"commentCount":0,"publisher":{"@id":"https:\/\/www.notibras.com\/site\/#organization"},"image":{"@id":"https:\/\/www.notibras.com\/site\/rio-40o-e-ladroes-fazem-a-festa-roubando-banhistas-nas-areias-de-ipanema\/#primaryimage"},"thumbnailUrl":"https:\/\/www.notibras.com\/site\/wp-content\/uploads\/2015\/01\/ipa.jpeg","articleSection":["Brasil"],"inLanguage":"pt-BR","potentialAction":[{"@type":"CommentAction","name":"Comment","target":["https:\/\/www.notibras.com\/site\/rio-40o-e-ladroes-fazem-a-festa-roubando-banhistas-nas-areias-de-ipanema\/#respond"]}]},{"@type":"WebPage","@id":"https:\/\/www.notibras.com\/site\/rio-40o-e-ladroes-fazem-a-festa-roubando-banhistas-nas-areias-de-ipanema\/","url":"https:\/\/www.notibras.com\/site\/rio-40o-e-ladroes-fazem-a-festa-roubando-banhistas-nas-areias-de-ipanema\/","name":"Rio 40\u00ba e ladr\u00f5es fazem a festa roubando banhistas em Ipanema - Notibras","isPartOf":{"@id":"https:\/\/www.notibras.com\/site\/#website"},"primaryImageOfPage":{"@id":"https:\/\/www.notibras.com\/site\/rio-40o-e-ladroes-fazem-a-festa-roubando-banhistas-nas-areias-de-ipanema\/#primaryimage"},"image":{"@id":"https:\/\/www.notibras.com\/site\/rio-40o-e-ladroes-fazem-a-festa-roubando-banhistas-nas-areias-de-ipanema\/#primaryimage"},"thumbnailUrl":"https:\/\/www.notibras.com\/site\/wp-content\/uploads\/2015\/01\/ipa.jpeg","datePublished":"2015-01-11T21:13:31+00:00","dateModified":"2015-01-12T12:33:47+00:00","breadcrumb":{"@id":"https:\/\/www.notibras.com\/site\/rio-40o-e-ladroes-fazem-a-festa-roubando-banhistas-nas-areias-de-ipanema\/#breadcrumb"},"inLanguage":"pt-BR","potentialAction":[{"@type":"ReadAction","target":["https:\/\/www.notibras.com\/site\/rio-40o-e-ladroes-fazem-a-festa-roubando-banhistas-nas-areias-de-ipanema\/"]}]},{"@type":"ImageObject","inLanguage":"pt-BR","@id":"https:\/\/www.notibras.com\/site\/rio-40o-e-ladroes-fazem-a-festa-roubando-banhistas-nas-areias-de-ipanema\/#primaryimage","url":"https:\/\/www.notibras.com\/site\/wp-content\/uploads\/2015\/01\/ipa.jpeg","contentUrl":"https:\/\/www.notibras.com\/site\/wp-content\/uploads\/2015\/01\/ipa.jpeg","width":460,"height":305},{"@type":"BreadcrumbList","@id":"https:\/\/www.notibras.com\/site\/rio-40o-e-ladroes-fazem-a-festa-roubando-banhistas-nas-areias-de-ipanema\/#breadcrumb","itemListElement":[{"@type":"ListItem","position":1,"name":"In\u00edcio","item":"https:\/\/www.notibras.com\/site\/"},{"@type":"ListItem","position":2,"name":"Rio 40\u00ba e ladr\u00f5es fazem a festa roubando banhistas em Ipanema"}]},{"@type":"WebSite","@id":"https:\/\/www.notibras.com\/site\/#website","url":"https:\/\/www.notibras.com\/site\/","name":"Notibras","description":"Not\u00edcias de Bras\u00edlia, do Brasil e do Mundo","publisher":{"@id":"https:\/\/www.notibras.com\/site\/#organization"},"potentialAction":[{"@type":"SearchAction","target":{"@type":"EntryPoint","urlTemplate":"https:\/\/www.notibras.com\/site\/?s={search_term_string}"},"query-input":{"@type":"PropertyValueSpecification","valueRequired":true,"valueName":"search_term_string"}}],"inLanguage":"pt-BR"},{"@type":"Organization","@id":"https:\/\/www.notibras.com\/site\/#organization","name":"Grupo Notibras de Comunica\u00e7\u00e3o","url":"https:\/\/www.notibras.com\/site\/","logo":{"@type":"ImageObject","inLanguage":"pt-BR","@id":"https:\/\/www.notibras.com\/site\/#\/schema\/logo\/image\/","url":"https:\/\/www.notibras.com\/site\/wp-content\/uploads\/2023\/01\/notibras23.png","contentUrl":"https:\/\/www.notibras.com\/site\/wp-content\/uploads\/2023\/01\/notibras23.png","width":350,"height":87,"caption":"Grupo Notibras de Comunica\u00e7\u00e3o"},"image":{"@id":"https:\/\/www.notibras.com\/site\/#\/schema\/logo\/image\/"},"sameAs":["https:\/\/www.facebook.com\/notibras\/","https:\/\/x.com\/Notibras","https:\/\/www.instagram.com\/notibras\/"]},{"@type":"Person","@id":"https:\/\/www.notibras.com\/site\/#\/schema\/person\/36ab0979449956132d3e5b517ea76ac8","name":"Reda\u00e7\u00e3o","image":{"@type":"ImageObject","inLanguage":"pt-BR","@id":"https:\/\/secure.gravatar.com\/avatar\/e0a867bdedb85fd243eadf09663511f96fc81e0720a4a42581f334ad4303aa6b?s=96&d=mm&r=g","url":"https:\/\/secure.gravatar.com\/avatar\/e0a867bdedb85fd243eadf09663511f96fc81e0720a4a42581f334ad4303aa6b?s=96&d=mm&r=g","contentUrl":"https:\/\/secure.gravatar.com\/avatar\/e0a867bdedb85fd243eadf09663511f96fc81e0720a4a42581f334ad4303aa6b?s=96&d=mm&r=g","caption":"Reda\u00e7\u00e3o"}}]}},"amp_enabled":true,"_links":{"self":[{"href":"https:\/\/www.notibras.com\/site\/wp-json\/wp\/v2\/posts\/33699","targetHints":{"allow":["GET"]}}],"collection":[{"href":"https:\/\/www.notibras.com\/site\/wp-json\/wp\/v2\/posts"}],"about":[{"href":"https:\/\/www.notibras.com\/site\/wp-json\/wp\/v2\/types\/post"}],"author":[{"embeddable":true,"href":"https:\/\/www.notibras.com\/site\/wp-json\/wp\/v2\/users\/2"}],"replies":[{"embeddable":true,"href":"https:\/\/www.notibras.com\/site\/wp-json\/wp\/v2\/comments?post=33699"}],"version-history":[{"count":0,"href":"https:\/\/www.notibras.com\/site\/wp-json\/wp\/v2\/posts\/33699\/revisions"}],"wp:featuredmedia":[{"embeddable":true,"href":"https:\/\/www.notibras.com\/site\/wp-json\/wp\/v2\/media\/33700"}],"wp:attachment":[{"href":"https:\/\/www.notibras.com\/site\/wp-json\/wp\/v2\/media?parent=33699"}],"wp:term":[{"taxonomy":"category","embeddable":true,"href":"https:\/\/www.notibras.com\/site\/wp-json\/wp\/v2\/categories?post=33699"},{"taxonomy":"post_tag","embeddable":true,"href":"https:\/\/www.notibras.com\/site\/wp-json\/wp\/v2\/tags?post=33699"}],"curies":[{"name":"wp","href":"https:\/\/api.w.org\/{rel}","templated":true}]}}