{"id":3370,"date":"2014-03-03T15:17:17","date_gmt":"2014-03-03T18:17:17","guid":{"rendered":"http:\/\/www.notibras.com\/site\/?p=3370"},"modified":"2014-03-05T16:08:46","modified_gmt":"2014-03-05T19:08:46","slug":"villeneuve-volta-as-pistas-para-correr-as-500-milhas-de-indianapolis","status":"publish","type":"post","link":"https:\/\/www.notibras.com\/site\/villeneuve-volta-as-pistas-para-correr-as-500-milhas-de-indianapolis\/","title":{"rendered":"Villeneuve volta \u00e0s pistas para correr as 500 Milhas da Indy"},"content":{"rendered":"<p>O canadense Jacques Villeneuve est\u00e1 de volta \u00e0 IndyCar. O piloto foi confirmado pela Schmidt Peterson Motorsports para a disputa das 500 Milhas de Indian\u00e1polis, dia 25 de maio. O an\u00fancio foi feito nesta quarta-feira pelos donos da equipe Sam Schmidt e Ric Peterson. O corredor participou do evento por videoconfer\u00eancia, j\u00e1 que est\u00e1 em Andorra.<\/p>\n<p>Aos 42 anos, Villeneuve participou do campeonato da antiga CART em 1994 e 1995, quando foi campe\u00e3o. Em sua primeira temporada, foi o segundo colocado nas 500 Milhas e levou o pr\u00eamio de melhor novato. J\u00e1 no ano seguinte, conquistou a vit\u00f3ria.<\/p>\n<p>&#8220;Se voc\u00ea tem de vencer uma corrida em toda sua carreira, as 500 Milhas \u00e9 \u00fanica em qualquer categoria do automobilismo. Ter a oportunidade de voltar a pilotar um carro da Indy nessa corrida \u00e9 algo que nunca imaginei ser poss\u00edvel&#8221;,\u00a0afirmou o piloto.<\/p>\n<p>&#8220;Tive a sorte de competir em diversas categorias importantes do automobilismo e nada me deixa mais empolgado do que a IndyCar em seu momento atual de competitividade. A Schmidt Peterson Motorsports provou ser capaz de competir com as equipes mais importantes e estou entusiasmado em poder trabalhar com Sam e sua equipe, come\u00e7ando a partir de maio&#8221;,\u00a0completou.<\/p>\n<p>Ao lado de Emerson Fittipaldi e Marco Andretti, Villeneuve \u00e9 um dos \u00fanicos a conseguir vencer as 500 Milhas de Indian\u00e1polis, al\u00e9m de ser campe\u00e3o da Indy e da F\u00f3rmula 1. Vale lembrar que ap\u00f3s a passagem pela categoria de automobilismo americano, o canadense passou pela F1 de 1996 a 2006. Em 1997, levou o t\u00edtulo com a Williams.<\/p>\n<p>Atual comentarista da categoria europeia, o piloto ainda vai disputar o World Rallycross, nova competi\u00e7\u00e3o de rally da Federa\u00e7\u00e3o Internacional de Automobilismo (FIA), em 2014. At\u00e9 por isso, vai disputar apenas uma prova na IndyCar. Mas deixou no ar sobre a temporada de 2015.<\/p>\n<p>&#8220;A IndyCar est\u00e1 crescendo novamente e, quando assistia \u00e0s corridas ano passado, ficava chateado por n\u00e3o estar l\u00e1. Parece muito divertido e entusiasmante&#8221;,\u00a0afirmou Villeneuve.<\/p>\n<p>Nesta temporada, a Schmidt Peterson Motorsports vai ter como pilotos o franc\u00eas Simon Pagenaud e o novato russo Mikhail Aleshin.<\/p>\n<p>Os primeiros treinos para as 500 Milhas de Indian\u00e1polis est\u00e3o marcados para o dia 11 de maio. A classifica\u00e7\u00e3o para a prova acontece nos dias 17 e 18 do mesmo m\u00eas.<\/p>\n","protected":false},"excerpt":{"rendered":"<p>O canadense Jacques Villeneuve est\u00e1 de volta \u00e0 IndyCar. O piloto foi confirmado pela Schmidt Peterson Motorsports para a disputa das 500 Milhas de Indian\u00e1polis, dia 25 de maio. O an\u00fancio foi feito nesta quarta-feira pelos donos da equipe Sam Schmidt e Ric Peterson. O corredor participou do evento por videoconfer\u00eancia, j\u00e1 que est\u00e1 em [&hellip;]<\/p>\n","protected":false},"author":2,"featured_media":3371,"comment_status":"open","ping_status":"closed","sticky":false,"template":"","format":"standard","meta":{"_acf_changed":false,"footnotes":""},"categories":[19],"tags":[],"class_list":["post-3370","post","type-post","status-publish","format-standard","has-post-thumbnail","hentry","category-esportes"],"acf":[],"_links":{"self":[{"href":"https:\/\/www.notibras.com\/site\/wp-json\/wp\/v2\/posts\/3370","targetHints":{"allow":["GET"]}}],"collection":[{"href":"https:\/\/www.notibras.com\/site\/wp-json\/wp\/v2\/posts"}],"about":[{"href":"https:\/\/www.notibras.com\/site\/wp-json\/wp\/v2\/types\/post"}],"author":[{"embeddable":true,"href":"https:\/\/www.notibras.com\/site\/wp-json\/wp\/v2\/users\/2"}],"replies":[{"embeddable":true,"href":"https:\/\/www.notibras.com\/site\/wp-json\/wp\/v2\/comments?post=3370"}],"version-history":[{"count":0,"href":"https:\/\/www.notibras.com\/site\/wp-json\/wp\/v2\/posts\/3370\/revisions"}],"wp:featuredmedia":[{"embeddable":true,"href":"https:\/\/www.notibras.com\/site\/wp-json\/wp\/v2\/media\/3371"}],"wp:attachment":[{"href":"https:\/\/www.notibras.com\/site\/wp-json\/wp\/v2\/media?parent=3370"}],"wp:term":[{"taxonomy":"category","embeddable":true,"href":"https:\/\/www.notibras.com\/site\/wp-json\/wp\/v2\/categories?post=3370"},{"taxonomy":"post_tag","embeddable":true,"href":"https:\/\/www.notibras.com\/site\/wp-json\/wp\/v2\/tags?post=3370"}],"curies":[{"name":"wp","href":"https:\/\/api.w.org\/{rel}","templated":true}]}}