{"id":337009,"date":"2024-09-22T07:27:57","date_gmt":"2024-09-22T10:27:57","guid":{"rendered":"https:\/\/www.notibras.com\/site\/?p=337009"},"modified":"2024-09-22T07:27:57","modified_gmt":"2024-09-22T10:27:57","slug":"caixa-vai-leiloar-imoveis-no-dia-30-no-nordeste","status":"publish","type":"post","link":"https:\/\/www.notibras.com\/site\/caixa-vai-leiloar-imoveis-no-dia-30-no-nordeste\/","title":{"rendered":"Caixa vai leiloar im\u00f3veis no dia 30 no Nordeste"},"content":{"rendered":"<p>Mais de 500 im\u00f3veis, entre casas, apartamentos e terrenos ser\u00e3o leiloados pela Caixa Econ\u00f4mica Federal (CEF). Os lances podem ser feitos at\u00e9 o dia 30 deste m\u00eas. A maioria dos bens est\u00e3o localizados no Nordeste: Alagoas, Bahia, Cear\u00e1, Maranh\u00e3o, Para\u00edba, Pernambuco, Piau\u00ed, Rio Grande do Norte e Sergipe.<\/p>\n<p>A modalidade do pagamento pode ser com uso do FGTS e financiamento. O preg\u00e3o \u00e9 p\u00fablico e ser\u00e1 realizado na modalidade eletr\u00f4nica por meio do site do leiloeiro Helcio Kronberg <a href=\"https:\/\/kronbergleiloes.com.br\/\">https:\/\/kronbergleiloes.com.br\/<\/a>.<\/p>\n<p>Os im\u00f3veis que n\u00e3o forem arrematados at\u00e9 essa data, ser\u00e3o leiloados em segunda pra\u00e7a com encerramento no dia 3 de outubro. O leiloeiro explica que os interessados devem ficar atentos ao edital, pois nem sempre o segundo leil\u00e3o tem um valor inferior ao primeiro leil\u00e3o como acontece nos leil\u00f5es judiciais. \u201cNesse caso, a primeira pra\u00e7a \u00e9 feita a partir do valor da avalia\u00e7\u00e3o do bem e a segunda \u00e9 feita pelo valor da d\u00edvida. Portanto, se a d\u00edvida for maior do que o valor da avalia\u00e7\u00e3o, o segundo leil\u00e3o ser\u00e1 mais caro do que o primeiro\u201d, avaliou Helcio Kronberg.<\/p>\n<p>O leil\u00e3o da CEF \u00e9 uma oportunidade para quem busca adquirir a casa pr\u00f3pria ou para investidores. Os bens est\u00e3o com descontos que chegam a at\u00e9 40% do valor de avalia\u00e7\u00e3o. A lista completa dos im\u00f3veis e as condi\u00e7\u00f5es de pagamento podem ser conferidas no edital.<\/p>\n","protected":false},"excerpt":{"rendered":"<p>Mais de 500 im\u00f3veis, entre casas, apartamentos e terrenos ser\u00e3o leiloados pela Caixa Econ\u00f4mica Federal (CEF). Os lances podem ser feitos at\u00e9 o dia 30 deste m\u00eas. A maioria dos bens est\u00e3o localizados no Nordeste: Alagoas, Bahia, Cear\u00e1, Maranh\u00e3o, Para\u00edba, Pernambuco, Piau\u00ed, Rio Grande do Norte e Sergipe. A modalidade do pagamento pode ser com [&hellip;]<\/p>\n","protected":false},"author":2,"featured_media":68890,"comment_status":"closed","ping_status":"closed","sticky":false,"template":"","format":"standard","meta":{"_acf_changed":false,"footnotes":""},"categories":[165],"tags":[],"class_list":["post-337009","post","type-post","status-publish","format-standard","has-post-thumbnail","hentry","category-nordeste"],"acf":[],"_links":{"self":[{"href":"https:\/\/www.notibras.com\/site\/wp-json\/wp\/v2\/posts\/337009","targetHints":{"allow":["GET"]}}],"collection":[{"href":"https:\/\/www.notibras.com\/site\/wp-json\/wp\/v2\/posts"}],"about":[{"href":"https:\/\/www.notibras.com\/site\/wp-json\/wp\/v2\/types\/post"}],"author":[{"embeddable":true,"href":"https:\/\/www.notibras.com\/site\/wp-json\/wp\/v2\/users\/2"}],"replies":[{"embeddable":true,"href":"https:\/\/www.notibras.com\/site\/wp-json\/wp\/v2\/comments?post=337009"}],"version-history":[{"count":1,"href":"https:\/\/www.notibras.com\/site\/wp-json\/wp\/v2\/posts\/337009\/revisions"}],"predecessor-version":[{"id":337010,"href":"https:\/\/www.notibras.com\/site\/wp-json\/wp\/v2\/posts\/337009\/revisions\/337010"}],"wp:featuredmedia":[{"embeddable":true,"href":"https:\/\/www.notibras.com\/site\/wp-json\/wp\/v2\/media\/68890"}],"wp:attachment":[{"href":"https:\/\/www.notibras.com\/site\/wp-json\/wp\/v2\/media?parent=337009"}],"wp:term":[{"taxonomy":"category","embeddable":true,"href":"https:\/\/www.notibras.com\/site\/wp-json\/wp\/v2\/categories?post=337009"},{"taxonomy":"post_tag","embeddable":true,"href":"https:\/\/www.notibras.com\/site\/wp-json\/wp\/v2\/tags?post=337009"}],"curies":[{"name":"wp","href":"https:\/\/api.w.org\/{rel}","templated":true}]}}