{"id":337011,"date":"2024-09-22T07:48:37","date_gmt":"2024-09-22T10:48:37","guid":{"rendered":"https:\/\/www.notibras.com\/site\/?p=337011"},"modified":"2024-09-22T11:19:44","modified_gmt":"2024-09-22T14:19:44","slug":"encontro-casual-de-fas-da-mais-brilho-a-aeroporto","status":"publish","type":"post","link":"https:\/\/www.notibras.com\/site\/encontro-casual-de-fas-da-mais-brilho-a-aeroporto\/","title":{"rendered":"Encontro casual de f\u00e3s d\u00e1 mais brilho a aeroporto"},"content":{"rendered":"<p>Talvez voc\u00ea, que est\u00e1 me lendo agora, n\u00e3o saiba quem \u00e9 o Nando Viana, comediante do programa &#8220;A Culpa \u00e9 do Cabral&#8221;. No entanto, certamente conhece a minha amada, a famosa e incr\u00edvel Dona Irene.<\/p>\n<p>Pois bem, a hist\u00f3ria de hoje \u00e9 sobre o dia em que o Nando teve a sorte de encontrar a minha mulher em um dos aeroportos espalhados pelo Brasil &#8211; n\u00e3o foi no JK, aqui em Bras\u00edlia, com certeza.<\/p>\n<p>L\u00e1 estava a Dona Irene confortavelmente sentada numa cadeira \u00e0 espera do seu voo, quando percebeu um olhar curioso em sua dire\u00e7\u00e3o. Por sorte, ela sabia de quem eram aqueles olhos puxados, haja vista acompanhar as perip\u00e9cias do tal programa do Comedy Central.<\/p>\n<p>O Nando sorriu aquele sorriso t\u00edmido de um f\u00e3 que quer se aproximar, enquanto a minha mulher sorriu aquele sorriso cativante que s\u00f3 ela tem.<\/p>\n<p>Para falar a verdade, nem sei se essa hist\u00f3ria se passou da forma que a estou escrevendo. Todavia, prefiro pensar que ela tenha acontecido assim.<\/p>\n<p>Seja como for, a Dona Irene e o Nando acabaram tirando uma fotografia juntos. Ali\u00e1s, isso s\u00f3 prova que esse rapaz, que \u00e9 de Esteio, no Rio Grande do Sul, \u00e9 mesmo um cara de sorte!<\/p>\n<p><strong>*Eduardo Mart\u00ednez \u00e9 autor do livro \u201c57 Contos e Cr\u00f4nicas por um Autor muito Velho\u201d.<\/strong><\/p>\n<p>Compre aqui\u00a0<span class=\"x19la9d6 x1fc57z9 x6ikm8r x10wlt62 x19co3pv x1g5zs5t xfibh0p xiy17q3 x1xsqp64 x1lkfr7t xexx8yu x4uap5 x18d9i69 xkhd6sd\"><span class=\"xrtxmta x1bhl96m\"><img decoding=\"async\" class=\"emoji\" role=\"img\" draggable=\"false\" src=\"https:\/\/s.w.org\/images\/core\/emoji\/14.0.0\/svg\/1f447-1f3ff.svg\" alt=\"&#x1f447;&#x1f3ff;\" \/><\/span><\/span><span class=\"x19la9d6 x1fc57z9 x6ikm8r x10wlt62 x19co3pv x1g5zs5t xfibh0p xiy17q3 x1xsqp64 x1lkfr7t xexx8yu x4uap5 x18d9i69 xkhd6sd\"><span class=\"xrtxmta x1bhl96m\"><img decoding=\"async\" class=\"emoji\" role=\"img\" draggable=\"false\" src=\"https:\/\/s.w.org\/images\/core\/emoji\/14.0.0\/svg\/1f447-1f3ff.svg\" alt=\"&#x1f447;&#x1f3ff;\" \/><\/span><\/span><span class=\"x19la9d6 x1fc57z9 x6ikm8r x10wlt62 x19co3pv x1g5zs5t xfibh0p xiy17q3 x1xsqp64 x1lkfr7t xexx8yu x4uap5 x18d9i69 xkhd6sd\"><span class=\"xrtxmta x1bhl96m\"><img decoding=\"async\" class=\"emoji\" role=\"img\" draggable=\"false\" src=\"https:\/\/s.w.org\/images\/core\/emoji\/14.0.0\/svg\/1f447-1f3ff.svg\" alt=\"&#x1f447;&#x1f3ff;\" \/><\/span><\/span><\/p>\n<p><a href=\"http:\/\/www.joanineditora.com.br\/57-contos-e-cronicas-por-um-autor-muito-velho\">http:\/\/www.joanineditora.com.br\/57-contos-e-cronicas-por-um-autor-muito-velho<\/a><\/p>\n<div id=\"wpdevar_comment_4\"><\/div>\n","protected":false},"excerpt":{"rendered":"<p>Talvez voc\u00ea, que est\u00e1 me lendo agora, n\u00e3o saiba quem \u00e9 o Nando Viana, comediante do programa &#8220;A Culpa \u00e9 do Cabral&#8221;. No entanto, certamente conhece a minha amada, a famosa e incr\u00edvel Dona Irene. Pois bem, a hist\u00f3ria de hoje \u00e9 sobre o dia em que o Nando teve a sorte de encontrar a [&hellip;]<\/p>\n","protected":false},"author":2,"featured_media":337012,"comment_status":"closed","ping_status":"closed","sticky":false,"template":"","format":"standard","meta":{"_acf_changed":false,"footnotes":""},"categories":[161],"tags":[],"class_list":["post-337011","post","type-post","status-publish","format-standard","has-post-thumbnail","hentry","category-quadradinho-em-foco"],"acf":[],"_links":{"self":[{"href":"https:\/\/www.notibras.com\/site\/wp-json\/wp\/v2\/posts\/337011","targetHints":{"allow":["GET"]}}],"collection":[{"href":"https:\/\/www.notibras.com\/site\/wp-json\/wp\/v2\/posts"}],"about":[{"href":"https:\/\/www.notibras.com\/site\/wp-json\/wp\/v2\/types\/post"}],"author":[{"embeddable":true,"href":"https:\/\/www.notibras.com\/site\/wp-json\/wp\/v2\/users\/2"}],"replies":[{"embeddable":true,"href":"https:\/\/www.notibras.com\/site\/wp-json\/wp\/v2\/comments?post=337011"}],"version-history":[{"count":4,"href":"https:\/\/www.notibras.com\/site\/wp-json\/wp\/v2\/posts\/337011\/revisions"}],"predecessor-version":[{"id":337029,"href":"https:\/\/www.notibras.com\/site\/wp-json\/wp\/v2\/posts\/337011\/revisions\/337029"}],"wp:featuredmedia":[{"embeddable":true,"href":"https:\/\/www.notibras.com\/site\/wp-json\/wp\/v2\/media\/337012"}],"wp:attachment":[{"href":"https:\/\/www.notibras.com\/site\/wp-json\/wp\/v2\/media?parent=337011"}],"wp:term":[{"taxonomy":"category","embeddable":true,"href":"https:\/\/www.notibras.com\/site\/wp-json\/wp\/v2\/categories?post=337011"},{"taxonomy":"post_tag","embeddable":true,"href":"https:\/\/www.notibras.com\/site\/wp-json\/wp\/v2\/tags?post=337011"}],"curies":[{"name":"wp","href":"https:\/\/api.w.org\/{rel}","templated":true}]}}