{"id":337014,"date":"2024-09-22T00:00:48","date_gmt":"2024-09-22T03:00:48","guid":{"rendered":"https:\/\/www.notibras.com\/site\/?p=337014"},"modified":"2024-09-22T07:54:24","modified_gmt":"2024-09-22T10:54:24","slug":"granja-do-torto-tera-o-primeiro-ponto-de-entrega-de-descarte-de-residuos","status":"publish","type":"post","link":"https:\/\/www.notibras.com\/site\/granja-do-torto-tera-o-primeiro-ponto-de-entrega-de-descarte-de-residuos\/","title":{"rendered":"Granja do Torto ter\u00e1 o primeiro ponto de entrega de descarte de res\u00edduos"},"content":{"rendered":"<p>Com o objetivo de combater o descarte irregular de res\u00edduos na Granja do Torto, o setor habitacional vai passar a contar com o primeiro Ponto de Entrega de Pequenos Volumes (PEV), tamb\u00e9m conhecido como papa-entulho. O espa\u00e7o est\u00e1 sendo constru\u00eddo em um terreno na Vila Wesley Roriz. Ser\u00e3o mil metros quadrados destinados ao recebimento de restos de obras, podas e galhadas, m\u00f3veis velhos, materiais volumosos e itens recicl\u00e1veis. Cada cidad\u00e3o poder\u00e1 descartar at\u00e9 um metro c\u00fabico de res\u00edduos por viagem.<\/p>\n<p>O projeto do novo PEV inclui uma \u00e1rea toda pavimentada em bloquetes intertravados com uma rampa para facilitar a descarga dos res\u00edduos da constru\u00e7\u00e3o civil. O espa\u00e7o tamb\u00e9m prev\u00ea baias cobertas para receber materiais volumosos, podas e recicl\u00e1veis, al\u00e9m de uma estrutura administrativa para abrigar o respons\u00e1vel pela unidade, que far\u00e1 o controle do material e os servi\u00e7os de zeladoria e manuten\u00e7\u00e3o. O terreno ser\u00e1 todo cercado. O investimento do Governo do Distrito Federal (GDF), por meio do Servi\u00e7o de Limpeza Urbana (SLU), \u00e9 de mais de R$ 300 mil.<\/p>\n<p>\u201cTentamos fazer um espa\u00e7o levando em considera\u00e7\u00e3o as li\u00e7\u00f5es e as melhorias dos projetos mais antigos. Buscamos fazer uma instala\u00e7\u00e3o visualmente agrad\u00e1vel para passar uma imagem contr\u00e1ria da vis\u00e3o popular e comum em rela\u00e7\u00e3o ao tratamento de res\u00edduos\u201d, explicou o gerente de acompanhamento da Coordena\u00e7\u00e3o de Planejamento e Avalia\u00e7\u00e3o de Obras e Servi\u00e7os do SLU, Fernando Pereira.<\/p>\n<p>De acordo com o gerente, mais da metade dos servi\u00e7os j\u00e1 foi executada na obra. A terraplanagem e a estrutura da plataforma de descarga foram finalizadas. As estruturas de alvenaria da casa administrativa e das baias est\u00e3o em fase final de constru\u00e7\u00e3o. Nas pr\u00f3ximas semanas ser\u00e3o feitos o reboco, a urbaniza\u00e7\u00e3o e o acabamento final.<\/p>\n<p>A constru\u00e7\u00e3o do ponto de entrega era uma demanda dos moradores da Granja do Torto. O administrador do Lago Norte, Marcelo Ferreira, diz que esse ser\u00e1 o primeiro ponto de toda a regi\u00e3o administrativa. \u201cEra uma coisa que as pessoas pediam muito, um ponto de descarte correto de res\u00edduos. Estamos instalando o primeiro da RA 18 e, em breve, ser\u00e3o instalados outros para atender mais \u00e1reas da regi\u00e3o. Estamos fazendo um mapeamento das \u00e1reas\u201d, explica.<\/p>\n<p><strong>Papa-entulhos<\/strong><br \/>\nA cria\u00e7\u00e3o de mais um local de descarte correto faz parte das a\u00e7\u00f5es do GDF para erradicar antigos lix\u00f5es e conscientizar a popula\u00e7\u00e3o sobre a import\u00e2ncia de descartar regularmente os res\u00edduos n\u00e3o convencionais, que n\u00e3o devem ser depositados em \u00e1reas p\u00fablicas nem no lixo comum. Atualmente, o DF conta com 23 unidades de papa-entulhos em opera\u00e7\u00e3o. Al\u00e9m do PEV da Granja do Torto, est\u00e3o em constru\u00e7\u00e3o unidades em Riacho Fundo II, Itapo\u00e3 e Planaltina.<\/p>\n<p>Os res\u00edduos de obras e podas entregues nos PEVs s\u00e3o levados para a Unidade de Recebimento de Entulhos (URE), onde passam por um processo de reciclagem. Aproximadamente 20% dos materiais s\u00e3o transformados em brita, areia e outros produtos. Os materiais recicl\u00e1veis s\u00e3o encaminhados para cooperativas, e os volumosos em condi\u00e7\u00f5es de uso s\u00e3o doados.<\/p>\n","protected":false},"excerpt":{"rendered":"<p>Com o objetivo de combater o descarte irregular de res\u00edduos na Granja do Torto, o setor habitacional vai passar a contar com o primeiro Ponto de Entrega de Pequenos Volumes (PEV), tamb\u00e9m conhecido como papa-entulho. O espa\u00e7o est\u00e1 sendo constru\u00eddo em um terreno na Vila Wesley Roriz. Ser\u00e3o mil metros quadrados destinados ao recebimento de [&hellip;]<\/p>\n","protected":false},"author":2,"featured_media":337015,"comment_status":"closed","ping_status":"closed","sticky":false,"template":"","format":"standard","meta":{"_acf_changed":false,"footnotes":""},"categories":[161],"tags":[],"class_list":["post-337014","post","type-post","status-publish","format-standard","has-post-thumbnail","hentry","category-quadradinho-em-foco"],"acf":[],"_links":{"self":[{"href":"https:\/\/www.notibras.com\/site\/wp-json\/wp\/v2\/posts\/337014","targetHints":{"allow":["GET"]}}],"collection":[{"href":"https:\/\/www.notibras.com\/site\/wp-json\/wp\/v2\/posts"}],"about":[{"href":"https:\/\/www.notibras.com\/site\/wp-json\/wp\/v2\/types\/post"}],"author":[{"embeddable":true,"href":"https:\/\/www.notibras.com\/site\/wp-json\/wp\/v2\/users\/2"}],"replies":[{"embeddable":true,"href":"https:\/\/www.notibras.com\/site\/wp-json\/wp\/v2\/comments?post=337014"}],"version-history":[{"count":1,"href":"https:\/\/www.notibras.com\/site\/wp-json\/wp\/v2\/posts\/337014\/revisions"}],"predecessor-version":[{"id":337016,"href":"https:\/\/www.notibras.com\/site\/wp-json\/wp\/v2\/posts\/337014\/revisions\/337016"}],"wp:featuredmedia":[{"embeddable":true,"href":"https:\/\/www.notibras.com\/site\/wp-json\/wp\/v2\/media\/337015"}],"wp:attachment":[{"href":"https:\/\/www.notibras.com\/site\/wp-json\/wp\/v2\/media?parent=337014"}],"wp:term":[{"taxonomy":"category","embeddable":true,"href":"https:\/\/www.notibras.com\/site\/wp-json\/wp\/v2\/categories?post=337014"},{"taxonomy":"post_tag","embeddable":true,"href":"https:\/\/www.notibras.com\/site\/wp-json\/wp\/v2\/tags?post=337014"}],"curies":[{"name":"wp","href":"https:\/\/api.w.org\/{rel}","templated":true}]}}