{"id":337018,"date":"2024-09-22T00:00:33","date_gmt":"2024-09-22T03:00:33","guid":{"rendered":"https:\/\/www.notibras.com\/site\/?p=337018"},"modified":"2024-09-22T08:01:13","modified_gmt":"2024-09-22T11:01:13","slug":"mais-de-1-mil-500-quilos-de-lixo-sao-retirados-do-paranoa","status":"publish","type":"post","link":"https:\/\/www.notibras.com\/site\/mais-de-1-mil-500-quilos-de-lixo-sao-retirados-do-paranoa\/","title":{"rendered":"Mais de 1 mil 500 quilos de lixo s\u00e3o retirados do Parano\u00e1"},"content":{"rendered":"<p>Terminou neste s\u00e1bado (21) a 12\u00aa edi\u00e7\u00e3o da Semana do Lago Limpo. Realizada no Deck Sul, a a\u00e7\u00e3o recolheu mais de 1.560 quilos de lixo das margens e do fundo do Parano\u00e1. Tinha pneu, garrafa, lata, cadeirinha de pl\u00e1stico e at\u00e9 um triciclo. Os res\u00edduos foram acondicionados e encaminhados \u00e0 triagem para que, em seguida, seja feita a destina\u00e7\u00e3o adequada, de acordo com a classe do res\u00edduo. Em 2023, foram retiradas sete toneladas de res\u00edduos no Pont\u00e3o do Lago Sul.<\/p>\n<p>O objetivo da a\u00e7\u00e3o foi alertar e conscientizar a popula\u00e7\u00e3o sobre o descarte correto de res\u00edduos e a import\u00e2ncia da preserva\u00e7\u00e3o dos recursos h\u00eddricos. Mais de 100 volunt\u00e1rios \u2013 dentre mergulhadores, reeducandos e estudantes do Centro Universit\u00e1rio UDF \u2013 se uniram no mutir\u00e3o de limpeza no Lago Parano\u00e1, com apoio da Secretaria de Meio Ambiente (Sema-DF), do Instituto Bras\u00edlia Ambiental (Ibram), do Servi\u00e7o de Limpeza Urbana (SLU), da Companhia de Saneamento Ambiental do Distrito Federal (Caesb), da Funda\u00e7\u00e3o de Amparo ao Trabalhador Preso (Funap-DF), da Companhia Urbanizadora da Nova Capital do Brasil (Novacap), do Grupamento de Busca e Salvamento do Corpo de Bombeiros Militar do Distrito Federal (CBMDF), do Batalh\u00e3o de Pol\u00edcia Militar Ambiental do Distrito Federal (PMDF Ambiental), da Secretaria de Transporte e Mobilidade (Semob-DF), da Administra\u00e7\u00e3o Regional do Plano Piloto (RA-PP), da Associa\u00e7\u00e3o de Pesca Esportiva, Subaqu\u00e1tica e Conscientiza\u00e7\u00e3o Ambiental do Distrito Federal (ASPSSHARK-DF) e da Associa\u00e7\u00e3o Brasileira de Esportes e Pesca Subaqu\u00e1ticos (DFSUB).<\/p>\n<p>\u201cEste s\u00e1bado ficou marcado pela uni\u00e3o e compromisso da Caesb e de v\u00e1rios \u00f3rg\u00e3os do GDF com a preserva\u00e7\u00e3o dos recursos h\u00eddricos da capital, sob o comando do governador Ibaneis Rocha\u201d, afirmou o presidente da Caesb, Lu\u00eds Ant\u00f4nio Reis. \u201cO Lago Parano\u00e1 tem uma hist\u00f3ria de supera\u00e7\u00e3o. A Caesb teve um papel fundamental nesse processo. O sucesso do Programa de Despolui\u00e7\u00e3o do Lago Parano\u00e1 possibilitou transformar um corpo receptor de esgotos em um novo manancial de \u00e1gua para a popula\u00e7\u00e3o do Distrito Federal, al\u00e9m de ser utilizado para esportes n\u00e1uticos, pesca recreativa e atividades de lazer.\u201d<\/p>\n<p>Ao longo da semana, a limpeza das margens e do espelho d\u2019\u00e1gua do Lago Parano\u00e1 foi coordenada pela Adasa, com a participa\u00e7\u00e3o de reeducandos da Funap. Deuselita Martins, diretora-executiva da Funda\u00e7\u00e3o, destacou a import\u00e2ncia do trabalho realizado pelos internos na a\u00e7\u00e3o de limpeza. \u201cO servi\u00e7o iniciou bem antes dessa semana de limpeza, com os detentos confeccionando 20 sextos flutuantes utilizados na coleta de res\u00edduos no espelho d\u2019\u00e1gua. O contato direto com o problema do lixo \u2013 e como ele afeta o espa\u00e7o que deveria ser de lazer \u2013 \u00e9 uma experi\u00eancia muito v\u00e1lida para eles,\u201d afirmou.<\/p>\n<p>A programa\u00e7\u00e3o incluiu atividades educativas e ambientais, com din\u00e2micas relacionadas \u00e0 limpeza do lago e ao descarte correto de res\u00edduos. A unidade m\u00f3vel de \u00e1gua da Caesb tamb\u00e9m marcou presen\u00e7a no evento, para hidratar o p\u00fablico que trabalhou como volunt\u00e1rio e os moradores que foram prestigiar a a\u00e7\u00e3o.<\/p>\n<p><strong>A\u00e7\u00e3o volunt\u00e1ria<\/strong><br \/>\nDiretor-presidente da Adasa, Raimundo Ribeiro destacou o esp\u00edrito de colabora\u00e7\u00e3o da Semana do Lago Limpo. \u201cEsses volunt\u00e1rios n\u00e3o recebem nada por isso; ao contr\u00e1rio, investem seu tempo e recurso. Isso demonstra que quando a sociedade est\u00e1 motivada, pode trabalhar em parceria com o governo\u201d, ressaltou. \u201cEstamos aqui limpando, mas o essencial \u00e9 que a popula\u00e7\u00e3o n\u00e3o jogue lixo no lugar errado.\u201d<\/p>\n<p>O mergulhador e economista Esteves Colnago, 50 anos, foi um dos volunt\u00e1rios do evento neste s\u00e1bado. Com 30 anos de experi\u00eancia em mergulho, essa \u00e9 a primeira vez que ele participa de uma a\u00e7\u00e3o no Parano\u00e1. \u201cO mergulho permite ter um outro olhar para a natureza. J\u00e1 participei de uma a\u00e7\u00e3o em Brazl\u00e2ndia, no Lago Veredinha. Naquela ocasi\u00e3o, foram retirados muitos pneus, garrafas, peda\u00e7os de madeira e, por incr\u00edvel que pare\u00e7a, postes de quadra de v\u00f4lei\u201d, relatou.<\/p>\n<p>Para o economista, participar da a\u00e7\u00e3o \u00e9 valorizar o cart\u00e3o postal de Bras\u00edlia, que \u00e9 o Parano\u00e1: \u201c\u00c9 um trabalho fant\u00e1stico que faz com que as pessoas sejam conscientizadas a n\u00e3o jogar lixo no lago.\u201d Ele tamb\u00e9m elogiou o trabalho que os \u00f3rg\u00e3os do Governo do Distrito Federal (GDF) fazem com os mananciais da capital. \u201cO lago acaba sendo transformado em uma op\u00e7\u00e3o de lazer e atividades esportivas. A a\u00e7\u00e3o ajuda a conscientizar as pessoas a n\u00e3o jogar lixo no lago; l\u00e1 n\u00e3o \u00e9 dep\u00f3sito, n\u00e3o pode ter garrafas ou pneus, porque isso faz mal n\u00e3o s\u00f3 para as pessoas, como tamb\u00e9m para a natureza\u201d, observou.<\/p>\n<p>A aposentada Maria de F\u00e1tima Portela, 62 anos, moradora de Santa Maria, destacou que o evento \u00e9 muito importante. \u201cA li\u00e7\u00e3o que fica para a gente \u00e9 a import\u00e2ncia de se preservar a natureza e o meio ambiente. Eu mesma saio de casa sempre com uma sacola de lixo e recolho as coisas na rua. Sempre fa\u00e7o a minha parte\u201d, contou. \u201cQuero parabenizar o GDF e o governador Ibaneis Rocha pelo excelente trabalho que tem sido feito na preserva\u00e7\u00e3o dos recursos h\u00eddricos\u201d.<\/p>\n","protected":false},"excerpt":{"rendered":"<p>Terminou neste s\u00e1bado (21) a 12\u00aa edi\u00e7\u00e3o da Semana do Lago Limpo. Realizada no Deck Sul, a a\u00e7\u00e3o recolheu mais de 1.560 quilos de lixo das margens e do fundo do Parano\u00e1. Tinha pneu, garrafa, lata, cadeirinha de pl\u00e1stico e at\u00e9 um triciclo. Os res\u00edduos foram acondicionados e encaminhados \u00e0 triagem para que, em seguida, [&hellip;]<\/p>\n","protected":false},"author":2,"featured_media":337019,"comment_status":"closed","ping_status":"closed","sticky":false,"template":"","format":"standard","meta":{"_acf_changed":false,"footnotes":""},"categories":[161],"tags":[],"class_list":["post-337018","post","type-post","status-publish","format-standard","has-post-thumbnail","hentry","category-quadradinho-em-foco"],"acf":[],"_links":{"self":[{"href":"https:\/\/www.notibras.com\/site\/wp-json\/wp\/v2\/posts\/337018","targetHints":{"allow":["GET"]}}],"collection":[{"href":"https:\/\/www.notibras.com\/site\/wp-json\/wp\/v2\/posts"}],"about":[{"href":"https:\/\/www.notibras.com\/site\/wp-json\/wp\/v2\/types\/post"}],"author":[{"embeddable":true,"href":"https:\/\/www.notibras.com\/site\/wp-json\/wp\/v2\/users\/2"}],"replies":[{"embeddable":true,"href":"https:\/\/www.notibras.com\/site\/wp-json\/wp\/v2\/comments?post=337018"}],"version-history":[{"count":1,"href":"https:\/\/www.notibras.com\/site\/wp-json\/wp\/v2\/posts\/337018\/revisions"}],"predecessor-version":[{"id":337020,"href":"https:\/\/www.notibras.com\/site\/wp-json\/wp\/v2\/posts\/337018\/revisions\/337020"}],"wp:featuredmedia":[{"embeddable":true,"href":"https:\/\/www.notibras.com\/site\/wp-json\/wp\/v2\/media\/337019"}],"wp:attachment":[{"href":"https:\/\/www.notibras.com\/site\/wp-json\/wp\/v2\/media?parent=337018"}],"wp:term":[{"taxonomy":"category","embeddable":true,"href":"https:\/\/www.notibras.com\/site\/wp-json\/wp\/v2\/categories?post=337018"},{"taxonomy":"post_tag","embeddable":true,"href":"https:\/\/www.notibras.com\/site\/wp-json\/wp\/v2\/tags?post=337018"}],"curies":[{"name":"wp","href":"https:\/\/api.w.org\/{rel}","templated":true}]}}