{"id":337050,"date":"2024-09-23T06:10:42","date_gmt":"2024-09-23T09:10:42","guid":{"rendered":"https:\/\/www.notibras.com\/site\/?p=337050"},"modified":"2024-09-23T06:10:42","modified_gmt":"2024-09-23T09:10:42","slug":"mar-avanca-em-natal-e-afasta-banhistas-das-praias","status":"publish","type":"post","link":"https:\/\/www.notibras.com\/site\/mar-avanca-em-natal-e-afasta-banhistas-das-praias\/","title":{"rendered":"Mar avan\u00e7a em Natal e afasta banhistas das praias"},"content":{"rendered":"<p>Natal, capital do Rio Grande do Norte, tem demonstrado que o mar n\u00e3o est\u00e1 para banhistas. O potiguar vive a triste realidade alarmante da eros\u00e3o costeira, um fen\u00f4meno que impacta diretamente o famoso cart\u00e3o-postal da cidade: a Praia de Ponta Negra. Essa praia, conhecida por sua beleza e pelo ic\u00f4nico Morro do Careca, enfrenta agora uma amea\u00e7a natural que afasta banhistas e preocupa moradores e autoridades.<\/p>\n<p>A decis\u00e3o da prefeitura de decretar situa\u00e7\u00e3o de emerg\u00eancia nas \u00e1reas afetadas \u00e9 um sinal claro da gravidade do problema. As faixas de areia, antes amplas e convidativas, t\u00eam encolhido a cada avan\u00e7o do mar, comprometendo a infraestrutura costeira e a seguran\u00e7a dos visitantes. O mar, que antes trazia encantamento e lazer, agora imp\u00f5e desafios \u00e0 preserva\u00e7\u00e3o e ao conv\u00edvio urbano. A via costeira, outro ponto importante de liga\u00e7\u00e3o na cidade, tamb\u00e9m sofre com a proximidade do avan\u00e7o das \u00e1guas, trazendo transtornos para o tr\u00e2nsito e para as constru\u00e7\u00f5es \u00e0 beira-mar.<\/p>\n<p>Esse tipo de eros\u00e3o, infelizmente, n\u00e3o \u00e9 um problema exclusivo de Natal. Muitas cidades litor\u00e2neas ao redor do mundo t\u00eam enfrentado situa\u00e7\u00f5es semelhantes, intensificadas pelas mudan\u00e7as clim\u00e1ticas e pela ocupa\u00e7\u00e3o desenfreada da costa. No entanto, a situa\u00e7\u00e3o de Ponta Negra chama a aten\u00e7\u00e3o pela sua relev\u00e2ncia tur\u00edstica e pela identidade que essa praia representa para a cidade e seus moradores.<\/p>\n<p>Enquanto as solu\u00e7\u00f5es definitivas para conter o avan\u00e7o do mar s\u00e3o estudadas e implementadas, o cen\u00e1rio \u00e9 de incerteza. A urg\u00eancia em preservar esse patrim\u00f4nio natural, t\u00e3o querido por todos que vivem ou visitam Natal, \u00e9 evidente. Contudo, a natureza segue seu curso, impondo suas pr\u00f3prias regras e lembrando a todos da import\u00e2ncia de harmonizar desenvolvimento com sustentabilidade. O mar, implac\u00e1vel e poderoso, continua a testar os limites da interven\u00e7\u00e3o humana, desafiando a cidade a encontrar novos caminhos para proteger suas praias e suas hist\u00f3rias.<\/p>\n","protected":false},"excerpt":{"rendered":"<p>Natal, capital do Rio Grande do Norte, tem demonstrado que o mar n\u00e3o est\u00e1 para banhistas. O potiguar vive a triste realidade alarmante da eros\u00e3o costeira, um fen\u00f4meno que impacta diretamente o famoso cart\u00e3o-postal da cidade: a Praia de Ponta Negra. Essa praia, conhecida por sua beleza e pelo ic\u00f4nico Morro do Careca, enfrenta agora [&hellip;]<\/p>\n","protected":false},"author":2,"featured_media":337051,"comment_status":"closed","ping_status":"closed","sticky":false,"template":"","format":"standard","meta":{"_acf_changed":false,"footnotes":""},"categories":[165],"tags":[],"class_list":["post-337050","post","type-post","status-publish","format-standard","has-post-thumbnail","hentry","category-nordeste"],"acf":[],"_links":{"self":[{"href":"https:\/\/www.notibras.com\/site\/wp-json\/wp\/v2\/posts\/337050","targetHints":{"allow":["GET"]}}],"collection":[{"href":"https:\/\/www.notibras.com\/site\/wp-json\/wp\/v2\/posts"}],"about":[{"href":"https:\/\/www.notibras.com\/site\/wp-json\/wp\/v2\/types\/post"}],"author":[{"embeddable":true,"href":"https:\/\/www.notibras.com\/site\/wp-json\/wp\/v2\/users\/2"}],"replies":[{"embeddable":true,"href":"https:\/\/www.notibras.com\/site\/wp-json\/wp\/v2\/comments?post=337050"}],"version-history":[{"count":1,"href":"https:\/\/www.notibras.com\/site\/wp-json\/wp\/v2\/posts\/337050\/revisions"}],"predecessor-version":[{"id":337052,"href":"https:\/\/www.notibras.com\/site\/wp-json\/wp\/v2\/posts\/337050\/revisions\/337052"}],"wp:featuredmedia":[{"embeddable":true,"href":"https:\/\/www.notibras.com\/site\/wp-json\/wp\/v2\/media\/337051"}],"wp:attachment":[{"href":"https:\/\/www.notibras.com\/site\/wp-json\/wp\/v2\/media?parent=337050"}],"wp:term":[{"taxonomy":"category","embeddable":true,"href":"https:\/\/www.notibras.com\/site\/wp-json\/wp\/v2\/categories?post=337050"},{"taxonomy":"post_tag","embeddable":true,"href":"https:\/\/www.notibras.com\/site\/wp-json\/wp\/v2\/tags?post=337050"}],"curies":[{"name":"wp","href":"https:\/\/api.w.org\/{rel}","templated":true}]}}