{"id":337056,"date":"2024-09-23T06:06:48","date_gmt":"2024-09-23T09:06:48","guid":{"rendered":"https:\/\/www.notibras.com\/site\/?p=337056"},"modified":"2024-09-23T06:36:19","modified_gmt":"2024-09-23T09:36:19","slug":"mudanca-climatica-ameaca-acabar-com-os-corais-de-alagoas","status":"publish","type":"post","link":"https:\/\/www.notibras.com\/site\/mudanca-climatica-ameaca-acabar-com-os-corais-de-alagoas\/","title":{"rendered":"Mudan\u00e7a clim\u00e1tica amea\u00e7a acabar com os corais de Alagoas"},"content":{"rendered":"<p>O sol continua brilhando intenso no litoral de Alagoas, refletindo em ondas de um azul profundo que, \u00e0 primeira vista, escondem uma triste realidade. A natureza, que por s\u00e9culos foi resiliente em estado bruto, come\u00e7a a ceder. Sob as \u00e1guas, nos recifes que abra\u00e7am a costa, a morte se alastra em sil\u00eancio. Os corais, que j\u00e1 foram vibrantes em cores e vida, agora perdem o brilho, despidos de seu esplendor natural. Essa desola\u00e7\u00e3o submersa revela o impacto das mudan\u00e7as clim\u00e1ticas de forma cruel e ineg\u00e1vel.<\/p>\n<p>A forte onda de calor, consequ\u00eancia direta do aquecimento global, trouxe consigo um aumento preocupante da temperatura do mar. Para os corais, esse aquecimento \u00e9 uma senten\u00e7a de morte. Acostumados a um delicado equil\u00edbrio entre temperatura e salinidade, n\u00e3o suportam a r\u00e1pida mudan\u00e7a. O branqueamento dos corais, fen\u00f4meno que ocorre quando eles expulsam as algas simbi\u00f3ticas que lhes fornecem nutrientes e cores, j\u00e1 atingiu n\u00edveis alarmantes nas \u00e1guas mornas de Alagoas.<\/p>\n<p>Este fen\u00f4meno n\u00e3o \u00e9 isolado. A crise clim\u00e1tica \u00e9 global, mas seus efeitos locais s\u00e3o devastadores. Para as comunidades costeiras que dependem da pesca e do turismo, a morte dos corais representa o fim de uma era. Os recifes n\u00e3o s\u00e3o apenas um espet\u00e1culo da natureza; eles s\u00e3o um ecossistema vital. Peixes, moluscos e in\u00fameras outras formas de vida dependem desses recifes para sobreviver. E assim, quando os corais morrem, toda uma cadeia de vida est\u00e1 em risco.<\/p>\n<p>Os cientistas j\u00e1 haviam alertado. As emiss\u00f5es de gases de efeito estufa, alimentadas por ind\u00fastrias desenfreadas, desmatamento e queima de combust\u00edveis f\u00f3sseis, aquecem a Terra a um ritmo perigoso. O calor, antes um aliado em regi\u00f5es tropicais, se tornou uma for\u00e7a destrutiva, afetando o que h\u00e1 de mais belo e vital no oceano.<\/p>\n<p>A realidade da mudan\u00e7a clim\u00e1tica est\u00e1 \u00e0 nossa frente, nos mares de Alagoas, onde os corais agonizam em sil\u00eancio. Este \u00e9 um pedido de socorro da natureza, uma advert\u00eancia sobre os custos de nossa neglig\u00eancia. O que resta \u00e9 refletir: ser\u00e1 que ainda podemos reverter este cen\u00e1rio? Enquanto assistimos \u00e0 morte dos corais, tamb\u00e9m vemos o pren\u00fancio do que pode ser o futuro da humanidade se n\u00e3o agirmos agora.<\/p>\n<p>Aos olhos de quem observa o mar cristalino, o horizonte ainda parece calmo. Mas, sob as \u00e1guas, h\u00e1 um grito abafado. O grito dos corais, das \u00e1guas que se aquecem, e de um planeta que pede socorro.<\/p>\n","protected":false},"excerpt":{"rendered":"<p>O sol continua brilhando intenso no litoral de Alagoas, refletindo em ondas de um azul profundo que, \u00e0 primeira vista, escondem uma triste realidade. A natureza, que por s\u00e9culos foi resiliente em estado bruto, come\u00e7a a ceder. Sob as \u00e1guas, nos recifes que abra\u00e7am a costa, a morte se alastra em sil\u00eancio. Os corais, que [&hellip;]<\/p>\n","protected":false},"author":2,"featured_media":216421,"comment_status":"closed","ping_status":"closed","sticky":false,"template":"","format":"standard","meta":{"_acf_changed":false,"footnotes":""},"categories":[165],"tags":[],"class_list":["post-337056","post","type-post","status-publish","format-standard","has-post-thumbnail","hentry","category-nordeste"],"acf":[],"_links":{"self":[{"href":"https:\/\/www.notibras.com\/site\/wp-json\/wp\/v2\/posts\/337056","targetHints":{"allow":["GET"]}}],"collection":[{"href":"https:\/\/www.notibras.com\/site\/wp-json\/wp\/v2\/posts"}],"about":[{"href":"https:\/\/www.notibras.com\/site\/wp-json\/wp\/v2\/types\/post"}],"author":[{"embeddable":true,"href":"https:\/\/www.notibras.com\/site\/wp-json\/wp\/v2\/users\/2"}],"replies":[{"embeddable":true,"href":"https:\/\/www.notibras.com\/site\/wp-json\/wp\/v2\/comments?post=337056"}],"version-history":[{"count":1,"href":"https:\/\/www.notibras.com\/site\/wp-json\/wp\/v2\/posts\/337056\/revisions"}],"predecessor-version":[{"id":337057,"href":"https:\/\/www.notibras.com\/site\/wp-json\/wp\/v2\/posts\/337056\/revisions\/337057"}],"wp:featuredmedia":[{"embeddable":true,"href":"https:\/\/www.notibras.com\/site\/wp-json\/wp\/v2\/media\/216421"}],"wp:attachment":[{"href":"https:\/\/www.notibras.com\/site\/wp-json\/wp\/v2\/media?parent=337056"}],"wp:term":[{"taxonomy":"category","embeddable":true,"href":"https:\/\/www.notibras.com\/site\/wp-json\/wp\/v2\/categories?post=337056"},{"taxonomy":"post_tag","embeddable":true,"href":"https:\/\/www.notibras.com\/site\/wp-json\/wp\/v2\/tags?post=337056"}],"curies":[{"name":"wp","href":"https:\/\/api.w.org\/{rel}","templated":true}]}}