{"id":337067,"date":"2024-09-23T07:39:33","date_gmt":"2024-09-23T10:39:33","guid":{"rendered":"https:\/\/www.notibras.com\/site\/?p=337067"},"modified":"2024-09-23T08:17:32","modified_gmt":"2024-09-23T11:17:32","slug":"carmelo-manso-como-ovelha-tinha-la-suas-iras","status":"publish","type":"post","link":"https:\/\/www.notibras.com\/site\/carmelo-manso-como-ovelha-tinha-la-suas-iras\/","title":{"rendered":"Carmelo, manso como ovelha, tinha l\u00e1 suas iras"},"content":{"rendered":"<p>Carmelo era como uma ovelha, dif\u00edcil de ficar aborrecido. No entanto, quando a zanga o tomava, era dif\u00edcil de recoloc\u00e1-lo no prumo. Rodava a l\u00edngua afiada para todo lado, palavr\u00e3o \u00e9 que n\u00e3o faltava. At\u00e9 a dona Laura, vizinha afamada pelas caridades que fazia, perigava ser alvo de algum improp\u00e9rio.<\/p>\n<p>Casado com Juliana h\u00e1 quase duas d\u00e9cadas, poder\u00edamos afirmar que praticamente n\u00e3o ocorria desaven\u00e7a entre os dois. Brigona que era, a mulher sabia se impor e, caso precisasse levantar a voz, a \u00fanica que seria ouvida naquela casa seria a dela. E ai do Carmelo reclamar. Era, por baixo, dois dias dormindo no sof\u00e1.<\/p>\n<p>O homem, acostumado que estava em engolir desaforo da esposa, tratou logo de arrumar uma v\u00e1lvula de escape para os momentos de descontrole. Mas n\u00e3o pense voc\u00ea que foi coisa f\u00e1cil de descobrir. N\u00e3o mesmo!<\/p>\n<p>Tentou caminhar, mas logo percebeu que gastaria a sola do sapato antes que a raiva fosse dissipada por completo. Correr tamb\u00e9m n\u00e3o serviu para tal prop\u00f3sito, j\u00e1 que o f\u00f4lego de fumante inveterado o dissuadiu da ideia. Um amigo o convidou para jogos de poker, mas a sorte n\u00e3o andava ao seu lado.<\/p>\n<p>Quase desistindo, Carmelo, logo ap\u00f3s levar uma bronca daquelas da Juliana, foi at\u00e9 a varanda do apartamento para gritar o grito dos enraivecidos quando, por um desses acasos, avistou um velho sentado no banco da pracinha ao fundo. O sujeito parecia entretido na leitura de um livro, cuja capa era dif\u00edcil de ser notada.<\/p>\n<p>Curioso, Carmelo desceu as escadas e foi em dire\u00e7\u00e3o ao senhor, que ainda mantinha os olhos direcionados para as p\u00e1ginas repletas de letras. Por um instante, o leitor observou o homem se aproximando e, antes de se apresentarem, retirou do bolso do palet\u00f3 outro exemplar de &#8220;A verdade nos seres&#8221;, do poeta Daniel Marchi, e o entregou a Carmelo.<\/p>\n<p>\u2014 Meu amigo, pela sua cara, voc\u00ea est\u00e1 precisando de um pouco de poesia na vida.<\/p>\n<p><strong>*Eduardo Mart\u00ednez \u00e9 autor do livro \u201c57 Contos e Cr\u00f4nicas por um Autor muito Velho\u201d.<\/strong><\/p>\n<p>Compre aqui\u00a0<span class=\"x19la9d6 x1fc57z9 x6ikm8r x10wlt62 x19co3pv x1g5zs5t xfibh0p xiy17q3 x1xsqp64 x1lkfr7t xexx8yu x4uap5 x18d9i69 xkhd6sd\"><span class=\"xrtxmta x1bhl96m\"><img decoding=\"async\" class=\"emoji\" role=\"img\" draggable=\"false\" src=\"https:\/\/s.w.org\/images\/core\/emoji\/14.0.0\/svg\/1f447-1f3ff.svg\" alt=\"&#x1f447;&#x1f3ff;\" \/><\/span><\/span><span class=\"x19la9d6 x1fc57z9 x6ikm8r x10wlt62 x19co3pv x1g5zs5t xfibh0p xiy17q3 x1xsqp64 x1lkfr7t xexx8yu x4uap5 x18d9i69 xkhd6sd\"><span class=\"xrtxmta x1bhl96m\"><img decoding=\"async\" class=\"emoji\" role=\"img\" draggable=\"false\" src=\"https:\/\/s.w.org\/images\/core\/emoji\/14.0.0\/svg\/1f447-1f3ff.svg\" alt=\"&#x1f447;&#x1f3ff;\" \/><\/span><\/span><span class=\"x19la9d6 x1fc57z9 x6ikm8r x10wlt62 x19co3pv x1g5zs5t xfibh0p xiy17q3 x1xsqp64 x1lkfr7t xexx8yu x4uap5 x18d9i69 xkhd6sd\"><span class=\"xrtxmta x1bhl96m\"><img decoding=\"async\" class=\"emoji\" role=\"img\" draggable=\"false\" src=\"https:\/\/s.w.org\/images\/core\/emoji\/14.0.0\/svg\/1f447-1f3ff.svg\" alt=\"&#x1f447;&#x1f3ff;\" \/><\/span><\/span><\/p>\n<p><a href=\"http:\/\/www.joanineditora.com.br\/57-contos-e-cronicas-por-um-autor-muito-velho\">http:\/\/www.joanineditora.com.br\/57-contos-e-cronicas-por-um-autor-muito-velho<\/a><\/p>\n","protected":false},"excerpt":{"rendered":"<p>Carmelo era como uma ovelha, dif\u00edcil de ficar aborrecido. No entanto, quando a zanga o tomava, era dif\u00edcil de recoloc\u00e1-lo no prumo. Rodava a l\u00edngua afiada para todo lado, palavr\u00e3o \u00e9 que n\u00e3o faltava. At\u00e9 a dona Laura, vizinha afamada pelas caridades que fazia, perigava ser alvo de algum improp\u00e9rio. Casado com Juliana h\u00e1 quase [&hellip;]<\/p>\n","protected":false},"author":2,"featured_media":337068,"comment_status":"closed","ping_status":"closed","sticky":false,"template":"","format":"standard","meta":{"_acf_changed":false,"footnotes":""},"categories":[161],"tags":[],"class_list":["post-337067","post","type-post","status-publish","format-standard","has-post-thumbnail","hentry","category-quadradinho-em-foco"],"acf":[],"_links":{"self":[{"href":"https:\/\/www.notibras.com\/site\/wp-json\/wp\/v2\/posts\/337067","targetHints":{"allow":["GET"]}}],"collection":[{"href":"https:\/\/www.notibras.com\/site\/wp-json\/wp\/v2\/posts"}],"about":[{"href":"https:\/\/www.notibras.com\/site\/wp-json\/wp\/v2\/types\/post"}],"author":[{"embeddable":true,"href":"https:\/\/www.notibras.com\/site\/wp-json\/wp\/v2\/users\/2"}],"replies":[{"embeddable":true,"href":"https:\/\/www.notibras.com\/site\/wp-json\/wp\/v2\/comments?post=337067"}],"version-history":[{"count":3,"href":"https:\/\/www.notibras.com\/site\/wp-json\/wp\/v2\/posts\/337067\/revisions"}],"predecessor-version":[{"id":337073,"href":"https:\/\/www.notibras.com\/site\/wp-json\/wp\/v2\/posts\/337067\/revisions\/337073"}],"wp:featuredmedia":[{"embeddable":true,"href":"https:\/\/www.notibras.com\/site\/wp-json\/wp\/v2\/media\/337068"}],"wp:attachment":[{"href":"https:\/\/www.notibras.com\/site\/wp-json\/wp\/v2\/media?parent=337067"}],"wp:term":[{"taxonomy":"category","embeddable":true,"href":"https:\/\/www.notibras.com\/site\/wp-json\/wp\/v2\/categories?post=337067"},{"taxonomy":"post_tag","embeddable":true,"href":"https:\/\/www.notibras.com\/site\/wp-json\/wp\/v2\/tags?post=337067"}],"curies":[{"name":"wp","href":"https:\/\/api.w.org\/{rel}","templated":true}]}}