{"id":337074,"date":"2024-09-23T00:02:42","date_gmt":"2024-09-23T03:02:42","guid":{"rendered":"https:\/\/www.notibras.com\/site\/?p=337074"},"modified":"2024-09-23T07:52:14","modified_gmt":"2024-09-23T10:52:14","slug":"defensoria-nas-escolas-desembarca-em-sobradinho","status":"publish","type":"post","link":"https:\/\/www.notibras.com\/site\/defensoria-nas-escolas-desembarca-em-sobradinho\/","title":{"rendered":"Defensoria nas Escolas desembarca em Sobradinho"},"content":{"rendered":"<p>A Defensoria P\u00fablica do Distrito Federal (DPDF), em parceria com a Secretaria de Educa\u00e7\u00e3o do Distrito Federal (SEEDF), realizam a segunda edi\u00e7\u00e3o do projeto Defensoria nas Escolas, que contemplar\u00e1 a regi\u00e3o de Sobradinho. As a\u00e7\u00f5es ocorrer\u00e3o na ter\u00e7a (24), na Escola de Classe 17 da Vila Rabelo, na quinta (26) e na sexta-feira (27), na Escola de Ensino M\u00e9dio 02, a partir das 9h.<\/p>\n<p>A a\u00e7\u00e3o tem o objetivo de facilitar o acesso \u00e0 Justi\u00e7a, por meio de atendimento jur\u00eddico exclusivo nas escolas p\u00fablicas do DF, e, dessa forma, abrir as portas da institui\u00e7\u00e3o para escutar a comunidade escolar, compreendendo suas necessidades e propondo solu\u00e7\u00f5es em comum acordo com pais, professores e estudantes. Al\u00e9m disso, busca a sustentabilidade das rela\u00e7\u00f5es humanas por meio da preven\u00e7\u00e3o e da informa\u00e7\u00e3o qualificada.<\/p>\n<p>A iniciativa contar\u00e1 com o apoio da Unidade M\u00f3vel de Atendimento Itinerante que se destina ao atendimento exclusivo das escolas p\u00fablicas do Distrito Federal. Ser\u00e3o oferecidos diversos servi\u00e7os, como assist\u00eancia jur\u00eddica e psicossocial, encontros educativos de conscientiza\u00e7\u00e3o em direitos e apresenta\u00e7\u00e3o da institui\u00e7\u00e3o \u00e0s crian\u00e7as e aos adolescentes. O intuito \u00e9 explicar as principais portas de acesso da DPDF, os servi\u00e7os oferecidos e as tecnologias sociais inovadoras e inclusivas implementadas para promover o desenvolvimento sustent\u00e1vel, a resolu\u00e7\u00e3o de problemas sociais e a melhoria da qualidade de vida, transformando realidades.<\/p>\n<p>A segunda edi\u00e7\u00e3o da iniciativa oferecer\u00e1 servi\u00e7os jur\u00eddicos como pedido de fixa\u00e7\u00e3o ou revis\u00e3o de pens\u00e3o aliment\u00edcia, investiga\u00e7\u00e3o de paternidade para reconhecimento e inclus\u00e3o do nome do pai na certid\u00e3o de nascimento, reconhecimento de paternidade ou maternidade socioafetiva, regulamenta\u00e7\u00e3o de guarda e de visitas parentais de filhos menores. Al\u00e9m disso, promover\u00e1 tamb\u00e9m a\u00e7\u00f5es de div\u00f3rcio ou dissolu\u00e7\u00e3o de uni\u00e3o est\u00e1vel registrada em cart\u00f3rio, reconhecimento e dissolu\u00e7\u00e3o de uni\u00e3o est\u00e1vel n\u00e3o registrada em cart\u00f3rio, divis\u00e3o de bens com c\u00f4njuge ou companheiro e interdi\u00e7\u00e3o de cidad\u00e3os que n\u00e3o t\u00eam condi\u00e7\u00f5es de exprimir a sua vontade e de compreender e praticar os atos da vida civil.<\/p>\n<p>O defensor p\u00fablico-geral, Celestino Chupel, destaca a import\u00e2ncia da iniciativa para a promo\u00e7\u00e3o do acesso \u00e0 Justi\u00e7a, da educa\u00e7\u00e3o em direitos e do bem-estar do p\u00fablico-alvo da iniciativa. \u201cAo levar os servi\u00e7os da DPDF para as unidades de ensino, a institui\u00e7\u00e3o contribui para a forma\u00e7\u00e3o de cidad\u00e3os conscientes e respons\u00e1veis, atua na preven\u00e7\u00e3o de problemas legais, no fortalecimento da inclus\u00e3o social e na cria\u00e7\u00e3o de uma cultura de paz. \u00c9 uma forma de introduzir os jovens a um contexto em que a resolu\u00e7\u00e3o de conflitos pode ser resolvida de maneira sadia e pac\u00edfica, evitando a judicializa\u00e7\u00e3o\u201d, explicou.<\/p>\n<p>Para a secret\u00e1ria de Educa\u00e7\u00e3o, H\u00e9lvia Paranagu\u00e1, a parceria com a Defensoria P\u00fablica representa um passo significativo para fortalecer a educa\u00e7\u00e3o integral que a pasta busca oferecer. \u201cQueremos que os estudantes saiam da escola n\u00e3o apenas com conhecimento acad\u00eamico, mas tamb\u00e9m com uma consci\u00eancia cidad\u00e3 e uma compreens\u00e3o clara dos seus direitos. Ao trazer a Defensoria para dentro das escolas, ampliamos o acesso \u00e0 Justi\u00e7a e promovemos uma forma\u00e7\u00e3o que prepara nossos jovens para os desafios da vida, estimulando o desenvolvimento de uma sociedade mais justa e equitativa\u201d, concluiu.<\/p>\n<p><strong>Defensoria nas Escolas<\/strong><br \/>\nO projeto Defensoria nas Escolas passar\u00e1 por diversas regi\u00f5es administrativas do DF, a fim de promover o acesso \u00e0 Justi\u00e7a e \u00e0 educa\u00e7\u00e3o em direitos da comunidade escolar. A primeira edi\u00e7\u00e3o, realizada em agosto, impactou a vida de mais de 2,5 mil estudantes da rede p\u00fablica do Plano Piloto. O Centro de Ensino M\u00e9dio Setor Leste sediou o projeto, que ocorreu simultaneamente no Centro de Ensino M\u00e9dio Paulo Freire, no Centro de Ensino M\u00e9dio Elefante Branco e no Centro Educacional Gisno. A iniciativa recebeu avalia\u00e7\u00f5es positivas dos estudantes participantes, com \u00edndices de 55% de notas m\u00e1ximas e 89% de aprova\u00e7\u00e3o.<\/p>\n<p>A lista de documentos necess\u00e1rios para participar pode ser acessada por meio da p\u00e1gina da DPDF. A Central de Relacionamento com os Cidad\u00e3os (CRC) da institui\u00e7\u00e3o est\u00e1 dispon\u00edvel para esclarecer d\u00favidas e agendar os atendimentos pelos telefones 129 ou (61) 3465-8200, caso o interessado esteja fora do DF. O atendimento funciona de segunda a sexta-feira, das 9h \u00e0s 12h25 e das 13h15 \u00e0s 16h55.<\/p>\n","protected":false},"excerpt":{"rendered":"<p>A Defensoria P\u00fablica do Distrito Federal (DPDF), em parceria com a Secretaria de Educa\u00e7\u00e3o do Distrito Federal (SEEDF), realizam a segunda edi\u00e7\u00e3o do projeto Defensoria nas Escolas, que contemplar\u00e1 a regi\u00e3o de Sobradinho. As a\u00e7\u00f5es ocorrer\u00e3o na ter\u00e7a (24), na Escola de Classe 17 da Vila Rabelo, na quinta (26) e na sexta-feira (27), na [&hellip;]<\/p>\n","protected":false},"author":2,"featured_media":337075,"comment_status":"closed","ping_status":"closed","sticky":false,"template":"","format":"standard","meta":{"_acf_changed":false,"footnotes":""},"categories":[161],"tags":[],"class_list":["post-337074","post","type-post","status-publish","format-standard","has-post-thumbnail","hentry","category-quadradinho-em-foco"],"acf":[],"_links":{"self":[{"href":"https:\/\/www.notibras.com\/site\/wp-json\/wp\/v2\/posts\/337074","targetHints":{"allow":["GET"]}}],"collection":[{"href":"https:\/\/www.notibras.com\/site\/wp-json\/wp\/v2\/posts"}],"about":[{"href":"https:\/\/www.notibras.com\/site\/wp-json\/wp\/v2\/types\/post"}],"author":[{"embeddable":true,"href":"https:\/\/www.notibras.com\/site\/wp-json\/wp\/v2\/users\/2"}],"replies":[{"embeddable":true,"href":"https:\/\/www.notibras.com\/site\/wp-json\/wp\/v2\/comments?post=337074"}],"version-history":[{"count":1,"href":"https:\/\/www.notibras.com\/site\/wp-json\/wp\/v2\/posts\/337074\/revisions"}],"predecessor-version":[{"id":337076,"href":"https:\/\/www.notibras.com\/site\/wp-json\/wp\/v2\/posts\/337074\/revisions\/337076"}],"wp:featuredmedia":[{"embeddable":true,"href":"https:\/\/www.notibras.com\/site\/wp-json\/wp\/v2\/media\/337075"}],"wp:attachment":[{"href":"https:\/\/www.notibras.com\/site\/wp-json\/wp\/v2\/media?parent=337074"}],"wp:term":[{"taxonomy":"category","embeddable":true,"href":"https:\/\/www.notibras.com\/site\/wp-json\/wp\/v2\/categories?post=337074"},{"taxonomy":"post_tag","embeddable":true,"href":"https:\/\/www.notibras.com\/site\/wp-json\/wp\/v2\/tags?post=337074"}],"curies":[{"name":"wp","href":"https:\/\/api.w.org\/{rel}","templated":true}]}}