{"id":33708,"date":"2015-01-11T14:27:13","date_gmt":"2015-01-11T17:27:13","guid":{"rendered":"http:\/\/www.notibras.com\/site\/?p=33708"},"modified":"2015-01-11T21:16:20","modified_gmt":"2015-01-12T00:16:20","slug":"congresso-perde-prazo-e-projeto-que-criminaliza-homofobia-sera-arquivado","status":"publish","type":"post","link":"https:\/\/www.notibras.com\/site\/congresso-perde-prazo-e-projeto-que-criminaliza-homofobia-sera-arquivado\/","title":{"rendered":"Projeto que define os crimes contra gays ser\u00e1 arquivado no Congresso"},"content":{"rendered":"<p class=\"text\">O Congresso deve concluir este m\u00eas o processo de arquivamento definitivo do projeto de lei que criminaliza a homofobia (PLC 122\/2006). Segundo a Ag\u00eancia Senado, a proposta, apresentada na C\u00e2mara em 2001 e em tramita\u00e7\u00e3o h\u00e1 oito anos no Senado, ser\u00e1 arquivada de acordo com as regras do Regimento Interno da Casa.<\/p>\n<p class=\"text\">O regimento determina que todas as propostas tramitando h\u00e1 mais de duas legislaturas sejam arquivadas. Entretanto, essas proposi\u00e7\u00f5es ainda podem tramitar por mais uma legislatura, caso seja aprovado em Plen\u00e1rio requerimento de pelo menos 27 senadores. Ao final da terceira legislatura, se n\u00e3o houver decis\u00e3o, a proposta deve ser arquivada definitivamente, situa\u00e7\u00e3o em que se encontra o projeto.<\/p>\n<p>De acordo com a presidente da Comiss\u00e3o de Direitos Humanos e Legisla\u00e7\u00e3o Participativa (CDH), senadora Ana Rita (PT-ES), os movimentos sociais n\u00e3o devem se opor ao arquivamento, por considerarem que o projeto acabou estigmatizado com o nome de &#8220;PLC 122&#8221;, o que poderia atrapalhar o andamento. Segundo Ana Rita, o caminho \u00e9 um novo projeto, com outro n\u00famero e melhorias na reda\u00e7\u00e3o.<\/p>\n<p class=\"text\">J\u00e1 a senadora Marta Suplicy (PT-SP), que foi relatora da proposta na CDH em 2011 e 2012, afirmou que vai lutar para incluir o tema na discuss\u00e3o do novo C\u00f3digo Penal (PLS 236\/2012). Assim que retornou ao Senado, depois de exercer o cargo de ministra da Cultura, Marta apresentou emendas \u00e0 Comiss\u00e3o de Constitui\u00e7\u00e3o, Justi\u00e7a e Cidadania (CCJ) visando tornar a identidade de g\u00eanero e a orienta\u00e7\u00e3o sexual agravantes de v\u00e1rios crimes.<\/p>\n<blockquote>\n<p class=\"text\">\u201cVou buscar apoio dos senadores para manter as emendas e levar ao Plen\u00e1rio um C\u00f3digo Penal que puna a homofobia tanto quanto j\u00e1 prevemos puni\u00e7\u00f5es a outras discrimina\u00e7\u00f5es, como a racial, \u00e9tnica, regional, de nacionalidade. \u00c9 um esc\u00e2ndalo ao crime de homofobia ser ignorado como preconceito\u201d, afirmou.<\/p>\n<\/blockquote>\n<p class=\"text\">O PLC 122 altera a Lei 7.716\/1989, que tipifica \u201cos crimes resultantes de discrimina\u00e7\u00e3o ou preconceito de ra\u00e7a, cor, etnia, religi\u00e3o ou proced\u00eancia nacional\u201d. O projeto inclui entre esses crimes a discrimina\u00e7\u00e3o por g\u00eanero, sexo, orienta\u00e7\u00e3o sexual ou identidade de g\u00eanero.<\/p>\n<p class=\"text\">A proposta enfrenta resist\u00eancias, principalmente de lideran\u00e7as religiosas, que afirmam que a mat\u00e9ria viola o direito \u00e0 liberdade de express\u00e3o e temem ficar sujeitas a penas que v\u00e3o de um a cinco anos de reclus\u00e3o. De autoria da ex-deputada federal Iara Bernardi (PT-SP), o PLC 122 foi aprovado na C\u00e2mara em dezembro de 2006. Enviado ao Senado, foi aprovado pela Comiss\u00e3o de Assuntos Sociais (CAS) em 2009, mas n\u00e3o chegou a ser votado pela Comiss\u00e3o de Direitos Humanos (CDH), por falta de acordo entre os senadores.<\/p>\n<p class=\"text\">\u201cInfelizmente, o PL 122 n\u00e3o foi aprovado na Comiss\u00e3o de Direitos Humanos e numa manobra dos opositores ao projeto de combate \u00e0 homofobia foi incorporado \u00e0 discuss\u00e3o do C\u00f3digo Penal. Nessa comiss\u00e3o, ele sumiu, como se nunca tivesse existido. Quando levado \u00e0 CCJ, o relator manteve essa omiss\u00e3o\u201d, \u00a0lamentou Marta.<\/p>\n","protected":false},"excerpt":{"rendered":"<p>O Congresso deve concluir este m\u00eas o processo de arquivamento definitivo do projeto de lei que criminaliza a homofobia (PLC 122\/2006). Segundo a Ag\u00eancia Senado, a proposta, apresentada na C\u00e2mara em 2001 e em tramita\u00e7\u00e3o h\u00e1 oito anos no Senado, ser\u00e1 arquivada de acordo com as regras do Regimento Interno da Casa. O regimento determina [&hellip;]<\/p>\n","protected":false},"author":2,"featured_media":33709,"comment_status":"open","ping_status":"closed","sticky":false,"template":"","format":"standard","meta":{"_acf_changed":false,"footnotes":""},"categories":[16],"tags":[],"class_list":["post-33708","post","type-post","status-publish","format-standard","has-post-thumbnail","hentry","category-brasil"],"acf":[],"yoast_head":"<!-- This site is optimized with the Yoast SEO plugin v27.2 - https:\/\/yoast.com\/product\/yoast-seo-wordpress\/ -->\n<title>Projeto que define os crimes contra gays ser\u00e1 arquivado no Congresso - Notibras<\/title>\n<meta name=\"robots\" content=\"index, follow, max-snippet:-1, max-image-preview:large, max-video-preview:-1\" \/>\n<link rel=\"canonical\" href=\"https:\/\/www.notibras.com\/site\/congresso-perde-prazo-e-projeto-que-criminaliza-homofobia-sera-arquivado\/\" \/>\n<meta property=\"og:locale\" content=\"pt_BR\" \/>\n<meta property=\"og:type\" content=\"article\" \/>\n<meta property=\"og:title\" content=\"Projeto que define os crimes contra gays ser\u00e1 arquivado no Congresso - Notibras\" \/>\n<meta property=\"og:description\" content=\"O Congresso deve concluir este m\u00eas o processo de arquivamento definitivo do projeto de lei que criminaliza a homofobia (PLC 122\/2006). Segundo a Ag\u00eancia Senado, a proposta, apresentada na C\u00e2mara em 2001 e em tramita\u00e7\u00e3o h\u00e1 oito anos no Senado, ser\u00e1 arquivada de acordo com as regras do Regimento Interno da Casa. O regimento determina [&hellip;]\" \/>\n<meta property=\"og:url\" content=\"https:\/\/www.notibras.com\/site\/congresso-perde-prazo-e-projeto-que-criminaliza-homofobia-sera-arquivado\/\" \/>\n<meta property=\"og:site_name\" content=\"Notibras\" \/>\n<meta property=\"article:publisher\" content=\"https:\/\/www.facebook.com\/notibras\/\" \/>\n<meta property=\"article:published_time\" content=\"2015-01-11T17:27:13+00:00\" \/>\n<meta property=\"article:modified_time\" content=\"2015-01-12T00:16:20+00:00\" \/>\n<meta property=\"og:image\" content=\"https:\/\/www.notibras.com\/site\/wp-content\/uploads\/2015\/01\/rioparadagay1611futura01.jpg\" \/>\n\t<meta property=\"og:image:width\" content=\"460\" \/>\n\t<meta property=\"og:image:height\" content=\"340\" \/>\n\t<meta property=\"og:image:type\" content=\"image\/jpeg\" \/>\n<meta name=\"author\" content=\"Reda\u00e7\u00e3o\" \/>\n<meta name=\"twitter:card\" content=\"summary_large_image\" \/>\n<meta name=\"twitter:creator\" content=\"@Notibras\" \/>\n<meta name=\"twitter:site\" content=\"@Notibras\" \/>\n<meta name=\"twitter:label1\" content=\"Escrito por\" \/>\n\t<meta name=\"twitter:data1\" content=\"Reda\u00e7\u00e3o\" \/>\n\t<meta name=\"twitter:label2\" content=\"Est. tempo de leitura\" \/>\n\t<meta name=\"twitter:data2\" content=\"2 minutos\" \/>\n<script type=\"application\/ld+json\" class=\"yoast-schema-graph\">{\"@context\":\"https:\/\/schema.org\",\"@graph\":[{\"@type\":\"Article\",\"@id\":\"https:\/\/www.notibras.com\/site\/congresso-perde-prazo-e-projeto-que-criminaliza-homofobia-sera-arquivado\/#article\",\"isPartOf\":{\"@id\":\"https:\/\/www.notibras.com\/site\/congresso-perde-prazo-e-projeto-que-criminaliza-homofobia-sera-arquivado\/\"},\"author\":{\"name\":\"Reda\u00e7\u00e3o\",\"@id\":\"https:\/\/www.notibras.com\/site\/#\/schema\/person\/36ab0979449956132d3e5b517ea76ac8\"},\"headline\":\"Projeto que define os crimes contra gays ser\u00e1 arquivado no Congresso\",\"datePublished\":\"2015-01-11T17:27:13+00:00\",\"dateModified\":\"2015-01-12T00:16:20+00:00\",\"mainEntityOfPage\":{\"@id\":\"https:\/\/www.notibras.com\/site\/congresso-perde-prazo-e-projeto-que-criminaliza-homofobia-sera-arquivado\/\"},\"wordCount\":510,\"commentCount\":0,\"publisher\":{\"@id\":\"https:\/\/www.notibras.com\/site\/#organization\"},\"image\":{\"@id\":\"https:\/\/www.notibras.com\/site\/congresso-perde-prazo-e-projeto-que-criminaliza-homofobia-sera-arquivado\/#primaryimage\"},\"thumbnailUrl\":\"https:\/\/www.notibras.com\/site\/wp-content\/uploads\/2015\/01\/rioparadagay1611futura01.jpg\",\"articleSection\":[\"Brasil\"],\"inLanguage\":\"pt-BR\",\"potentialAction\":[{\"@type\":\"CommentAction\",\"name\":\"Comment\",\"target\":[\"https:\/\/www.notibras.com\/site\/congresso-perde-prazo-e-projeto-que-criminaliza-homofobia-sera-arquivado\/#respond\"]}]},{\"@type\":\"WebPage\",\"@id\":\"https:\/\/www.notibras.com\/site\/congresso-perde-prazo-e-projeto-que-criminaliza-homofobia-sera-arquivado\/\",\"url\":\"https:\/\/www.notibras.com\/site\/congresso-perde-prazo-e-projeto-que-criminaliza-homofobia-sera-arquivado\/\",\"name\":\"Projeto que define os crimes contra gays ser\u00e1 arquivado no Congresso - Notibras\",\"isPartOf\":{\"@id\":\"https:\/\/www.notibras.com\/site\/#website\"},\"primaryImageOfPage\":{\"@id\":\"https:\/\/www.notibras.com\/site\/congresso-perde-prazo-e-projeto-que-criminaliza-homofobia-sera-arquivado\/#primaryimage\"},\"image\":{\"@id\":\"https:\/\/www.notibras.com\/site\/congresso-perde-prazo-e-projeto-que-criminaliza-homofobia-sera-arquivado\/#primaryimage\"},\"thumbnailUrl\":\"https:\/\/www.notibras.com\/site\/wp-content\/uploads\/2015\/01\/rioparadagay1611futura01.jpg\",\"datePublished\":\"2015-01-11T17:27:13+00:00\",\"dateModified\":\"2015-01-12T00:16:20+00:00\",\"breadcrumb\":{\"@id\":\"https:\/\/www.notibras.com\/site\/congresso-perde-prazo-e-projeto-que-criminaliza-homofobia-sera-arquivado\/#breadcrumb\"},\"inLanguage\":\"pt-BR\",\"potentialAction\":[{\"@type\":\"ReadAction\",\"target\":[\"https:\/\/www.notibras.com\/site\/congresso-perde-prazo-e-projeto-que-criminaliza-homofobia-sera-arquivado\/\"]}]},{\"@type\":\"ImageObject\",\"inLanguage\":\"pt-BR\",\"@id\":\"https:\/\/www.notibras.com\/site\/congresso-perde-prazo-e-projeto-que-criminaliza-homofobia-sera-arquivado\/#primaryimage\",\"url\":\"https:\/\/www.notibras.com\/site\/wp-content\/uploads\/2015\/01\/rioparadagay1611futura01.jpg\",\"contentUrl\":\"https:\/\/www.notibras.com\/site\/wp-content\/uploads\/2015\/01\/rioparadagay1611futura01.jpg\",\"width\":460,\"height\":340},{\"@type\":\"BreadcrumbList\",\"@id\":\"https:\/\/www.notibras.com\/site\/congresso-perde-prazo-e-projeto-que-criminaliza-homofobia-sera-arquivado\/#breadcrumb\",\"itemListElement\":[{\"@type\":\"ListItem\",\"position\":1,\"name\":\"In\u00edcio\",\"item\":\"https:\/\/www.notibras.com\/site\/\"},{\"@type\":\"ListItem\",\"position\":2,\"name\":\"Projeto que define os crimes contra gays ser\u00e1 arquivado no Congresso\"}]},{\"@type\":\"WebSite\",\"@id\":\"https:\/\/www.notibras.com\/site\/#website\",\"url\":\"https:\/\/www.notibras.com\/site\/\",\"name\":\"Notibras\",\"description\":\"Not\u00edcias de Bras\u00edlia, do Brasil e do Mundo\",\"publisher\":{\"@id\":\"https:\/\/www.notibras.com\/site\/#organization\"},\"potentialAction\":[{\"@type\":\"SearchAction\",\"target\":{\"@type\":\"EntryPoint\",\"urlTemplate\":\"https:\/\/www.notibras.com\/site\/?s={search_term_string}\"},\"query-input\":{\"@type\":\"PropertyValueSpecification\",\"valueRequired\":true,\"valueName\":\"search_term_string\"}}],\"inLanguage\":\"pt-BR\"},{\"@type\":\"Organization\",\"@id\":\"https:\/\/www.notibras.com\/site\/#organization\",\"name\":\"Grupo Notibras de Comunica\u00e7\u00e3o\",\"url\":\"https:\/\/www.notibras.com\/site\/\",\"logo\":{\"@type\":\"ImageObject\",\"inLanguage\":\"pt-BR\",\"@id\":\"https:\/\/www.notibras.com\/site\/#\/schema\/logo\/image\/\",\"url\":\"https:\/\/www.notibras.com\/site\/wp-content\/uploads\/2023\/01\/notibras23.png\",\"contentUrl\":\"https:\/\/www.notibras.com\/site\/wp-content\/uploads\/2023\/01\/notibras23.png\",\"width\":350,\"height\":87,\"caption\":\"Grupo Notibras de Comunica\u00e7\u00e3o\"},\"image\":{\"@id\":\"https:\/\/www.notibras.com\/site\/#\/schema\/logo\/image\/\"},\"sameAs\":[\"https:\/\/www.facebook.com\/notibras\/\",\"https:\/\/x.com\/Notibras\",\"https:\/\/www.instagram.com\/notibras\/\"]},{\"@type\":\"Person\",\"@id\":\"https:\/\/www.notibras.com\/site\/#\/schema\/person\/36ab0979449956132d3e5b517ea76ac8\",\"name\":\"Reda\u00e7\u00e3o\",\"image\":{\"@type\":\"ImageObject\",\"inLanguage\":\"pt-BR\",\"@id\":\"https:\/\/secure.gravatar.com\/avatar\/e0a867bdedb85fd243eadf09663511f96fc81e0720a4a42581f334ad4303aa6b?s=96&d=mm&r=g\",\"url\":\"https:\/\/secure.gravatar.com\/avatar\/e0a867bdedb85fd243eadf09663511f96fc81e0720a4a42581f334ad4303aa6b?s=96&d=mm&r=g\",\"contentUrl\":\"https:\/\/secure.gravatar.com\/avatar\/e0a867bdedb85fd243eadf09663511f96fc81e0720a4a42581f334ad4303aa6b?s=96&d=mm&r=g\",\"caption\":\"Reda\u00e7\u00e3o\"}}]}<\/script>\n<!-- \/ Yoast SEO plugin. -->","yoast_head_json":{"title":"Projeto que define os crimes contra gays ser\u00e1 arquivado no Congresso - Notibras","robots":{"index":"index","follow":"follow","max-snippet":"max-snippet:-1","max-image-preview":"max-image-preview:large","max-video-preview":"max-video-preview:-1"},"canonical":"https:\/\/www.notibras.com\/site\/congresso-perde-prazo-e-projeto-que-criminaliza-homofobia-sera-arquivado\/","og_locale":"pt_BR","og_type":"article","og_title":"Projeto que define os crimes contra gays ser\u00e1 arquivado no Congresso - Notibras","og_description":"O Congresso deve concluir este m\u00eas o processo de arquivamento definitivo do projeto de lei que criminaliza a homofobia (PLC 122\/2006). Segundo a Ag\u00eancia Senado, a proposta, apresentada na C\u00e2mara em 2001 e em tramita\u00e7\u00e3o h\u00e1 oito anos no Senado, ser\u00e1 arquivada de acordo com as regras do Regimento Interno da Casa. O regimento determina [&hellip;]","og_url":"https:\/\/www.notibras.com\/site\/congresso-perde-prazo-e-projeto-que-criminaliza-homofobia-sera-arquivado\/","og_site_name":"Notibras","article_publisher":"https:\/\/www.facebook.com\/notibras\/","article_published_time":"2015-01-11T17:27:13+00:00","article_modified_time":"2015-01-12T00:16:20+00:00","og_image":[{"width":460,"height":340,"url":"https:\/\/www.notibras.com\/site\/wp-content\/uploads\/2015\/01\/rioparadagay1611futura01.jpg","type":"image\/jpeg"}],"author":"Reda\u00e7\u00e3o","twitter_card":"summary_large_image","twitter_creator":"@Notibras","twitter_site":"@Notibras","twitter_misc":{"Escrito por":"Reda\u00e7\u00e3o","Est. tempo de leitura":"2 minutos"},"schema":{"@context":"https:\/\/schema.org","@graph":[{"@type":"Article","@id":"https:\/\/www.notibras.com\/site\/congresso-perde-prazo-e-projeto-que-criminaliza-homofobia-sera-arquivado\/#article","isPartOf":{"@id":"https:\/\/www.notibras.com\/site\/congresso-perde-prazo-e-projeto-que-criminaliza-homofobia-sera-arquivado\/"},"author":{"name":"Reda\u00e7\u00e3o","@id":"https:\/\/www.notibras.com\/site\/#\/schema\/person\/36ab0979449956132d3e5b517ea76ac8"},"headline":"Projeto que define os crimes contra gays ser\u00e1 arquivado no Congresso","datePublished":"2015-01-11T17:27:13+00:00","dateModified":"2015-01-12T00:16:20+00:00","mainEntityOfPage":{"@id":"https:\/\/www.notibras.com\/site\/congresso-perde-prazo-e-projeto-que-criminaliza-homofobia-sera-arquivado\/"},"wordCount":510,"commentCount":0,"publisher":{"@id":"https:\/\/www.notibras.com\/site\/#organization"},"image":{"@id":"https:\/\/www.notibras.com\/site\/congresso-perde-prazo-e-projeto-que-criminaliza-homofobia-sera-arquivado\/#primaryimage"},"thumbnailUrl":"https:\/\/www.notibras.com\/site\/wp-content\/uploads\/2015\/01\/rioparadagay1611futura01.jpg","articleSection":["Brasil"],"inLanguage":"pt-BR","potentialAction":[{"@type":"CommentAction","name":"Comment","target":["https:\/\/www.notibras.com\/site\/congresso-perde-prazo-e-projeto-que-criminaliza-homofobia-sera-arquivado\/#respond"]}]},{"@type":"WebPage","@id":"https:\/\/www.notibras.com\/site\/congresso-perde-prazo-e-projeto-que-criminaliza-homofobia-sera-arquivado\/","url":"https:\/\/www.notibras.com\/site\/congresso-perde-prazo-e-projeto-que-criminaliza-homofobia-sera-arquivado\/","name":"Projeto que define os crimes contra gays ser\u00e1 arquivado no Congresso - Notibras","isPartOf":{"@id":"https:\/\/www.notibras.com\/site\/#website"},"primaryImageOfPage":{"@id":"https:\/\/www.notibras.com\/site\/congresso-perde-prazo-e-projeto-que-criminaliza-homofobia-sera-arquivado\/#primaryimage"},"image":{"@id":"https:\/\/www.notibras.com\/site\/congresso-perde-prazo-e-projeto-que-criminaliza-homofobia-sera-arquivado\/#primaryimage"},"thumbnailUrl":"https:\/\/www.notibras.com\/site\/wp-content\/uploads\/2015\/01\/rioparadagay1611futura01.jpg","datePublished":"2015-01-11T17:27:13+00:00","dateModified":"2015-01-12T00:16:20+00:00","breadcrumb":{"@id":"https:\/\/www.notibras.com\/site\/congresso-perde-prazo-e-projeto-que-criminaliza-homofobia-sera-arquivado\/#breadcrumb"},"inLanguage":"pt-BR","potentialAction":[{"@type":"ReadAction","target":["https:\/\/www.notibras.com\/site\/congresso-perde-prazo-e-projeto-que-criminaliza-homofobia-sera-arquivado\/"]}]},{"@type":"ImageObject","inLanguage":"pt-BR","@id":"https:\/\/www.notibras.com\/site\/congresso-perde-prazo-e-projeto-que-criminaliza-homofobia-sera-arquivado\/#primaryimage","url":"https:\/\/www.notibras.com\/site\/wp-content\/uploads\/2015\/01\/rioparadagay1611futura01.jpg","contentUrl":"https:\/\/www.notibras.com\/site\/wp-content\/uploads\/2015\/01\/rioparadagay1611futura01.jpg","width":460,"height":340},{"@type":"BreadcrumbList","@id":"https:\/\/www.notibras.com\/site\/congresso-perde-prazo-e-projeto-que-criminaliza-homofobia-sera-arquivado\/#breadcrumb","itemListElement":[{"@type":"ListItem","position":1,"name":"In\u00edcio","item":"https:\/\/www.notibras.com\/site\/"},{"@type":"ListItem","position":2,"name":"Projeto que define os crimes contra gays ser\u00e1 arquivado no Congresso"}]},{"@type":"WebSite","@id":"https:\/\/www.notibras.com\/site\/#website","url":"https:\/\/www.notibras.com\/site\/","name":"Notibras","description":"Not\u00edcias de Bras\u00edlia, do Brasil e do Mundo","publisher":{"@id":"https:\/\/www.notibras.com\/site\/#organization"},"potentialAction":[{"@type":"SearchAction","target":{"@type":"EntryPoint","urlTemplate":"https:\/\/www.notibras.com\/site\/?s={search_term_string}"},"query-input":{"@type":"PropertyValueSpecification","valueRequired":true,"valueName":"search_term_string"}}],"inLanguage":"pt-BR"},{"@type":"Organization","@id":"https:\/\/www.notibras.com\/site\/#organization","name":"Grupo Notibras de Comunica\u00e7\u00e3o","url":"https:\/\/www.notibras.com\/site\/","logo":{"@type":"ImageObject","inLanguage":"pt-BR","@id":"https:\/\/www.notibras.com\/site\/#\/schema\/logo\/image\/","url":"https:\/\/www.notibras.com\/site\/wp-content\/uploads\/2023\/01\/notibras23.png","contentUrl":"https:\/\/www.notibras.com\/site\/wp-content\/uploads\/2023\/01\/notibras23.png","width":350,"height":87,"caption":"Grupo Notibras de Comunica\u00e7\u00e3o"},"image":{"@id":"https:\/\/www.notibras.com\/site\/#\/schema\/logo\/image\/"},"sameAs":["https:\/\/www.facebook.com\/notibras\/","https:\/\/x.com\/Notibras","https:\/\/www.instagram.com\/notibras\/"]},{"@type":"Person","@id":"https:\/\/www.notibras.com\/site\/#\/schema\/person\/36ab0979449956132d3e5b517ea76ac8","name":"Reda\u00e7\u00e3o","image":{"@type":"ImageObject","inLanguage":"pt-BR","@id":"https:\/\/secure.gravatar.com\/avatar\/e0a867bdedb85fd243eadf09663511f96fc81e0720a4a42581f334ad4303aa6b?s=96&d=mm&r=g","url":"https:\/\/secure.gravatar.com\/avatar\/e0a867bdedb85fd243eadf09663511f96fc81e0720a4a42581f334ad4303aa6b?s=96&d=mm&r=g","contentUrl":"https:\/\/secure.gravatar.com\/avatar\/e0a867bdedb85fd243eadf09663511f96fc81e0720a4a42581f334ad4303aa6b?s=96&d=mm&r=g","caption":"Reda\u00e7\u00e3o"}}]}},"amp_enabled":true,"_links":{"self":[{"href":"https:\/\/www.notibras.com\/site\/wp-json\/wp\/v2\/posts\/33708","targetHints":{"allow":["GET"]}}],"collection":[{"href":"https:\/\/www.notibras.com\/site\/wp-json\/wp\/v2\/posts"}],"about":[{"href":"https:\/\/www.notibras.com\/site\/wp-json\/wp\/v2\/types\/post"}],"author":[{"embeddable":true,"href":"https:\/\/www.notibras.com\/site\/wp-json\/wp\/v2\/users\/2"}],"replies":[{"embeddable":true,"href":"https:\/\/www.notibras.com\/site\/wp-json\/wp\/v2\/comments?post=33708"}],"version-history":[{"count":0,"href":"https:\/\/www.notibras.com\/site\/wp-json\/wp\/v2\/posts\/33708\/revisions"}],"wp:featuredmedia":[{"embeddable":true,"href":"https:\/\/www.notibras.com\/site\/wp-json\/wp\/v2\/media\/33709"}],"wp:attachment":[{"href":"https:\/\/www.notibras.com\/site\/wp-json\/wp\/v2\/media?parent=33708"}],"wp:term":[{"taxonomy":"category","embeddable":true,"href":"https:\/\/www.notibras.com\/site\/wp-json\/wp\/v2\/categories?post=33708"},{"taxonomy":"post_tag","embeddable":true,"href":"https:\/\/www.notibras.com\/site\/wp-json\/wp\/v2\/tags?post=33708"}],"curies":[{"name":"wp","href":"https:\/\/api.w.org\/{rel}","templated":true}]}}