{"id":337121,"date":"2024-09-24T06:42:08","date_gmt":"2024-09-24T09:42:08","guid":{"rendered":"https:\/\/www.notibras.com\/site\/?p=337121"},"modified":"2024-09-24T06:47:23","modified_gmt":"2024-09-24T09:47:23","slug":"e-belchior-irma-de-clara-mas-pode-chamar-de-gal","status":"publish","type":"post","link":"https:\/\/www.notibras.com\/site\/e-belchior-irma-de-clara-mas-pode-chamar-de-gal\/","title":{"rendered":"\u00c9 Belchior, irm\u00e3 de Clara, mas pode chamar de Gal"},"content":{"rendered":"<p>Creio que j\u00e1 contei que a minha esposa, a famosa Dona Irene, tem duas filhas com cara de buldogue, justamente porque s\u00e3o duas lindas cadelinhas dessa ra\u00e7a, ambas nascidas em Bras\u00edlia. Duas meninas, quero deixar bem claro, pois, por conta do nome de uma delas, n\u00e3o raro, h\u00e1 confus\u00e3o.<\/p>\n<p>Uma se chama Clara Nunes, mas todos a chamam de Clarinha. Todavia, o problema n\u00e3o \u00e9 com ela, e sim com a sua irm\u00e3, cujo nome \u00e9 Belchior, que, aqui em casa, \u00e9 mais conhecida por Bebel. Coisas de fam\u00edlia.<\/p>\n<p>Por causa do nome escolhido pela minha esposa, \u00e9 muito comum as pessoas perguntarem se a Belchior \u00e9 macho. A Dona Irene, nessas horas, faz aquela cara e diz que n\u00e3o. Onde j\u00e1 se viu algu\u00e9m imaginar que a Bebel \u00e9 um garoto? Olha para essa carinha t\u00e3o de menina!<\/p>\n<p>A despeito de tantos entreveros, houve um que me causou uma crise de risos. E aconteceu justamente no cachorr\u00f3dromo do Tesourinha, aqui em Porto Alegre, onde costumamos levar as meninas para brincadeiras com seus amiguinhos caninos. A Clarinha e a Bebel adoram tais momentos e, enquanto elas correm para todos os lados, a Dona Irene e eu ficamos num canto sentados em cadeiras de praia, quando conversamos amenidades ou lemos algum livro.<\/p>\n<p><img loading=\"lazy\" decoding=\"async\" class=\"alignnone wp-image-337122\" src=\"https:\/\/www.notibras.com\/site\/wp-content\/uploads\/2024\/09\/2.irenebel.jpg6b329230-85ca-4dc1-ac2e-5243af932345-300x225.jpeg\" alt=\"\" width=\"363\" height=\"272\" srcset=\"https:\/\/www.notibras.com\/site\/wp-content\/uploads\/2024\/09\/2.irenebel.jpg6b329230-85ca-4dc1-ac2e-5243af932345-300x225.jpeg 300w, https:\/\/www.notibras.com\/site\/wp-content\/uploads\/2024\/09\/2.irenebel.jpg6b329230-85ca-4dc1-ac2e-5243af932345.jpeg 320w\" sizes=\"auto, (max-width: 363px) 100vw, 363px\" \/><\/p>\n<p>Pois bem, l\u00e1 est\u00e1vamos entretidos com o livro de poesias &#8220;A verdade nos seres&#8221;, do poeta Daniel Marchi, quando ouvimos uma voz feminina gritando, como se querendo chamar a aten\u00e7\u00e3o de algu\u00e9m.<\/p>\n<p>\u2014 Gal! Gal! Gal, venha aqui! Olha a bolinha!<\/p>\n<p>A Dona Irene e eu olhamos para aquela mulher, que logo se aproximou e puxou conversa com a minha esposa.<\/p>\n<p>\u2014 Ah, essa Gal \u00e9 mesmo uma espoleta. Corre tanto, que ningu\u00e9m pode com ela.<\/p>\n<p>\u2014 O nome dela \u00e9 Belchior! &#8211; minha esposa disse.<\/p>\n<p>\u2014 Belchior? U\u00e9, mas n\u00e3o \u00e9 uma menina?<\/p>\n<p>\u2014 Sim!<\/p>\n<p>\u2014 Mas por que ela se chama Belchior?<\/p>\n<p>\u2014 Por causa do Belchior. Sou muito f\u00e3 dele.<\/p>\n<p>A mulher pareceu ainda mais confusa com a explica\u00e7\u00e3o da minha esposa. Por isso, eu me intrometi na conversa, mesmo porque queria logo voltar para a leitura das maravilhosas poesias do Daniel Marchi.<\/p>\n<p>\u2014 \u00c9 Belchior, mas voc\u00ea pode cham\u00e1-la de Gal, Elza, Beth, Beth\u00e2nia, Alcione. N\u00e3o faz a menor diferen\u00e7a. \u00c9 que ela nunca atende mesmo.<\/p>\n<p><strong>*Eduardo Mart\u00ednez \u00e9 autor do livro \u201c57 Contos e Cr\u00f4nicas por um Autor muito Velho\u201d.<\/strong><\/p>\n<p>Compre aqui\u00a0<span class=\"x19la9d6 x1fc57z9 x6ikm8r x10wlt62 x19co3pv x1g5zs5t xfibh0p xiy17q3 x1xsqp64 x1lkfr7t xexx8yu x4uap5 x18d9i69 xkhd6sd\"><span class=\"xrtxmta x1bhl96m\"><img decoding=\"async\" class=\"emoji\" role=\"img\" draggable=\"false\" src=\"https:\/\/s.w.org\/images\/core\/emoji\/14.0.0\/svg\/1f447-1f3ff.svg\" alt=\"&#x1f447;&#x1f3ff;\" \/><\/span><\/span><span class=\"x19la9d6 x1fc57z9 x6ikm8r x10wlt62 x19co3pv x1g5zs5t xfibh0p xiy17q3 x1xsqp64 x1lkfr7t xexx8yu x4uap5 x18d9i69 xkhd6sd\"><span class=\"xrtxmta x1bhl96m\"><img decoding=\"async\" class=\"emoji\" role=\"img\" draggable=\"false\" src=\"https:\/\/s.w.org\/images\/core\/emoji\/14.0.0\/svg\/1f447-1f3ff.svg\" alt=\"&#x1f447;&#x1f3ff;\" \/><\/span><\/span><span class=\"x19la9d6 x1fc57z9 x6ikm8r x10wlt62 x19co3pv x1g5zs5t xfibh0p xiy17q3 x1xsqp64 x1lkfr7t xexx8yu x4uap5 x18d9i69 xkhd6sd\"><span class=\"xrtxmta x1bhl96m\"><img decoding=\"async\" class=\"emoji\" role=\"img\" draggable=\"false\" src=\"https:\/\/s.w.org\/images\/core\/emoji\/14.0.0\/svg\/1f447-1f3ff.svg\" alt=\"&#x1f447;&#x1f3ff;\" \/><\/span><\/span><\/p>\n<p><a href=\"http:\/\/www.joanineditora.com.br\/57-contos-e-cronicas-por-um-autor-muito-velho\">http:\/\/www.joanineditora.com.br\/57-contos-e-cronicas-por-um-autor-muito-velho<\/a><\/p>\n","protected":false},"excerpt":{"rendered":"<p>Creio que j\u00e1 contei que a minha esposa, a famosa Dona Irene, tem duas filhas com cara de buldogue, justamente porque s\u00e3o duas lindas cadelinhas dessa ra\u00e7a, ambas nascidas em Bras\u00edlia. Duas meninas, quero deixar bem claro, pois, por conta do nome de uma delas, n\u00e3o raro, h\u00e1 confus\u00e3o. Uma se chama Clara Nunes, mas [&hellip;]<\/p>\n","protected":false},"author":2,"featured_media":337125,"comment_status":"closed","ping_status":"closed","sticky":false,"template":"","format":"standard","meta":{"_acf_changed":false,"footnotes":""},"categories":[161],"tags":[],"class_list":["post-337121","post","type-post","status-publish","format-standard","has-post-thumbnail","hentry","category-quadradinho-em-foco"],"acf":[],"_links":{"self":[{"href":"https:\/\/www.notibras.com\/site\/wp-json\/wp\/v2\/posts\/337121","targetHints":{"allow":["GET"]}}],"collection":[{"href":"https:\/\/www.notibras.com\/site\/wp-json\/wp\/v2\/posts"}],"about":[{"href":"https:\/\/www.notibras.com\/site\/wp-json\/wp\/v2\/types\/post"}],"author":[{"embeddable":true,"href":"https:\/\/www.notibras.com\/site\/wp-json\/wp\/v2\/users\/2"}],"replies":[{"embeddable":true,"href":"https:\/\/www.notibras.com\/site\/wp-json\/wp\/v2\/comments?post=337121"}],"version-history":[{"count":5,"href":"https:\/\/www.notibras.com\/site\/wp-json\/wp\/v2\/posts\/337121\/revisions"}],"predecessor-version":[{"id":337128,"href":"https:\/\/www.notibras.com\/site\/wp-json\/wp\/v2\/posts\/337121\/revisions\/337128"}],"wp:featuredmedia":[{"embeddable":true,"href":"https:\/\/www.notibras.com\/site\/wp-json\/wp\/v2\/media\/337125"}],"wp:attachment":[{"href":"https:\/\/www.notibras.com\/site\/wp-json\/wp\/v2\/media?parent=337121"}],"wp:term":[{"taxonomy":"category","embeddable":true,"href":"https:\/\/www.notibras.com\/site\/wp-json\/wp\/v2\/categories?post=337121"},{"taxonomy":"post_tag","embeddable":true,"href":"https:\/\/www.notibras.com\/site\/wp-json\/wp\/v2\/tags?post=337121"}],"curies":[{"name":"wp","href":"https:\/\/api.w.org\/{rel}","templated":true}]}}