{"id":337130,"date":"2024-09-24T06:57:10","date_gmt":"2024-09-24T09:57:10","guid":{"rendered":"https:\/\/www.notibras.com\/site\/?p=337130"},"modified":"2024-09-24T06:58:58","modified_gmt":"2024-09-24T09:58:58","slug":"feirante-de-joao-pessoa-entra-na-vida-de-gracinha","status":"publish","type":"post","link":"https:\/\/www.notibras.com\/site\/feirante-de-joao-pessoa-entra-na-vida-de-gracinha\/","title":{"rendered":"Feirante de Jo\u00e3o Pessoa entra na vida de Gracinha"},"content":{"rendered":"<p>Quem v\u00ea aquele casal sorrindo nem imagina que, n\u00e3o faz muito tempo, s\u00f3 havia rusgas entre os dois. Quer saber o que aconteceu? Pois bem, sente-se por alguns minutos, aproveite para tomar um caf\u00e9, que a hist\u00f3ria \u00e9, no m\u00ednimo, curiosa. Ali\u00e1s, mais uma das in\u00fameras que acontecem aqui na nossa linda e disputada Jo\u00e3o Pessoa.<\/p>\n<p>Como voc\u00ea pode perceber pelos trajes, o homem \u00e9 um feirante e vende legumes e verduras. Quanto \u00e0 mulher, n\u00e3o daria para saber ao certo a profiss\u00e3o pela roupa. No entanto, caso f\u00f4ssemos analisar, n\u00e3o seria improv\u00e1vel que a mo\u00e7a fosse m\u00e9dica, professora, engenheira ou at\u00e9 mesmo advogada.<\/p>\n<p>N\u00e3o \u00e9 nada disso. Como sei? Simples. \u00c9 que eu a conhe\u00e7o de longa data, j\u00e1 que ela \u00e9 propriet\u00e1ria de um restaurante na rua de tr\u00e1s. Ali\u00e1s, caso voc\u00ea seja apreciador de comida boa e barata, recomendo dar um pulo l\u00e1 para experimentar. Mas voltemos ao acontecido, antes que seu caf\u00e9 esfrie e voc\u00ea v\u00e1 embora sem matar a curiosidade.<\/p>\n<p>O gajo se chama Carlos, mas todos o conhecem por Bigode. Obviamente que n\u00e3o vou precisar explicar o motivo do apelido, haja vista a vastid\u00e3o de pelos que o feirante tem sob as ventas. J\u00e1 a mulher tem um nome t\u00e3o gracioso, que n\u00e3o poderia ser outro: Maria das Gra\u00e7as. Todavia, os mais pr\u00f3ximos a chamam de Gracinha.<\/p>\n<p>E l\u00e1 estava a Gracinha, num long\u00ednquo domingo ensolarado como este, desfilando toda a sua beleza em busca de alface e tomate para a sua dieta. N\u00e3o que ela precisasse, tamanha formosura que, como voc\u00ea pode constatar, \u00e9 pr\u00f3pria daquela mulher. Nessa ocasi\u00e3o, Gracinha era nova por aqui, n\u00e3o conhecia muita gente, e o povo s\u00f3 sabia que ela era a dona da ent\u00e3o nova padaria do bairro.<\/p>\n<p>Pois bem, a mulher, n\u00e3o se sabe por qual carga d&#8217;\u00e1gua, enquanto observada aquele monte de legumes e verduras expostos na banca, teve um tremelique e quase se estabacou no ch\u00e3o. S\u00f3 n\u00e3o estabacou porque o Bigode, com um movimento ligeiro que nem macaco-aranha, segurou a cliente. Em seguida, o feirante, com seus bra\u00e7os fortes, carregou a desfalecida para debaixo da tenda para proteg\u00ea-la do forte calor.<\/p>\n<p>Enquanto o feirante passava um pano umedecido na testa da Gracinha, eis que ela, de repente, come\u00e7ou a recobrar os sentidos. O problema \u00e9 que a mo\u00e7oila, assustada com aquele homem, arregalou os olhos e esbravejou.<\/p>\n<p>\u2014 Tire esse bigode de perto de mim, seu tarado!<\/p>\n<p>Gracinha se levantou e saiu apressada do local. Somente na semana seguinte \u00e9 que ela retornou para a feira para se desculpar pelo mal-entendido. Tanto \u00e9 que a mo\u00e7a foi at\u00e9 a banca do Bigode para agradec\u00ea-lo.<\/p>\n<p>\u2014 Desculpe, mas foi o senhor que me salvou de cair no ch\u00e3o, n\u00e3o foi?<\/p>\n<p>\u2014 Foi, sim, senhora.<\/p>\n<p>\u2014 Voc\u00ea sabe que quase n\u00e3o o reconheci sem o bigode?<\/p>\n<p>\u2014 Raspei porque pensei que a senhora n\u00e3o tivesse gostado.<\/p>\n<p>\u2014 Pois saiba que acho homem de bigode um charme.<\/p>\n<p>A partir daquele dia, a mulher se tornou freguesa das mais ass\u00edduas. Dizem at\u00e9 que, quando ela n\u00e3o pode ir \u00e0 feira, o Bigode faz quest\u00e3o de levar os produtos at\u00e9 a sua resid\u00eancia. E como o povo gosta de falar, j\u00e1 tem gente jurando de p\u00e9 junto que aqueles dois j\u00e1 extrapolaram a barreira da amizade.<\/p>\n<p><strong>*Eduardo Mart\u00ednez \u00e9 autor do livro \u201c57 Contos e Cr\u00f4nicas por um Autor muito Velho\u201d.<\/strong><\/p>\n<p>Compre aqui\u00a0<span class=\"x19la9d6 x1fc57z9 x6ikm8r x10wlt62 x19co3pv x1g5zs5t xfibh0p xiy17q3 x1xsqp64 x1lkfr7t xexx8yu x4uap5 x18d9i69 xkhd6sd\"><span class=\"xrtxmta x1bhl96m\"><img decoding=\"async\" class=\"emoji\" role=\"img\" draggable=\"false\" src=\"https:\/\/s.w.org\/images\/core\/emoji\/14.0.0\/svg\/1f447-1f3ff.svg\" alt=\"&#x1f447;&#x1f3ff;\" \/><\/span><\/span><span class=\"x19la9d6 x1fc57z9 x6ikm8r x10wlt62 x19co3pv x1g5zs5t xfibh0p xiy17q3 x1xsqp64 x1lkfr7t xexx8yu x4uap5 x18d9i69 xkhd6sd\"><span class=\"xrtxmta x1bhl96m\"><img decoding=\"async\" class=\"emoji\" role=\"img\" draggable=\"false\" src=\"https:\/\/s.w.org\/images\/core\/emoji\/14.0.0\/svg\/1f447-1f3ff.svg\" alt=\"&#x1f447;&#x1f3ff;\" \/><\/span><\/span><span class=\"x19la9d6 x1fc57z9 x6ikm8r x10wlt62 x19co3pv x1g5zs5t xfibh0p xiy17q3 x1xsqp64 x1lkfr7t xexx8yu x4uap5 x18d9i69 xkhd6sd\"><span class=\"xrtxmta x1bhl96m\"><img decoding=\"async\" class=\"emoji\" role=\"img\" draggable=\"false\" src=\"https:\/\/s.w.org\/images\/core\/emoji\/14.0.0\/svg\/1f447-1f3ff.svg\" alt=\"&#x1f447;&#x1f3ff;\" \/><\/span><\/span><\/p>\n<p><a href=\"http:\/\/www.joanineditora.com.br\/57-contos-e-cronicas-por-um-autor-muito-velho\">http:\/\/www.joanineditora.com.br\/57-contos-e-cronicas-por-um-autor-muito-velho<\/a><\/p>\n","protected":false},"excerpt":{"rendered":"<p>Quem v\u00ea aquele casal sorrindo nem imagina que, n\u00e3o faz muito tempo, s\u00f3 havia rusgas entre os dois. Quer saber o que aconteceu? Pois bem, sente-se por alguns minutos, aproveite para tomar um caf\u00e9, que a hist\u00f3ria \u00e9, no m\u00ednimo, curiosa. Ali\u00e1s, mais uma das in\u00fameras que acontecem aqui na nossa linda e disputada Jo\u00e3o [&hellip;]<\/p>\n","protected":false},"author":2,"featured_media":337131,"comment_status":"closed","ping_status":"closed","sticky":false,"template":"","format":"standard","meta":{"_acf_changed":false,"footnotes":""},"categories":[165],"tags":[],"class_list":["post-337130","post","type-post","status-publish","format-standard","has-post-thumbnail","hentry","category-nordeste"],"acf":[],"_links":{"self":[{"href":"https:\/\/www.notibras.com\/site\/wp-json\/wp\/v2\/posts\/337130","targetHints":{"allow":["GET"]}}],"collection":[{"href":"https:\/\/www.notibras.com\/site\/wp-json\/wp\/v2\/posts"}],"about":[{"href":"https:\/\/www.notibras.com\/site\/wp-json\/wp\/v2\/types\/post"}],"author":[{"embeddable":true,"href":"https:\/\/www.notibras.com\/site\/wp-json\/wp\/v2\/users\/2"}],"replies":[{"embeddable":true,"href":"https:\/\/www.notibras.com\/site\/wp-json\/wp\/v2\/comments?post=337130"}],"version-history":[{"count":2,"href":"https:\/\/www.notibras.com\/site\/wp-json\/wp\/v2\/posts\/337130\/revisions"}],"predecessor-version":[{"id":337133,"href":"https:\/\/www.notibras.com\/site\/wp-json\/wp\/v2\/posts\/337130\/revisions\/337133"}],"wp:featuredmedia":[{"embeddable":true,"href":"https:\/\/www.notibras.com\/site\/wp-json\/wp\/v2\/media\/337131"}],"wp:attachment":[{"href":"https:\/\/www.notibras.com\/site\/wp-json\/wp\/v2\/media?parent=337130"}],"wp:term":[{"taxonomy":"category","embeddable":true,"href":"https:\/\/www.notibras.com\/site\/wp-json\/wp\/v2\/categories?post=337130"},{"taxonomy":"post_tag","embeddable":true,"href":"https:\/\/www.notibras.com\/site\/wp-json\/wp\/v2\/tags?post=337130"}],"curies":[{"name":"wp","href":"https:\/\/api.w.org\/{rel}","templated":true}]}}