{"id":337184,"date":"2024-09-25T00:31:55","date_gmt":"2024-09-25T03:31:55","guid":{"rendered":"https:\/\/www.notibras.com\/site\/?p=337184"},"modified":"2024-09-25T07:33:48","modified_gmt":"2024-09-25T10:33:48","slug":"projeto-oferece-formacao-cultural-para-pessoas-com-deficiencia-visual","status":"publish","type":"post","link":"https:\/\/www.notibras.com\/site\/projeto-oferece-formacao-cultural-para-pessoas-com-deficiencia-visual\/","title":{"rendered":"Projeto oferece forma\u00e7\u00e3o cultural para pessoas com defici\u00eancia visual"},"content":{"rendered":"<p>Em setembro, m\u00eas em que se celebra o Dia Nacional de Luta das Pessoas com Defici\u00eancia, o projeto Bras\u00edlia para Todos &#8211; Acessibilidade e Valoriza\u00e7\u00e3o do Patrim\u00f4nio Cultural abre inscri\u00e7\u00f5es. A iniciativa promove um curso, gratuito, de media\u00e7\u00e3o cultural para pessoas com defici\u00eancia visual. As aulas, que acontecem entre 3 e 29 de outubro, t\u00eam formato h\u00edbrido \u2013 atividades presenciais e virtuais \u2013 e percorrem diferentes pontos tur\u00edsticos da cidade.<\/p>\n<p>Al\u00e9m de oferecer inclus\u00e3o e acessibilidade, o projeto possibilita a inser\u00e7\u00e3o dos alunos no mercado de trabalho cultural de Bras\u00edlia, uma vez que capacita essas pessoas para serem futuros mediadores culturais.<\/p>\n<p>Para concorrer a uma das 20 vagas ofertadas, basta preencher o formul\u00e1rio dispon\u00edvel no Instagram do projeto: @guiaacessibilidade. As inscri\u00e7\u00f5es est\u00e3o abertas at\u00e9 30 de setembro.<\/p>\n<p>O projeto, realizado pela Guia Acessibilidade Inclusiva, conta com recursos do Fundo de Apoio \u00e0 Cultura (FAC DF) e incentivo da Secretaria de Cultura e Economia Criativa.<\/p>\n<p>De acordo com estudo do Instituto de Pesquisa e Estat\u00edstica do Distrito Federal (IPEDF), 3,8% da popula\u00e7\u00e3o do DF possui alguma defici\u00eancia, sendo a visual a mais comum, com 43,2% de incid\u00eancia. Ainda segundo a pesquisa, em 2021, a taxa de desemprego entre PcDs foi de 18,6%, superior \u00e0 registrada entre as pessoas sem defici\u00eancia. Tendo em vista as dificuldades e desafios enfrentados por esse p\u00fablico, a inclus\u00e3o no mercado de trabalho cultural \u00e9 um dos pilares da iniciativa.<\/p>\n<p>Segundo C\u00e1ssia Lemes, diretora geral do projeto, Bras\u00edlia \u00e9 a cidade ideal para a realiza\u00e7\u00e3o deste curso: \u201cvivemos em uma capital que \u00e9 reconhecida como Patrim\u00f4nio Mundial da UNESCO, o que estamos propondo \u00e9 a valoriza\u00e7\u00e3o de nossos bens culturais atrav\u00e9s da cria\u00e7\u00e3o de novas possibilidades e narrativas inclusivas.\u201d<\/p>\n<p>A produtora cultural explica que a forma\u00e7\u00e3o \u00e9 voltada para um p\u00fablico espec\u00edfico, por\u00e9m diverso: \u201c Estamos oferecendo educa\u00e7\u00e3o patrimonial para pessoas com algum tipo de defici\u00eancia visual. Ou seja, pessoas cegas, com baixa vis\u00e3o, monoculares e dalt\u00f4nicas. \u00c9 um recorte espec\u00edfico, mas que contempla um p\u00fablico grande\u201d, completa Lemes.<\/p>\n<p><strong>Pertencimento<\/strong><br \/>\nPara promover a integra\u00e7\u00e3o entre os participantes e os principais patrim\u00f4nios culturais do DF, o cronograma de atividades abrange 10 visitas mediadas em espa\u00e7os emblem\u00e1ticos como o Museu da Rep\u00fablica, o Museu dos Povos Ind\u00edgenas, o Catetinho, o Memorial JK, entre outros.<\/p>\n<p>As visitas proporcionam uma experi\u00eancia sensorial plural e diversa que utiliza o tato, a audi\u00e7\u00e3o e o olfato para conectar os alunos com a hist\u00f3ria, a cultura e a arquitetura da cidade.<\/p>\n<p>\u201cUm dos pontos-chave das visitas mediadas \u00e9 trabalhar o pertencimento de cada pessoa aos espa\u00e7os visitados. Mais do que comunicar aquele Patrim\u00f4nio com uma acessibilidade fria e imparcial, vamos possibilitar que elas sintam e absorvam o espa\u00e7o, a hist\u00f3ria e a cultura\u201d, revela Thalita Ara\u00fajo, ministrante respons\u00e1vel pelas atividades.<\/p>\n","protected":false},"excerpt":{"rendered":"<p>Em setembro, m\u00eas em que se celebra o Dia Nacional de Luta das Pessoas com Defici\u00eancia, o projeto Bras\u00edlia para Todos &#8211; Acessibilidade e Valoriza\u00e7\u00e3o do Patrim\u00f4nio Cultural abre inscri\u00e7\u00f5es. A iniciativa promove um curso, gratuito, de media\u00e7\u00e3o cultural para pessoas com defici\u00eancia visual. As aulas, que acontecem entre 3 e 29 de outubro, t\u00eam [&hellip;]<\/p>\n","protected":false},"author":2,"featured_media":337185,"comment_status":"closed","ping_status":"closed","sticky":false,"template":"","format":"standard","meta":{"_acf_changed":false,"footnotes":""},"categories":[161],"tags":[],"class_list":["post-337184","post","type-post","status-publish","format-standard","has-post-thumbnail","hentry","category-quadradinho-em-foco"],"acf":[],"_links":{"self":[{"href":"https:\/\/www.notibras.com\/site\/wp-json\/wp\/v2\/posts\/337184","targetHints":{"allow":["GET"]}}],"collection":[{"href":"https:\/\/www.notibras.com\/site\/wp-json\/wp\/v2\/posts"}],"about":[{"href":"https:\/\/www.notibras.com\/site\/wp-json\/wp\/v2\/types\/post"}],"author":[{"embeddable":true,"href":"https:\/\/www.notibras.com\/site\/wp-json\/wp\/v2\/users\/2"}],"replies":[{"embeddable":true,"href":"https:\/\/www.notibras.com\/site\/wp-json\/wp\/v2\/comments?post=337184"}],"version-history":[{"count":1,"href":"https:\/\/www.notibras.com\/site\/wp-json\/wp\/v2\/posts\/337184\/revisions"}],"predecessor-version":[{"id":337186,"href":"https:\/\/www.notibras.com\/site\/wp-json\/wp\/v2\/posts\/337184\/revisions\/337186"}],"wp:featuredmedia":[{"embeddable":true,"href":"https:\/\/www.notibras.com\/site\/wp-json\/wp\/v2\/media\/337185"}],"wp:attachment":[{"href":"https:\/\/www.notibras.com\/site\/wp-json\/wp\/v2\/media?parent=337184"}],"wp:term":[{"taxonomy":"category","embeddable":true,"href":"https:\/\/www.notibras.com\/site\/wp-json\/wp\/v2\/categories?post=337184"},{"taxonomy":"post_tag","embeddable":true,"href":"https:\/\/www.notibras.com\/site\/wp-json\/wp\/v2\/tags?post=337184"}],"curies":[{"name":"wp","href":"https:\/\/api.w.org\/{rel}","templated":true}]}}