{"id":337193,"date":"2024-09-25T00:07:51","date_gmt":"2024-09-25T03:07:51","guid":{"rendered":"https:\/\/www.notibras.com\/site\/?p=337193"},"modified":"2024-09-25T08:09:20","modified_gmt":"2024-09-25T11:09:20","slug":"forca-nacional-vai-atuar-em-cinco-estados-do-nordeste","status":"publish","type":"post","link":"https:\/\/www.notibras.com\/site\/forca-nacional-vai-atuar-em-cinco-estados-do-nordeste\/","title":{"rendered":"For\u00e7a Nacional vai atuar em cinco Estados do Nordeste"},"content":{"rendered":"<p>O Tribunal Superior Eleitoral (TSE) aprovou o envio de militares federais para realizar a seguran\u00e7a de locais de vota\u00e7\u00e3o no primeiro turno das elei\u00e7\u00f5es municipais, que ser\u00e1 realizado no dia 6 de outubro.<\/p>\n<p>Por unanimidade, os ministros aprovaram um pacote para garantir o envio de soldados da For\u00e7a Nacional para munic\u00edpios dos estados do Piau\u00ed, Cear\u00e1, Maranh\u00e3o, Para\u00edba e Rio Grande do Norte.<\/p>\n<p>A presidente do TSE, C\u00e1rmen L\u00facia, destacou que a requisi\u00e7\u00e3o de for\u00e7as federais \u00e9 um procedimento comum que ocorre em todas as elei\u00e7\u00f5es.<\/p>\n<p>&#8220;Os governadores comunicam aos tribunais regionais eleitorais (TREs) que eles precisam de for\u00e7as federais para garantir a vota\u00e7\u00e3o e a apura\u00e7\u00e3o&#8221;, ressaltou a ministra.<\/p>\n<p>O envio de tropas federais ocorre quando um munic\u00edpio informa \u00e0 Justi\u00e7a Eleitoral que n\u00e3o tem capacidade de garantir a normalidade do pleito com o efetivo policial local.<\/p>\n","protected":false},"excerpt":{"rendered":"<p>O Tribunal Superior Eleitoral (TSE) aprovou o envio de militares federais para realizar a seguran\u00e7a de locais de vota\u00e7\u00e3o no primeiro turno das elei\u00e7\u00f5es municipais, que ser\u00e1 realizado no dia 6 de outubro. Por unanimidade, os ministros aprovaram um pacote para garantir o envio de soldados da For\u00e7a Nacional para munic\u00edpios dos estados do Piau\u00ed, [&hellip;]<\/p>\n","protected":false},"author":2,"featured_media":337194,"comment_status":"closed","ping_status":"closed","sticky":false,"template":"","format":"standard","meta":{"_acf_changed":false,"footnotes":""},"categories":[165],"tags":[],"class_list":["post-337193","post","type-post","status-publish","format-standard","has-post-thumbnail","hentry","category-nordeste"],"acf":[],"_links":{"self":[{"href":"https:\/\/www.notibras.com\/site\/wp-json\/wp\/v2\/posts\/337193","targetHints":{"allow":["GET"]}}],"collection":[{"href":"https:\/\/www.notibras.com\/site\/wp-json\/wp\/v2\/posts"}],"about":[{"href":"https:\/\/www.notibras.com\/site\/wp-json\/wp\/v2\/types\/post"}],"author":[{"embeddable":true,"href":"https:\/\/www.notibras.com\/site\/wp-json\/wp\/v2\/users\/2"}],"replies":[{"embeddable":true,"href":"https:\/\/www.notibras.com\/site\/wp-json\/wp\/v2\/comments?post=337193"}],"version-history":[{"count":1,"href":"https:\/\/www.notibras.com\/site\/wp-json\/wp\/v2\/posts\/337193\/revisions"}],"predecessor-version":[{"id":337195,"href":"https:\/\/www.notibras.com\/site\/wp-json\/wp\/v2\/posts\/337193\/revisions\/337195"}],"wp:featuredmedia":[{"embeddable":true,"href":"https:\/\/www.notibras.com\/site\/wp-json\/wp\/v2\/media\/337194"}],"wp:attachment":[{"href":"https:\/\/www.notibras.com\/site\/wp-json\/wp\/v2\/media?parent=337193"}],"wp:term":[{"taxonomy":"category","embeddable":true,"href":"https:\/\/www.notibras.com\/site\/wp-json\/wp\/v2\/categories?post=337193"},{"taxonomy":"post_tag","embeddable":true,"href":"https:\/\/www.notibras.com\/site\/wp-json\/wp\/v2\/tags?post=337193"}],"curies":[{"name":"wp","href":"https:\/\/api.w.org\/{rel}","templated":true}]}}