{"id":337209,"date":"2024-09-25T00:00:47","date_gmt":"2024-09-25T03:00:47","guid":{"rendered":"https:\/\/www.notibras.com\/site\/?p=337209"},"modified":"2024-09-25T08:55:29","modified_gmt":"2024-09-25T11:55:29","slug":"debater-saude-mental-ajuda-a-acabar-com-preconceitos-e-salvar-vidas","status":"publish","type":"post","link":"https:\/\/www.notibras.com\/site\/debater-saude-mental-ajuda-a-acabar-com-preconceitos-e-salvar-vidas\/","title":{"rendered":"Debater sa\u00fade mental ajuda a acabar com preconceitos e salvar vidas"},"content":{"rendered":"<p>A Secretaria de Economia promoveu, nesta ter\u00e7a-feira (24), uma live em alus\u00e3o ao Setembro Amarelo, m\u00eas dedicado \u00e0 conscientiza\u00e7\u00e3o sobre a preven\u00e7\u00e3o do suic\u00eddio. A m\u00e9dica psiquiatra da Subsecretaria de Seguran\u00e7a e Sa\u00fade no Trabalho (Subsa\u00fade-Seec), Karinne Borges, foi a estrela do bate-papo e destacou o aumento expressivo nos diagn\u00f3sticos de transtornos mentais e a urg\u00eancia de trazer visibilidade ao tema.<\/p>\n<p>Segundo ela, as doen\u00e7as ps\u00edquicas ainda enfrentam muitos preconceitos, o que compromete o diagn\u00f3stico precoce e o tratamento adequado.<\/p>\n<p>\u201cHoje, h\u00e1 um aumento exponencial de diagn\u00f3sticos de transtornos mentais, e o Setembro Amarelo traz visibilidade a esse problema de sa\u00fade. O preconceito em torno das doen\u00e7as mentais, baseado em falsas ideias e julgamentos, precisa ser corrigido\u201d, destacou Borges.<\/p>\n<p>Durante a transmiss\u00e3o, a m\u00e9dica refor\u00e7ou a import\u00e2ncia de corrigir as vis\u00f5es distorcidas sobre as doen\u00e7as mentais. \u201cAinda s\u00e3o vistas de forma equivocada, e isso precisa mudar. Quanto mais falarmos sobre o tema, mais pessoas ter\u00e3o coragem de buscar ajuda\u201d, afirmou a especialista.<\/p>\n<p>O Setembro Amarelo, que ocorre anualmente, tem como objetivo principal sensibilizar a sociedade para a valoriza\u00e7\u00e3o da vida e o autocuidado, al\u00e9m de alertar sobre os riscos de ignorar sinais de sofrimento mental. A campanha tenta romper tabus e incentivar di\u00e1logos sobre sa\u00fade mental, buscando diminuir o estigma social associado \u00e0s doen\u00e7as ps\u00edquicas.<\/p>\n<p>A psiquiatra tamb\u00e9m ressaltou a import\u00e2ncia do apoio emocional para aqueles que est\u00e3o em sofrimento e lembrou do papel fundamental do Centro de Valoriza\u00e7\u00e3o da Vida (CVV). O servi\u00e7o, dispon\u00edvel 24 horas por meio do telefone 188, oferece atendimento gratuito e sigiloso para quem busca ajuda.<\/p>\n","protected":false},"excerpt":{"rendered":"<p>A Secretaria de Economia promoveu, nesta ter\u00e7a-feira (24), uma live em alus\u00e3o ao Setembro Amarelo, m\u00eas dedicado \u00e0 conscientiza\u00e7\u00e3o sobre a preven\u00e7\u00e3o do suic\u00eddio. A m\u00e9dica psiquiatra da Subsecretaria de Seguran\u00e7a e Sa\u00fade no Trabalho (Subsa\u00fade-Seec), Karinne Borges, foi a estrela do bate-papo e destacou o aumento expressivo nos diagn\u00f3sticos de transtornos mentais e a [&hellip;]<\/p>\n","protected":false},"author":2,"featured_media":337210,"comment_status":"closed","ping_status":"closed","sticky":false,"template":"","format":"standard","meta":{"_acf_changed":false,"footnotes":""},"categories":[161],"tags":[],"class_list":["post-337209","post","type-post","status-publish","format-standard","has-post-thumbnail","hentry","category-quadradinho-em-foco"],"acf":[],"_links":{"self":[{"href":"https:\/\/www.notibras.com\/site\/wp-json\/wp\/v2\/posts\/337209","targetHints":{"allow":["GET"]}}],"collection":[{"href":"https:\/\/www.notibras.com\/site\/wp-json\/wp\/v2\/posts"}],"about":[{"href":"https:\/\/www.notibras.com\/site\/wp-json\/wp\/v2\/types\/post"}],"author":[{"embeddable":true,"href":"https:\/\/www.notibras.com\/site\/wp-json\/wp\/v2\/users\/2"}],"replies":[{"embeddable":true,"href":"https:\/\/www.notibras.com\/site\/wp-json\/wp\/v2\/comments?post=337209"}],"version-history":[{"count":1,"href":"https:\/\/www.notibras.com\/site\/wp-json\/wp\/v2\/posts\/337209\/revisions"}],"predecessor-version":[{"id":337211,"href":"https:\/\/www.notibras.com\/site\/wp-json\/wp\/v2\/posts\/337209\/revisions\/337211"}],"wp:featuredmedia":[{"embeddable":true,"href":"https:\/\/www.notibras.com\/site\/wp-json\/wp\/v2\/media\/337210"}],"wp:attachment":[{"href":"https:\/\/www.notibras.com\/site\/wp-json\/wp\/v2\/media?parent=337209"}],"wp:term":[{"taxonomy":"category","embeddable":true,"href":"https:\/\/www.notibras.com\/site\/wp-json\/wp\/v2\/categories?post=337209"},{"taxonomy":"post_tag","embeddable":true,"href":"https:\/\/www.notibras.com\/site\/wp-json\/wp\/v2\/tags?post=337209"}],"curies":[{"name":"wp","href":"https:\/\/api.w.org\/{rel}","templated":true}]}}