{"id":337212,"date":"2024-09-25T00:00:55","date_gmt":"2024-09-25T03:00:55","guid":{"rendered":"https:\/\/www.notibras.com\/site\/?p=337212"},"modified":"2024-09-25T09:02:47","modified_gmt":"2024-09-25T12:02:47","slug":"flores-brotam-em-meio-a-cenario-devastado-por-incendio-florestal","status":"publish","type":"post","link":"https:\/\/www.notibras.com\/site\/flores-brotam-em-meio-a-cenario-devastado-por-incendio-florestal\/","title":{"rendered":"Flores brotam em meio a cen\u00e1rio devastado por inc\u00eandio florestal"},"content":{"rendered":"<p>O que poderia ser um simples desabrochar de mudas no terreno da \u00c1rea de Prote\u00e7\u00e3o Ambiental (APA) do Lago Parano\u00e1, no m\u00eas da primavera, transformou-se num s\u00edmbolo de resili\u00eancia. Semanas ap\u00f3s a devasta\u00e7\u00e3o da vegeta\u00e7\u00e3o de Cerrado nas proximidades da Torre Digital, causada por um inc\u00eandio florestal de prov\u00e1vel origem humana, p\u00e9s de esp\u00e9cie Hippeastrum goianum, planta conhecida como Amarilis do Cerrado, brotaram, criando um contraste, onde algumas flores amarelas se misturam a \u00e1rvores secas, troncos ca\u00eddos e restos de fuligem.<\/p>\n<p>A paisagem com ares p\u00f3s-apocal\u00edpticos foi capturada pelo servidor p\u00fablico e fot\u00f3grafo amador Matheus Ferreira, que compartilha nas redes sociais imagens da riqueza do bioma brasiliense na p\u00e1gina \u00c1rvores do Cerrado (@arvoresdocerrado). \u201cH\u00e1 quase um m\u00eas, essa \u00e1rea de Cerrado, composta por vegeta\u00e7\u00e3o nativa, pegou fogo e tudo foi devastado. Ficou bem queimado. Algumas pessoas comentaram comigo que tinham visto algumas flores nascendo em meio \u00e0 \u00e1rea queimada. Peguei minha m\u00e1quina e fiquei procurando, at\u00e9 que encontrei esses dois pezinhos dessa flor\u201d, recorda-se.<\/p>\n<p>O que mais impressionou Matheus foi o surgimento de plantas t\u00e3o delicadas em meio a um cen\u00e1rio devastador, que ele descreveu como \u201cde guerra\u201d. \u201cPara mim, \u00e9 um s\u00edmbolo de esperan\u00e7a e de renascimento. Apesar de tudo que as pessoas fazem para destruir a natureza, ela continua firme\u201d, afirma. \u201cVejo isso como um sinal de esperan\u00e7a e de for\u00e7a do Cerrado. \u00c9 um bioma de resist\u00eancia que, mesmo diante de condi\u00e7\u00f5es clim\u00e1ticas extremas, como falta de chuva e secura, v\u00ea florescer os ip\u00eas e tantas outras \u00e1rvores nativas. Espero que fique uma mensagem para as pessoas de que nem tudo est\u00e1 perdido\u201d, completa.<\/p>\n<p><strong>Regenera\u00e7\u00e3o<\/strong><br \/>\nA recupera\u00e7\u00e3o do Cerrado ap\u00f3s a passagem do fogo costuma ser natural, especialmente nas \u00e1reas de vegeta\u00e7\u00e3o nativa. No entanto, a superintendente de Unidades de Conserva\u00e7\u00e3o, Biodiversidade e \u00c1gua do Instituto Bras\u00edlia Ambiental, Marcela Verciani, afirma que cada local deve ser avaliado ap\u00f3s as queimadas, considerando suas caracter\u00edsticas. Algumas vegeta\u00e7\u00f5es se regeneram sozinhas, enquanto outras necessitam de novos plantios. Essa avalia\u00e7\u00e3o \u00e9 feita pelo \u00f3rg\u00e3o que gerencia 82 unidades de conserva\u00e7\u00e3o, incluindo a APA do Lago Parano\u00e1, considerada uma unidade de uso sustent\u00e1vel.<\/p>\n<p>\u201cN\u00f3s sabemos que os inc\u00eandios nesta \u00e9poca do ano s\u00e3o provocados, pois n\u00e3o existem fa\u00edscas naturais. A forma como acontece o fogo \u00e9 prejudicial, porque eleva a temperatura e cria labaredas grandes, o que resulta numa perda consider\u00e1vel de Cerrado. Por isso fazemos o apelo para que as pessoas n\u00e3o usem o fogo nos per\u00edodos cr\u00edticos de seca extrema\u201d, afirma Verciani.<\/p>\n<p>Neste ano, o Instituto Bras\u00edlia Ambiental contratou 150 brigadistas para atuar em 12 bases durante o per\u00edodo cr\u00edtico de inc\u00eandios e seca. Segundo a superintendente, o \u00f3rg\u00e3o elabora um projeto de lei para ser enviado \u00e0 C\u00e2mara Legislativa do DF (CLDF), estabelecendo a contrata\u00e7\u00e3o da brigada ao longo do ano e n\u00e3o por temporada. \u201cO combate \u00e9 importante, mas a preven\u00e7\u00e3o tem tanta ou mais import\u00e2ncia\u201d, comenta. Ela cita a\u00e7\u00f5es como a cria\u00e7\u00e3o de aceiros, ro\u00e7adas e queimadas controladas no per\u00edodo mais ameno.<\/p>\n<p><strong>Denuncie<\/strong><br \/>\nCom o aumento dos inc\u00eandios florestais na vegeta\u00e7\u00e3o do Cerrado, o Governo do Distrito Federal (GDF) convoca a popula\u00e7\u00e3o a denunciar os casos. Os cidad\u00e3os devem entrar em contato imediatamente com o n\u00famero 193, o canal de emerg\u00eancia do CBMDF.<\/p>\n<p>Durante a liga\u00e7\u00e3o, \u00e9 necess\u00e1rio passar informa\u00e7\u00f5es como a localiza\u00e7\u00e3o exata do fato e as propor\u00e7\u00f5es das chamas e, se poss\u00edvel, relatos sobre as condi\u00e7\u00f5es de acesso ao local e sobre a presen\u00e7a de suspeitos de autoria do crime. De acordo com o artigo 41 da Lei 9.605\/98, provocar inc\u00eandio em mata ou floresta \u00e9 tipificado como crime ambiental.<\/p>\n<p>No caso de queimadas dentro das unidades de conserva\u00e7\u00e3o do Distrito Federal, a orienta\u00e7\u00e3o \u00e9 acionar o Instituto Bras\u00edlia Ambiental, que \u00e9 respons\u00e1vel pela administra\u00e7\u00e3o dos espa\u00e7os. Desde julho, o \u00f3rg\u00e3o conta com um n\u00famero exclusivo de den\u00fancias de focos de inc\u00eandio, que \u00e9 atendido pela central da Diretoria de Preven\u00e7\u00e3o e Combate a Inc\u00eandios Florestais (DPCIF) pelo (61) 9224-7202. O telefone tamb\u00e9m \u00e9 WhatsApp. Por ele, a popula\u00e7\u00e3o pode enviar mensagens e a localiza\u00e7\u00e3o do fogo.<\/p>\n","protected":false},"excerpt":{"rendered":"<p>O que poderia ser um simples desabrochar de mudas no terreno da \u00c1rea de Prote\u00e7\u00e3o Ambiental (APA) do Lago Parano\u00e1, no m\u00eas da primavera, transformou-se num s\u00edmbolo de resili\u00eancia. Semanas ap\u00f3s a devasta\u00e7\u00e3o da vegeta\u00e7\u00e3o de Cerrado nas proximidades da Torre Digital, causada por um inc\u00eandio florestal de prov\u00e1vel origem humana, p\u00e9s de esp\u00e9cie Hippeastrum [&hellip;]<\/p>\n","protected":false},"author":2,"featured_media":337213,"comment_status":"closed","ping_status":"closed","sticky":false,"template":"","format":"standard","meta":{"_acf_changed":false,"footnotes":""},"categories":[161],"tags":[],"class_list":["post-337212","post","type-post","status-publish","format-standard","has-post-thumbnail","hentry","category-quadradinho-em-foco"],"acf":[],"_links":{"self":[{"href":"https:\/\/www.notibras.com\/site\/wp-json\/wp\/v2\/posts\/337212","targetHints":{"allow":["GET"]}}],"collection":[{"href":"https:\/\/www.notibras.com\/site\/wp-json\/wp\/v2\/posts"}],"about":[{"href":"https:\/\/www.notibras.com\/site\/wp-json\/wp\/v2\/types\/post"}],"author":[{"embeddable":true,"href":"https:\/\/www.notibras.com\/site\/wp-json\/wp\/v2\/users\/2"}],"replies":[{"embeddable":true,"href":"https:\/\/www.notibras.com\/site\/wp-json\/wp\/v2\/comments?post=337212"}],"version-history":[{"count":1,"href":"https:\/\/www.notibras.com\/site\/wp-json\/wp\/v2\/posts\/337212\/revisions"}],"predecessor-version":[{"id":337214,"href":"https:\/\/www.notibras.com\/site\/wp-json\/wp\/v2\/posts\/337212\/revisions\/337214"}],"wp:featuredmedia":[{"embeddable":true,"href":"https:\/\/www.notibras.com\/site\/wp-json\/wp\/v2\/media\/337213"}],"wp:attachment":[{"href":"https:\/\/www.notibras.com\/site\/wp-json\/wp\/v2\/media?parent=337212"}],"wp:term":[{"taxonomy":"category","embeddable":true,"href":"https:\/\/www.notibras.com\/site\/wp-json\/wp\/v2\/categories?post=337212"},{"taxonomy":"post_tag","embeddable":true,"href":"https:\/\/www.notibras.com\/site\/wp-json\/wp\/v2\/tags?post=337212"}],"curies":[{"name":"wp","href":"https:\/\/api.w.org\/{rel}","templated":true}]}}