{"id":337244,"date":"2024-09-25T13:46:48","date_gmt":"2024-09-25T16:46:48","guid":{"rendered":"https:\/\/www.notibras.com\/site\/?p=337244"},"modified":"2024-09-25T14:57:19","modified_gmt":"2024-09-25T17:57:19","slug":"policia-federal-prende-14-pedofilos-em-flagrante-em-estados-do-nordeste","status":"publish","type":"post","link":"https:\/\/www.notibras.com\/site\/policia-federal-prende-14-pedofilos-em-flagrante-em-estados-do-nordeste\/","title":{"rendered":"Pol\u00edcia Federal prende 14 ped\u00f3filos em flagrante em estados do Nordeste"},"content":{"rendered":"<p>A Pol\u00edcia Federal cumpriu nesta quarta-feira (25) mandados de busca e apreens\u00e3o e pris\u00e3o contra suspeitos de armazenar e compartilhar material de abuso sexual infanto-juvenil.<\/p>\n<p>A delegada Rafaella Parca, coordenadora da divis\u00e3o de repress\u00e3o a crimes cibern\u00e9ticos relacionados a abuso infantil da Pol\u00edcia Federal, diz que a opera\u00e7\u00e3o confirmou que os criminosos se utilizam cada vez mais de uma pr\u00e1tica conhecida como grooming.<\/p>\n<p>Os criminosos, segundo ela, agem da seguinte maneira: criar perfis falsos em redes sociais; estudar o perfil das v\u00edtimas e dos familiares que, \u00e0s vezes, colocam informa\u00e7\u00f5es sens\u00edveis em rede sociais; com as informa\u00e7\u00f5es coletadas, se aproximar das crian\u00e7as com hist\u00f3rias falsas; trocar informa\u00e7\u00f5es e conversas com as crian\u00e7as para ganhar confian\u00e7a da v\u00edtima e pedir para que lhe enviem fotos de cunho sexual; amea\u00e7ar para que as crian\u00e7as continuem produzindo os conte\u00fados.<\/p>\n<p>Veja os estados onde a PF fez pris\u00f5es em flagrante:<\/p>\n<p><strong>Alagoas: 2<\/strong><br \/>\n<strong>Bahia: 1<\/strong><br \/>\n<strong>Cear\u00e1: 3<\/strong><br \/>\n<strong>Maranh\u00e3o: 1<\/strong><br \/>\n<strong>Pernambuco: 3<\/strong><br \/>\n<strong>Piau\u00ed: 1<\/strong><br \/>\n<strong>Rio Grande do Norte: 2<\/strong><br \/>\n<strong>Sergipe: 1.<\/strong><\/p>\n","protected":false},"excerpt":{"rendered":"<p>A Pol\u00edcia Federal cumpriu nesta quarta-feira (25) mandados de busca e apreens\u00e3o e pris\u00e3o contra suspeitos de armazenar e compartilhar material de abuso sexual infanto-juvenil. A delegada Rafaella Parca, coordenadora da divis\u00e3o de repress\u00e3o a crimes cibern\u00e9ticos relacionados a abuso infantil da Pol\u00edcia Federal, diz que a opera\u00e7\u00e3o confirmou que os criminosos se utilizam cada [&hellip;]<\/p>\n","protected":false},"author":2,"featured_media":337245,"comment_status":"closed","ping_status":"closed","sticky":false,"template":"","format":"standard","meta":{"_acf_changed":false,"footnotes":""},"categories":[165],"tags":[95],"class_list":["post-337244","post","type-post","status-publish","format-standard","has-post-thumbnail","hentry","category-nordeste","tag-capa"],"acf":[],"_links":{"self":[{"href":"https:\/\/www.notibras.com\/site\/wp-json\/wp\/v2\/posts\/337244","targetHints":{"allow":["GET"]}}],"collection":[{"href":"https:\/\/www.notibras.com\/site\/wp-json\/wp\/v2\/posts"}],"about":[{"href":"https:\/\/www.notibras.com\/site\/wp-json\/wp\/v2\/types\/post"}],"author":[{"embeddable":true,"href":"https:\/\/www.notibras.com\/site\/wp-json\/wp\/v2\/users\/2"}],"replies":[{"embeddable":true,"href":"https:\/\/www.notibras.com\/site\/wp-json\/wp\/v2\/comments?post=337244"}],"version-history":[{"count":3,"href":"https:\/\/www.notibras.com\/site\/wp-json\/wp\/v2\/posts\/337244\/revisions"}],"predecessor-version":[{"id":337248,"href":"https:\/\/www.notibras.com\/site\/wp-json\/wp\/v2\/posts\/337244\/revisions\/337248"}],"wp:featuredmedia":[{"embeddable":true,"href":"https:\/\/www.notibras.com\/site\/wp-json\/wp\/v2\/media\/337245"}],"wp:attachment":[{"href":"https:\/\/www.notibras.com\/site\/wp-json\/wp\/v2\/media?parent=337244"}],"wp:term":[{"taxonomy":"category","embeddable":true,"href":"https:\/\/www.notibras.com\/site\/wp-json\/wp\/v2\/categories?post=337244"},{"taxonomy":"post_tag","embeddable":true,"href":"https:\/\/www.notibras.com\/site\/wp-json\/wp\/v2\/tags?post=337244"}],"curies":[{"name":"wp","href":"https:\/\/api.w.org\/{rel}","templated":true}]}}