{"id":337254,"date":"2024-09-26T01:35:19","date_gmt":"2024-09-26T04:35:19","guid":{"rendered":"https:\/\/www.notibras.com\/site\/?p=337254"},"modified":"2024-09-26T01:38:54","modified_gmt":"2024-09-26T04:38:54","slug":"dinheiro-do-bolsa-familia-nao-e-para-apostas-diz-wellington-dias","status":"publish","type":"post","link":"https:\/\/www.notibras.com\/site\/dinheiro-do-bolsa-familia-nao-e-para-apostas-diz-wellington-dias\/","title":{"rendered":"Dinheiro do Bolsa Fam\u00edlia n\u00e3o \u00e9 para apostas, diz Wellington Dias"},"content":{"rendered":"<p>O ministro do Desenvolvimento e Assist\u00eancia Social, Fam\u00edlia e Combate \u00e0 Fome, Wellington Dias, divulgou nota afirmando que os programas sociais de transfer\u00eancia de renda foram criados para garantir a seguran\u00e7a alimentar e atender \u00e0s necessidades b\u00e1sicas das fam\u00edlias em situa\u00e7\u00e3o de vulnerabilidade.<\/p>\n<p>&#8220;A prioridade sempre ser\u00e1 combater a fome e promover a dignidade para quem mais precisa&#8221;, destacou.<\/p>\n<p>A nota foi divulgada logo ap\u00f3s publica\u00e7\u00e3o de nota t\u00e9cnica elaborada pelo Banco Central (BC) que aponta que os benefici\u00e1rios do Bolsa Fam\u00edlia gastaram R$ 3 bilh\u00f5es em bets (empresas de apostas eletr\u00f4nicas) via Pix em agosto.<\/p>\n<p>Dias afirma ter solicitado esclarecimentos ao Minist\u00e9rio da Fazenda e destacou ainda a proposta em andamento para a regulamenta\u00e7\u00e3o desse mercado no Brasil.<\/p>\n<p>&#8220;Tenho certeza de que o governo federal, ao tratar desse tema, levar\u00e1 em considera\u00e7\u00e3o a prote\u00e7\u00e3o dos mais vulner\u00e1veis e os impactos sociais que possam surgir&#8221;, refor\u00e7ou, destacando que ir\u00e1 acompanhar a regulamenta\u00e7\u00e3o e encontrar mecanismos para evitar que dinheiro dos benef\u00edcios sociais sejam utilizados em jogos.<\/p>\n<p>&#8220;Nosso foco permanece firme: garantir que o Bolsa Fam\u00edlia continue sendo um instrumento eficaz de combate \u00e0 pobreza e \u00e0 inseguran\u00e7a alimentar. Faremos tudo o que estiver ao nosso alcance para que esse objetivo se mantenha&#8221;, disse, em nota.<\/p>\n","protected":false},"excerpt":{"rendered":"<p>O ministro do Desenvolvimento e Assist\u00eancia Social, Fam\u00edlia e Combate \u00e0 Fome, Wellington Dias, divulgou nota afirmando que os programas sociais de transfer\u00eancia de renda foram criados para garantir a seguran\u00e7a alimentar e atender \u00e0s necessidades b\u00e1sicas das fam\u00edlias em situa\u00e7\u00e3o de vulnerabilidade. &#8220;A prioridade sempre ser\u00e1 combater a fome e promover a dignidade para [&hellip;]<\/p>\n","protected":false},"author":2,"featured_media":337255,"comment_status":"closed","ping_status":"closed","sticky":false,"template":"","format":"standard","meta":{"_acf_changed":false,"footnotes":""},"categories":[165],"tags":[],"class_list":["post-337254","post","type-post","status-publish","format-standard","has-post-thumbnail","hentry","category-nordeste"],"acf":[],"_links":{"self":[{"href":"https:\/\/www.notibras.com\/site\/wp-json\/wp\/v2\/posts\/337254","targetHints":{"allow":["GET"]}}],"collection":[{"href":"https:\/\/www.notibras.com\/site\/wp-json\/wp\/v2\/posts"}],"about":[{"href":"https:\/\/www.notibras.com\/site\/wp-json\/wp\/v2\/types\/post"}],"author":[{"embeddable":true,"href":"https:\/\/www.notibras.com\/site\/wp-json\/wp\/v2\/users\/2"}],"replies":[{"embeddable":true,"href":"https:\/\/www.notibras.com\/site\/wp-json\/wp\/v2\/comments?post=337254"}],"version-history":[{"count":1,"href":"https:\/\/www.notibras.com\/site\/wp-json\/wp\/v2\/posts\/337254\/revisions"}],"predecessor-version":[{"id":337256,"href":"https:\/\/www.notibras.com\/site\/wp-json\/wp\/v2\/posts\/337254\/revisions\/337256"}],"wp:featuredmedia":[{"embeddable":true,"href":"https:\/\/www.notibras.com\/site\/wp-json\/wp\/v2\/media\/337255"}],"wp:attachment":[{"href":"https:\/\/www.notibras.com\/site\/wp-json\/wp\/v2\/media?parent=337254"}],"wp:term":[{"taxonomy":"category","embeddable":true,"href":"https:\/\/www.notibras.com\/site\/wp-json\/wp\/v2\/categories?post=337254"},{"taxonomy":"post_tag","embeddable":true,"href":"https:\/\/www.notibras.com\/site\/wp-json\/wp\/v2\/tags?post=337254"}],"curies":[{"name":"wp","href":"https:\/\/api.w.org\/{rel}","templated":true}]}}