{"id":337260,"date":"2024-09-26T00:05:31","date_gmt":"2024-09-26T03:05:31","guid":{"rendered":"https:\/\/www.notibras.com\/site\/?p=337260"},"modified":"2024-09-26T01:29:47","modified_gmt":"2024-09-26T04:29:47","slug":"anvisa-proibe-azeite-de-fora-e-coco-ralado-potiguar","status":"publish","type":"post","link":"https:\/\/www.notibras.com\/site\/anvisa-proibe-azeite-de-fora-e-coco-ralado-potiguar\/","title":{"rendered":"Anvisa pro\u00edbe azeite de fora e coco ralado potiguar"},"content":{"rendered":"<p>A importa\u00e7\u00e3o e distribui\u00e7\u00e3o de azeites das marcas Serrano e Cordilheira \u2013 extra virgem, com 0,5% de acidez &#8211; por empresas de proced\u00eancia desconhecida no Brasil levaram a Ag\u00eancia Nacional de Vigil\u00e2ncia Sanit\u00e1ria (Anvisa) a proibir a venda dos dois produtos no pa\u00eds.<\/p>\n<p>A resolu\u00e7\u00e3o n\u00ba 3.508, de 20 de setembro, foi publicada no Di\u00e1rio Oficial da Uni\u00e3o, e trouxe tamb\u00e9m a suspens\u00e3o da comercializa\u00e7\u00e3o de um lote de coco ralado da marca Coco &amp; Cia, do Rio Grande do Norte.<\/p>\n<p>A proibi\u00e7\u00e3o da fabrica\u00e7\u00e3o, da propaganda e do uso dos azeites ocorreu porque os produtos foram importados por empresas sem o Cadastro Nacional de Pessoas Jur\u00eddicas (CNPJ), portanto, desconhecidas no pa\u00eds. De acordo com a Anvisa, a falta de identifica\u00e7\u00e3o n\u00e3o permite garantir a seguran\u00e7a e a qualidade dos produtos.<\/p>\n<p>A Anvisa tamb\u00e9m suspendeu a comercializa\u00e7\u00e3o e determinou o recolhimento do lote 030424158 de coco ralado da marca Coco &amp; Cia. Conforme a ag\u00eancia, foi registrada no produto a presen\u00e7a de di\u00f3xido de enxofre, um conservante, acima do permitido.<\/p>\n<p>A Coco &amp; Cia, em nota, afirmou ter sido surpreendida pela decis\u00e3o da Anvisa. A fabricante disse que j\u00e1 havia recolhido o pedido por conta pr\u00f3pria, em 29 de julho, assim que recebeu o comunicado da ag\u00eancia.<\/p>\n<p>&#8220;A inconformidade estava presente apenas no lote j\u00e1 citado, que foi recolhido e n\u00e3o circula mais no mercado. Lamentamos o ocorrido e n\u00e3o compreendemos o porqu\u00ea da Resolu\u00e7\u00e3o \u2013 RE N\u00ba 3.508 ter sido divulgada meses ap\u00f3s o ocorrido ser resolvido&#8221;, destacou o comunicado da empresa.<\/p>\n","protected":false},"excerpt":{"rendered":"<p>A importa\u00e7\u00e3o e distribui\u00e7\u00e3o de azeites das marcas Serrano e Cordilheira \u2013 extra virgem, com 0,5% de acidez &#8211; por empresas de proced\u00eancia desconhecida no Brasil levaram a Ag\u00eancia Nacional de Vigil\u00e2ncia Sanit\u00e1ria (Anvisa) a proibir a venda dos dois produtos no pa\u00eds. A resolu\u00e7\u00e3o n\u00ba 3.508, de 20 de setembro, foi publicada no Di\u00e1rio [&hellip;]<\/p>\n","protected":false},"author":2,"featured_media":337261,"comment_status":"closed","ping_status":"closed","sticky":false,"template":"","format":"standard","meta":{"_acf_changed":false,"footnotes":""},"categories":[165],"tags":[],"class_list":["post-337260","post","type-post","status-publish","format-standard","has-post-thumbnail","hentry","category-nordeste"],"acf":[],"_links":{"self":[{"href":"https:\/\/www.notibras.com\/site\/wp-json\/wp\/v2\/posts\/337260","targetHints":{"allow":["GET"]}}],"collection":[{"href":"https:\/\/www.notibras.com\/site\/wp-json\/wp\/v2\/posts"}],"about":[{"href":"https:\/\/www.notibras.com\/site\/wp-json\/wp\/v2\/types\/post"}],"author":[{"embeddable":true,"href":"https:\/\/www.notibras.com\/site\/wp-json\/wp\/v2\/users\/2"}],"replies":[{"embeddable":true,"href":"https:\/\/www.notibras.com\/site\/wp-json\/wp\/v2\/comments?post=337260"}],"version-history":[{"count":3,"href":"https:\/\/www.notibras.com\/site\/wp-json\/wp\/v2\/posts\/337260\/revisions"}],"predecessor-version":[{"id":337264,"href":"https:\/\/www.notibras.com\/site\/wp-json\/wp\/v2\/posts\/337260\/revisions\/337264"}],"wp:featuredmedia":[{"embeddable":true,"href":"https:\/\/www.notibras.com\/site\/wp-json\/wp\/v2\/media\/337261"}],"wp:attachment":[{"href":"https:\/\/www.notibras.com\/site\/wp-json\/wp\/v2\/media?parent=337260"}],"wp:term":[{"taxonomy":"category","embeddable":true,"href":"https:\/\/www.notibras.com\/site\/wp-json\/wp\/v2\/categories?post=337260"},{"taxonomy":"post_tag","embeddable":true,"href":"https:\/\/www.notibras.com\/site\/wp-json\/wp\/v2\/tags?post=337260"}],"curies":[{"name":"wp","href":"https:\/\/api.w.org\/{rel}","templated":true}]}}