{"id":337271,"date":"2024-09-26T00:10:57","date_gmt":"2024-09-26T03:10:57","guid":{"rendered":"https:\/\/www.notibras.com\/site\/?p=337271"},"modified":"2024-09-26T01:52:14","modified_gmt":"2024-09-26T04:52:14","slug":"brasilia-volta-a-sediar-a-maior-feira-de-turismo-da-america-latina","status":"publish","type":"post","link":"https:\/\/www.notibras.com\/site\/brasilia-volta-a-sediar-a-maior-feira-de-turismo-da-america-latina\/","title":{"rendered":"Bras\u00edlia volta a sediar a maior feira de turismo da Am\u00e9rica Latina"},"content":{"rendered":"<p>Pela primeira vez ap\u00f3s mais de 20 anos, a capital federal ser\u00e1 sede da maior feira tur\u00edstica da Am\u00e9rica Latina, a Abav Expo. Promovida pela Associa\u00e7\u00e3o Brasileira de Ag\u00eancias de Viagens (Abav Nacional), a 51\u00aa edi\u00e7\u00e3o do evento ser\u00e1 entre os dias 26 e 28 de setembro no Centro Internacional de Conven\u00e7\u00f5es de Bras\u00edlia (CICB), com o apoio do Governo do Distrito Federal (GDF).<\/p>\n<p>A abertura do evento ocorreu no Centro de Conven\u00e7\u00f5es Ulysses Guimar\u00e3es com a presen\u00e7a de autoridades, entre elas, o governador do Distrito Federal, Ibaneis Rocha. Na cerim\u00f4nia, uma ode \u00e0 capital federal por meio da execu\u00e7\u00e3o instrumental do grupo Candle Light de m\u00fasicas de artistas que levaram o nome de Bras\u00edlia para o mundo, como Legi\u00e3o Urbana, Capital Inicial, Z\u00e9lia Duncan e C\u00e1ssia Eller.<\/p>\n<p>Durante a solenidade, o chefe do Executivo local comemorou o retorno da feira, que espera atrair 30 mil pessoas e movimentar cerca de R$ 30 milh\u00f5es na economia brasiliense. Ele tamb\u00e9m destacou o potencial tur\u00edstico da cidade. \u201cFoi um investimento muito grande que n\u00f3s fizemos aqui do Distrito Federal para trazer essa feira. Ela inicialmente estava programada para ser no Rio de Janeiro, e n\u00f3s mostramos, atrav\u00e9s da Secretaria de Turismo, toda a capacidade do Distrito Federal na quest\u00e3o do turismo\u201d, afirmou.<\/p>\n<p>Ibaneis Rocha lembrou o investimento que o GDF tem feito para movimentar e estimular o crescimento do setor. \u201cTemos trabalhado muito desde o in\u00edcio do governo em 2019 para melhorar a quest\u00e3o do turismo. Com isso, conseguimos aumentar em 30% o n\u00famero de turistas na nossa cidade\u201d, destacou.<\/p>\n<p>O governador citou a redu\u00e7\u00e3o do imposto sobre o combust\u00edvel das aeronaves de 12% para 7% no ICMS como um ponto importante para a retomada dos voos internacionais na capital \u2013 que conta com nove diretos \u2013, bem como o stopover de tr\u00eas dias sem qualquer altera\u00e7\u00e3o de custos aos passageiros. \u201cIsso \u00e9 um conjunto de coisas que n\u00f3s estamos fazendo, com grandes shows internacionais e nacionais e com o futebol retomando. Esse final de semana temos dois jogos do Campeonato Brasileiro, e agora em outubro, dia 15, temos um jogo da Sele\u00e7\u00e3o Brasileira. Estamos firmes no trabalho\u201d, disse.<\/p>\n<p>S\u00f3 no ano passado, 14.860.880 passageiros circularam pelo aeroporto de Bras\u00edlia, que possui o maior fluxo internacional fora do eixo Rio-S\u00e3o Paulo. Al\u00e9m disso, o DF \u00e9 considerado o terceiro polo gastron\u00f4mico do pa\u00eds, est\u00e1 entre as cinco cidades brasileiras com maior visita\u00e7\u00e3o n\u00e1utica e conta com um grande parque hoteleiro, com mais de 400 hot\u00e9is, segundo o Sindicato de Hot\u00e9is, Restaurantes, Bares e Similares de Bras\u00edlia (Sindhobar).<\/p>\n<p>\u201cAcho que \u00e9 o momento de mostrarmos nossa gastronomia, nosso lago, nossos produtos e nossas riquezas. Bras\u00edlia \u00e9 um monumento a c\u00e9u aberto e merece se mostrar para o mundo com o que a gente tem de melhor para oferecer\u201d, destacou o secret\u00e1rio de Turismo, Cristiano Ara\u00fajo.<\/p>\n<p>A presidente nacional da Abav, Ana Carolina Medeiros, lembrou que ap\u00f3s anos em S\u00e3o Paulo e no Rio de Janeiro, a feira voltou a ser itinerante, com o objetivo de desenvolver o turismo em outras localidades do pa\u00eds. Bras\u00edlia foi escolhida como a primeira cidade fora desse eixo a receber uma edi\u00e7\u00e3o do evento no per\u00edodo p\u00f3s-pandemia por muitos motivos, entre eles a localiza\u00e7\u00e3o geogr\u00e1fica e o crescimento dos investimentos no segmento.<\/p>\n<p>\u201cTrazemos essa feira para que as pessoas tenham a oportunidade de ver o quanto o turismo \u00e9 importante para a economia brasileira. Essa feira acontecendo aqui traz pessoas que est\u00e3o hospedadas, se alimentando, utilizando o transporte\u2026 Isso traz um recurso financeiro muito grande para Bras\u00edlia\u201d, apontou Ana Carolina. \u201cNos pr\u00f3ximos dois anos, esse legado fica, porque Bras\u00edlia vai ficar na cabe\u00e7a de todo mundo. As pessoas v\u00e3o ver que n\u00e3o \u00e9 s\u00f3 um centro pol\u00edtico, mas uma cidade bacana, com uma gastronomia maravilhosa e com v\u00e1rias coisas para visitar\u201d, acrescentou.<\/p>\n<p><strong>Programa\u00e7\u00e3o<\/strong><br \/>\nDurante tr\u00eas dias cerca de 1,5 mil marcas do setor, incluindo representantes de hotelaria, gastronomia, transporte, turismo e artesanato, estar\u00e3o espalhadas em 198 estandes em uma \u00e1rea total de 30 mil metros quadrados. As empresas apresentar\u00e3o lan\u00e7amentos e tend\u00eancias do setor, para gerar oportunidades de neg\u00f3cio e fortalecer marcas de destinos tur\u00edsticos. Participar\u00e3o players de 22 pa\u00edses, 26 estados brasileiros e 15 munic\u00edpios.<\/p>\n<p>A programa\u00e7\u00e3o conta com 60 palestras, pain\u00e9is e capacita\u00e7\u00f5es, divididos em quatro arenas tem\u00e1ticas: Inovabilidade; Estrat\u00e9gias; Especializa\u00e7\u00e3o; e Viv\u00eancias e Lazer. Entre os debates temas como Afro Turismo e Povos Origin\u00e1rios; Turismo 60+; Turismo Inclusivo e Diversidade; e Direito do Consumidor.<\/p>\n<p>Gustavo Costa, 35 anos, \u00e9 influenciador digital do segmento de viagens. Brasiliense, ele participa pela primeira vez da Abav Expo e se mostrou bastante empolgado com as oportunidades que o evento oferece para capacita\u00e7\u00e3o no setor.<\/p>\n<p>\u201c\u00c9 sempre importante estarmos no meio das ag\u00eancias de turismo para entendermos a evolu\u00e7\u00e3o, toda essa quest\u00e3o de encontrarmos as melhores passagens e montarmos os melhores roteiros. Estamos sempre acostumados a viajar, principalmente para S\u00e3o Paulo, ent\u00e3o com certeza \u00e9 muito legal ter um evento desse em Bras\u00edlia\u201d, destacou.<\/p>\n<p>A propriet\u00e1ria de uma ag\u00eancia de viagens carioca, Elvira Menezes, 66 anos, veio a Bras\u00edlia para aproveitar a feira. \u201cEnxergo a Abav Expo como um grande centro de neg\u00f3cios, tanto que eu vim do Rio de Janeiro s\u00f3 para participar\u201d, comentou.<\/p>\n<p>Para ela, a edi\u00e7\u00e3o brasiliense servir\u00e1 para atrair mais turistas a Bras\u00edlia e seus arredores, assim como foi com ela. \u201cResolvi chegar um dia antes para fazer turismo na capital. Eu vim pela arquitetura\u201d, comentou. \u201cVejo Bras\u00edlia como um grande complexo. Voc\u00ea pode vir para c\u00e1 e depois seguir para Piren\u00f3polis e Chapada dos Veadeiros. Acho que \u00e9 um lugar muito interessante\u201d, completou.<\/p>\n<p>Apesar de a feira ser voltada para o setor de neg\u00f3cios tur\u00edsticos, em Bras\u00edlia ela ter\u00e1 um dia aberto ao p\u00fablico geral. A data reservada \u00e9 o \u00faltimo dia, 28 de setembro, quando o evento ter\u00e1 ingressos dispon\u00edveis ao pre\u00e7o popular de R$ 20.<\/p>\n<p><strong>Abav Nacional<\/strong><br \/>\nFundada em 1953, a Abav Nacional \u00e9 a principal entidade de agenciamento de turismo no Brasil. Com presen\u00e7a em todos os 26 estados e no Distrito Federal, a associa\u00e7\u00e3o conta com mais de duas mil empresas associadas, incluindo ag\u00eancias de viagens e operadoras. Juntas, essas empresas respondem por cerca de 80% da movimenta\u00e7\u00e3o de vendas e distribui\u00e7\u00e3o de produtos e servi\u00e7os tur\u00edsticos no pa\u00eds, gerando um faturamento de R$ 34,4 bilh\u00f5es em 2023.<\/p>\n","protected":false},"excerpt":{"rendered":"<p>Pela primeira vez ap\u00f3s mais de 20 anos, a capital federal ser\u00e1 sede da maior feira tur\u00edstica da Am\u00e9rica Latina, a Abav Expo. Promovida pela Associa\u00e7\u00e3o Brasileira de Ag\u00eancias de Viagens (Abav Nacional), a 51\u00aa edi\u00e7\u00e3o do evento ser\u00e1 entre os dias 26 e 28 de setembro no Centro Internacional de Conven\u00e7\u00f5es de Bras\u00edlia (CICB), [&hellip;]<\/p>\n","protected":false},"author":2,"featured_media":337272,"comment_status":"closed","ping_status":"closed","sticky":false,"template":"","format":"standard","meta":{"_acf_changed":false,"footnotes":""},"categories":[161],"tags":[],"class_list":["post-337271","post","type-post","status-publish","format-standard","has-post-thumbnail","hentry","category-quadradinho-em-foco"],"acf":[],"_links":{"self":[{"href":"https:\/\/www.notibras.com\/site\/wp-json\/wp\/v2\/posts\/337271","targetHints":{"allow":["GET"]}}],"collection":[{"href":"https:\/\/www.notibras.com\/site\/wp-json\/wp\/v2\/posts"}],"about":[{"href":"https:\/\/www.notibras.com\/site\/wp-json\/wp\/v2\/types\/post"}],"author":[{"embeddable":true,"href":"https:\/\/www.notibras.com\/site\/wp-json\/wp\/v2\/users\/2"}],"replies":[{"embeddable":true,"href":"https:\/\/www.notibras.com\/site\/wp-json\/wp\/v2\/comments?post=337271"}],"version-history":[{"count":1,"href":"https:\/\/www.notibras.com\/site\/wp-json\/wp\/v2\/posts\/337271\/revisions"}],"predecessor-version":[{"id":337273,"href":"https:\/\/www.notibras.com\/site\/wp-json\/wp\/v2\/posts\/337271\/revisions\/337273"}],"wp:featuredmedia":[{"embeddable":true,"href":"https:\/\/www.notibras.com\/site\/wp-json\/wp\/v2\/media\/337272"}],"wp:attachment":[{"href":"https:\/\/www.notibras.com\/site\/wp-json\/wp\/v2\/media?parent=337271"}],"wp:term":[{"taxonomy":"category","embeddable":true,"href":"https:\/\/www.notibras.com\/site\/wp-json\/wp\/v2\/categories?post=337271"},{"taxonomy":"post_tag","embeddable":true,"href":"https:\/\/www.notibras.com\/site\/wp-json\/wp\/v2\/tags?post=337271"}],"curies":[{"name":"wp","href":"https:\/\/api.w.org\/{rel}","templated":true}]}}